{"id":34883,"date":"2019-11-21T21:39:24","date_gmt":"2019-11-22T02:39:24","guid":{"rendered":"http:\/\/contraluzcucuta.co\/?p=34883"},"modified":"2019-11-21T21:39:24","modified_gmt":"2019-11-22T02:39:24","slug":"crisis-en-la-frontera-embajadores-ante-la-onu-visitaron-zona-limitrofe","status":"publish","type":"post","link":"https:\/\/contraluzcucuta.co\/?p=34883","title":{"rendered":"CRISIS EN LA FRONTERA. Embajadores ante la ONU visitaron zona lim\u00edtrofe"},"content":{"rendered":"<p style=\"padding-left: 40px; text-align: right;\"><span style=\"color: #ff9900;\"><strong>C\u00daCUTA.-<\/strong> Los embajadores de Colombia y de Estados Unidos ante la Organizaci\u00f3n de las Naciones Unidas (ONU), Guillermo Fern\u00e1ndez de Soto y Kelly Craft, visitaron la zona fronteriza con Venezuela. Los diplom\u00e1ticos conocieron de primera mano la situaci\u00f3n migratoria y humanitaria, y las acciones del Gobierno para atender a los migrantes y sus familias.<\/span><\/p>\n<p>Fern\u00e1ndez de Soto y Craft estuvieron en el Centro Transitorio de Atenci\u00f3n a Migrantes, medida del Gobierno para atender venezolanos que han llegado a Norte de Santander.<\/p>\n<p>Llegaron al puente Sim\u00f3n Bol\u00edvar, en l\u00edmites con el estado venezolano T\u00e1chira, principal frontera de ingreso a Colombia, para conocer los mecanismos de control migratorio, aduanero y sanitario.<\/p>\n<p>Visitaron el megacolegio La Frontera, en C\u00facuta, y conversaron con los estudiantes del plantel. Luego, conocieron el Comedor Divina Providencia, iniciativa de la Di\u00f3cesis de C\u00facuta, que brinda atenci\u00f3n humanitaria a 4500 migrantes venezolanos cada d\u00eda.<\/p>\n<p>Durante la visita a Colombia, la Embajadora Craft se reuni\u00f3 con el presidente Iv\u00e1n Duque y con la Viceministra y Canciller encargada, Adriana Mej\u00eda para hablar sobre los avances en materia de implementaci\u00f3n de la pol\u00edtica de Paz con Legalidad y la crisis migratoria.<\/p>\n","protected":false},"excerpt":{"rendered":"<p>C\u00daCUTA.- Los embajadores de Colombia y de Estados Unidos ante la Organizaci\u00f3n de las Naciones Unidas (ONU), Guillermo Fern\u00e1ndez de Soto y Kelly Craft, visitaron la zona fronteriza con Venezuela. Los diplom\u00e1ticos conocieron de primera mano la situaci\u00f3n migratoria y humanitaria, y las acciones del Gobierno para atender a los migrantes y sus familias. Fern\u00e1ndez &hellip;<\/p>\n","protected":false},"author":1,"featured_media":34884,"comment_status":"open","ping_status":"open","sticky":false,"template":"","format":"standard","meta":{"footnotes":""},"categories":[4,36],"tags":[3962,4713],"class_list":["post-34883","post","type-post","status-publish","format-standard","has-post-thumbnail","hentry","category-barra","category-la-voz-del-pueblo","tag-casa-de-paso-la-divina-providencia","tag-embajadores-ante-la-onu"],"_links":{"self":[{"href":"https:\/\/contraluzcucuta.co\/index.php?rest_route=\/wp\/v2\/posts\/34883","targetHints":{"allow":["GET"]}}],"collection":[{"href":"https:\/\/contraluzcucuta.co\/index.php?rest_route=\/wp\/v2\/posts"}],"about":[{"href":"https:\/\/contraluzcucuta.co\/index.php?rest_route=\/wp\/v2\/types\/post"}],"author":[{"embeddable":true,"href":"https:\/\/contraluzcucuta.co\/index.php?rest_route=\/wp\/v2\/users\/1"}],"replies":[{"embeddable":true,"href":"https:\/\/contraluzcucuta.co\/index.php?rest_route=%2Fwp%2Fv2%2Fcomments&post=34883"}],"version-history":[{"count":1,"href":"https:\/\/contraluzcucuta.co\/index.php?rest_route=\/wp\/v2\/posts\/34883\/revisions"}],"predecessor-version":[{"id":34885,"href":"https:\/\/contraluzcucuta.co\/index.php?rest_route=\/wp\/v2\/posts\/34883\/revisions\/34885"}],"wp:featuredmedia":[{"embeddable":true,"href":"https:\/\/contraluzcucuta.co\/index.php?rest_route=\/wp\/v2\/media\/34884"}],"wp:attachment":[{"href":"https:\/\/contraluzcucuta.co\/index.php?rest_route=%2Fwp%2Fv2%2Fmedia&parent=34883"}],"wp:term":[{"taxonomy":"category","embeddable":true,"href":"https:\/\/contraluzcucuta.co\/index.php?rest_route=%2Fwp%2Fv2%2Fcategories&post=34883"},{"taxonomy":"post_tag","embeddable":true,"href":"https:\/\/contraluzcucuta.co\/index.php?rest_route=%2Fwp%2Fv2%2Ftags&post=34883"}],"curies":[{"name":"wp","href":"https:\/\/api.w.org\/{rel}","templated":true}]}}