{"id":34880,"date":"2019-11-21T21:11:30","date_gmt":"2019-11-22T02:11:30","guid":{"rendered":"http:\/\/contraluzcucuta.co\/?p=34880"},"modified":"2019-11-21T21:11:30","modified_gmt":"2019-11-22T02:11:30","slug":"catatumbo-sostenible-empresarios-se-comprometen-con-programas-de-desarrollo-con-enfoque-territorial","status":"publish","type":"post","link":"https:\/\/contraluzcucuta.co\/?p=34880","title":{"rendered":"CATATUMBO SOSTENIBLE. Empresarios se comprometen con Programas de Desarrollo con Enfoque Territorial"},"content":{"rendered":"<p style=\"padding-left: 40px; text-align: right;\"><span style=\"color: #ff6600;\"><strong>C\u00daCUTA.-<\/strong> Tras \u201cuna muy buena jornada\u201d con empresarios de Norte de Santander y con directivos de la Asociaci\u00f3n Nacional de Empresarios de Colombia (Andi), el consejero presidencial para la Estabilizaci\u00f3n y la Consolidaci\u00f3n, Emilio Archila, destac\u00f3 el \u201cinter\u00e9s\u201d del gremio para apoyar la estrategia de inversi\u00f3n Catatumbo Sostenible y los Programas de Desarrollo con Enfoque Territorial (PDET) en esa subregi\u00f3n del pa\u00eds.<\/span><\/p>\n<p>En el di\u00e1logo participaron 30 empresarios agremiados en la Andi. El Consejero resalt\u00f3 que \u201chan manifestado inter\u00e9s en Catatumbo Sostenible, estrategia de los Programas de Desarrollo con Enfoque Territorial (PDET) de esta zona del pa\u00eds\u201d.<\/p>\n<p>El compromiso se reflejar\u00e1 en un trabajo por el pilar de \u201creactivaci\u00f3n econ\u00f3mica y en c\u00f3mo sacar adelante esta regi\u00f3n\u201d. Tanto los empresarios como \u201cel Alcalde de C\u00facuta (C\u00e9sar Rojas) han comprendido que el bienestar est\u00e1 \u00edntimamente ligado a que logremos cumplirles a las comunidades\u201d.<\/p>\n<p>Los empresarios manifestaron el compromiso con la pol\u00edtica de Paz con Legalidad y, en particular, al proceso que adelanta el Gobierno con los excombatientes en etapa de reincorporaci\u00f3n.<\/p>\n<p><strong>Se cumplen las metas trazadas<\/strong><\/p>\n<p>El encuentro con los empresarios de Norte de Santander se cumpli\u00f3 un d\u00eda despu\u00e9s de la d\u00e9cima jornada de articulaci\u00f3n y seguimiento a la agenda Catatumbo Sostenible, que se cumpli\u00f3 en El Tarra. En la reuni\u00f3n se evidenci\u00f3 que las metas trazadas por el gobierno del presidente Iv\u00e1n Duque est\u00e1n super\u00e1ndose.<\/p>\n<p>Hace un a\u00f1o, los alcaldes de los ocho municipios de El Catatumbo entregaron al Presidente Iv\u00e1n Duque la lista de incumplimientos y metas. \u201cEl martes les entregamos el balance de realidades\u201d, dijo Archila y destac\u00f3:<\/p>\n<p>1.- Duplicar la inversi\u00f3n en los municipios PDET para v\u00edas terciarias<\/p>\n<p>2.- Garantizar el suministro de energ\u00eda el\u00e9ctrica a m\u00e1s familias de las veredas<\/p>\n<p>3.- Atenci\u00f3n del Estado para implementar programas de salud, educaci\u00f3n, entre muchos otros.<\/p>\n<p>Archila enfatiz\u00f3 que \u201cen todos los campos hemos superado lo que fueron las promesas\u201d. En vez de $ 20.000 millones se tienen $ 40.000 millones en v\u00edas terciarias. En lugar de 19 acueductos, viabilizan 21. En electrificaci\u00f3n se super\u00f3 la meta comprometida.<\/p>\n","protected":false},"excerpt":{"rendered":"<p>C\u00daCUTA.- Tras \u201cuna muy buena jornada\u201d con empresarios de Norte de Santander y con directivos de la Asociaci\u00f3n Nacional de Empresarios de Colombia (Andi), el consejero presidencial para la Estabilizaci\u00f3n y la Consolidaci\u00f3n, Emilio Archila, destac\u00f3 el \u201cinter\u00e9s\u201d del gremio para apoyar la estrategia de inversi\u00f3n Catatumbo Sostenible y los Programas de Desarrollo con Enfoque &hellip;<\/p>\n","protected":false},"author":1,"featured_media":34881,"comment_status":"open","ping_status":"open","sticky":false,"template":"","format":"standard","meta":{"footnotes":""},"categories":[4,6],"tags":[3145,246,4604],"class_list":["post-34880","post","type-post","status-publish","format-standard","has-post-thumbnail","hentry","category-barra","category-ojo-avizor","tag-andi","tag-el-catatumbo","tag-pdet"],"_links":{"self":[{"href":"https:\/\/contraluzcucuta.co\/index.php?rest_route=\/wp\/v2\/posts\/34880","targetHints":{"allow":["GET"]}}],"collection":[{"href":"https:\/\/contraluzcucuta.co\/index.php?rest_route=\/wp\/v2\/posts"}],"about":[{"href":"https:\/\/contraluzcucuta.co\/index.php?rest_route=\/wp\/v2\/types\/post"}],"author":[{"embeddable":true,"href":"https:\/\/contraluzcucuta.co\/index.php?rest_route=\/wp\/v2\/users\/1"}],"replies":[{"embeddable":true,"href":"https:\/\/contraluzcucuta.co\/index.php?rest_route=%2Fwp%2Fv2%2Fcomments&post=34880"}],"version-history":[{"count":1,"href":"https:\/\/contraluzcucuta.co\/index.php?rest_route=\/wp\/v2\/posts\/34880\/revisions"}],"predecessor-version":[{"id":34882,"href":"https:\/\/contraluzcucuta.co\/index.php?rest_route=\/wp\/v2\/posts\/34880\/revisions\/34882"}],"wp:featuredmedia":[{"embeddable":true,"href":"https:\/\/contraluzcucuta.co\/index.php?rest_route=\/wp\/v2\/media\/34881"}],"wp:attachment":[{"href":"https:\/\/contraluzcucuta.co\/index.php?rest_route=%2Fwp%2Fv2%2Fmedia&parent=34880"}],"wp:term":[{"taxonomy":"category","embeddable":true,"href":"https:\/\/contraluzcucuta.co\/index.php?rest_route=%2Fwp%2Fv2%2Fcategories&post=34880"},{"taxonomy":"post_tag","embeddable":true,"href":"https:\/\/contraluzcucuta.co\/index.php?rest_route=%2Fwp%2Fv2%2Ftags&post=34880"}],"curies":[{"name":"wp","href":"https:\/\/api.w.org\/{rel}","templated":true}]}}