{"id":34871,"date":"2019-11-20T22:00:33","date_gmt":"2019-11-21T03:00:33","guid":{"rendered":"http:\/\/contraluzcucuta.co\/?p=34871"},"modified":"2019-11-20T22:00:33","modified_gmt":"2019-11-21T03:00:33","slug":"via-bucaramanga-pamplona-las-obras-avanzan-de-acuerdo-con-el-cronograma-definido","status":"publish","type":"post","link":"https:\/\/contraluzcucuta.co\/?p=34871","title":{"rendered":"V\u00cdA BUCARAMANGA \u2013 PAMPLONA. Las obras avanzan de acuerdo con el cronograma definido"},"content":{"rendered":"<p style=\"padding-left: 40px; text-align: right;\"><span style=\"color: #ff6600;\"><strong>BUCARAMANGA.-<\/strong> La Agencia Nacional de Infraestructura (ANI) firm\u00f3, en agosto, el acta de inicio del corredor vial Bucaramanga \u2013 Pamplona. El acto administrativo permiti\u00f3 el inicio de las obras de los 133,4 kil\u00f3metros, que unir\u00e1n a la capital santandereana con Pamplona (Norte de Santander).<\/span><\/p>\n<p>Cuando la obra est\u00e9 finalizada disminuir\u00e1n los problemas de movilidad, principalmente, en la zona metropolitana de Bucaramanga. Los usuarios que viajan desde el centro del pa\u00eds a C\u00facuta ahorrar\u00e1n 45 minutos de viaje. Incluso, se reducir\u00e1n los costos en combustible y gastos durante el desplazamiento.<\/p>\n<p>\u201cEstamos mejorando la conectividad de Santander. Queremos que este departamento siga fortaleci\u00e9ndose en el crecimiento econ\u00f3mico, social, tur\u00edstico y, sobre todo, que sea uno de los primeros en concretar el multimodalismo, como ejemplo de integraci\u00f3n en todas las formas de transporte\u201d, afirm\u00f3 el presidente de la ANI, Manuel Felipe Guti\u00e9rrez.<\/p>\n<p>Se han ejecutado m\u00e1s de 56 obras adicionales, que han permitido canalizar el agua en \u00e9pocas de intensas lluvias, lo que traduce mejor movilidad para los viajeros y prevenci\u00f3n de deslizamientos.<\/p>\n<p>\u201cBucaramanga \u2013 Pamplona es un proyecto que nos ped\u00edan los santandereanos. Pronto podr\u00e1n disfrutar de los beneficios que trae esta v\u00eda de cuarta generaci\u00f3n\u201d, agreg\u00f3 Guti\u00e9rrez.<\/p>\n<p>Las obras adicionales en el corredor vial consisten en:<\/p>\n<p>1.- Estabilizaci\u00f3n de taludes en sitios inestables para controlar la erosi\u00f3n entre Bucaramanga y Cuestaboba.<\/p>\n<p>2.- Entre Cuestaboba y Pamplona se construyeron estructuras de contenci\u00f3n para prevenir p\u00e9rdidas de la banca.<\/p>\n<p>El proyecto Bucaramanga \u2013 Pamplona ha generado hasta el momento 576 empleos directos y 285 indirectos. Se espera que con el inicio de las obras aumente la ocupaci\u00f3n en la regi\u00f3n.<\/p>\n<p>El corredor tiene tr\u00e1fico promedio diario (TDP) de 2400 veh\u00edculos. Se proyecta que la ejecuci\u00f3n de la obra, la cual tiene una inversi\u00f3n de $ 1,7 billones, dure 34 meses.<\/p>\n","protected":false},"excerpt":{"rendered":"<p>BUCARAMANGA.- La Agencia Nacional de Infraestructura (ANI) firm\u00f3, en agosto, el acta de inicio del corredor vial Bucaramanga \u2013 Pamplona. El acto administrativo permiti\u00f3 el inicio de las obras de los 133,4 kil\u00f3metros, que unir\u00e1n a la capital santandereana con Pamplona (Norte de Santander). Cuando la obra est\u00e9 finalizada disminuir\u00e1n los problemas de movilidad, principalmente, &hellip;<\/p>\n","protected":false},"author":1,"featured_media":34872,"comment_status":"open","ping_status":"open","sticky":false,"template":"","format":"standard","meta":{"footnotes":""},"categories":[4,32],"tags":[487],"class_list":["post-34871","post","type-post","status-publish","format-standard","has-post-thumbnail","hentry","category-barra","category-recorrido-por-la-region","tag-ani"],"_links":{"self":[{"href":"https:\/\/contraluzcucuta.co\/index.php?rest_route=\/wp\/v2\/posts\/34871","targetHints":{"allow":["GET"]}}],"collection":[{"href":"https:\/\/contraluzcucuta.co\/index.php?rest_route=\/wp\/v2\/posts"}],"about":[{"href":"https:\/\/contraluzcucuta.co\/index.php?rest_route=\/wp\/v2\/types\/post"}],"author":[{"embeddable":true,"href":"https:\/\/contraluzcucuta.co\/index.php?rest_route=\/wp\/v2\/users\/1"}],"replies":[{"embeddable":true,"href":"https:\/\/contraluzcucuta.co\/index.php?rest_route=%2Fwp%2Fv2%2Fcomments&post=34871"}],"version-history":[{"count":1,"href":"https:\/\/contraluzcucuta.co\/index.php?rest_route=\/wp\/v2\/posts\/34871\/revisions"}],"predecessor-version":[{"id":34873,"href":"https:\/\/contraluzcucuta.co\/index.php?rest_route=\/wp\/v2\/posts\/34871\/revisions\/34873"}],"wp:featuredmedia":[{"embeddable":true,"href":"https:\/\/contraluzcucuta.co\/index.php?rest_route=\/wp\/v2\/media\/34872"}],"wp:attachment":[{"href":"https:\/\/contraluzcucuta.co\/index.php?rest_route=%2Fwp%2Fv2%2Fmedia&parent=34871"}],"wp:term":[{"taxonomy":"category","embeddable":true,"href":"https:\/\/contraluzcucuta.co\/index.php?rest_route=%2Fwp%2Fv2%2Fcategories&post=34871"},{"taxonomy":"post_tag","embeddable":true,"href":"https:\/\/contraluzcucuta.co\/index.php?rest_route=%2Fwp%2Fv2%2Ftags&post=34871"}],"curies":[{"name":"wp","href":"https:\/\/api.w.org\/{rel}","templated":true}]}}