{"id":34849,"date":"2019-11-16T14:58:58","date_gmt":"2019-11-16T19:58:58","guid":{"rendered":"http:\/\/contraluzcucuta.co\/?p=34849"},"modified":"2019-11-16T15:00:44","modified_gmt":"2019-11-16T20:00:44","slug":"capitulo-i-una-fe-evidente-persistente-e-inquebrantable","status":"publish","type":"post","link":"https:\/\/contraluzcucuta.co\/?p=34849","title":{"rendered":"CAP\u00cdTULO I. Una fe evidente, persistente e inquebrantable"},"content":{"rendered":"<p style=\"text-align: right;\"><span style=\"color: #ff6600;\"><strong>C\u00daCUTA.-<\/strong> El caso de Marian Camila Tolosa Ortiz\u00a0 lo conoc\u00ed por una amiga y colega que ejerce en grupo de comunicaciones \u2018Frecuencia F\u2019, de C\u00facuta. Al llegar a casa abr\u00ed el Facebook y encontr\u00e9 una publicaci\u00f3n referente a una historia de superaci\u00f3n personal. Una adolescente de 16 a\u00f1os, en plena flor de la juventud, sobrellevaba un tipo de c\u00e1ncer. En una fotograf\u00eda publicada en la p\u00e1gina oficial sal\u00eda el equipo de periodistas, acompa\u00f1ado por una hermosa joven de cabello corto, mirada trascendente, sonrisa cautivadora y vigorosidad incre\u00edble.<\/span><\/p>\n<p>La imagen me caus\u00f3 sorpresa y de inmediato escrib\u00ed a mi amiga Sam. Pregunt\u00e9 por Marian Camila y c\u00f3mo hac\u00eda para entrevistarla. Al cabo de unos minutos, Samantha me conect\u00f3 con Sandra, mam\u00e1 de la joven, qui\u00e9n se mostr\u00f3 interesada por participar en el proyecto. El 14 de septiembre, en su casa, ser\u00eda el encuentro. Pasaron semanas y lleg\u00f3 el d\u00eda esperado.<\/p>\n<p>En la direcci\u00f3n acordada hab\u00eda casa grande, de dos niveles, con port\u00f3n enorme. Un hombre me recibi\u00f3 y me hizo seguir. Sub\u00ed las escaleras para estar en el \u00e1rea de residencia de los Tolosa Ortiz. Camilo, el padre, me esperaba con la puerta abierta; Sandra, la madre, me dio la bienvenida al hogar y me pidi\u00f3 que tuviera paciencia, porque Marian no hab\u00eda terminado de arreglarse.<\/p>\n<p>Pasaron cinco minutos y apareci\u00f3 la joven desde una de las habitaciones. Era tal cual como aparec\u00eda en la foto, delgada, delicada piel, nariz perfilada, ojos expresivos, sonrisa c\u00e1lida, noble y t\u00edmida. Expliqu\u00e9 el prop\u00f3sito del proyecto y c\u00f3mo estaba planteado para desarrollarse. Sin objeci\u00f3n, madre e hija se miraron y comenzaron a contar la historia.<\/p>\n<p>Marian Camila naci\u00f3 el 22 de junio del 2002, hija de Camilo Tolosa y Sandra Ortiz, es la mayor de dos hermanas. La obediencia fue una de sus principales virtudes y su mayor defecto, pues se dejaba influenciar con facilidad, porque nunca le gust\u00f3 contradecir a nadie. Cre\u00eda que decir s\u00ed, cuando en el interior deseaba decir no, le traer\u00eda menos problemas, y as\u00ed manten\u00eda un ambiente arm\u00f3nico con los que la rodeaban, a\u00fan con el sacrificio de sus deseos. Esta cualidad le provoc\u00f3 problemas emocionales y de inseguridad al momento de relacionarse con nuevos amigos.<\/p>\n<p>La historia de resiliencia de Marian Camila comenz\u00f3 en abril del 2018. Ten\u00eda 15 a\u00f1os cuando su cuerpo dio las primeras alertas de que algo no funcionaba. La hemoglobina hab\u00eda bajado a 11, se cansaba con frecuencia y se fatigaba con tareas y actividades que a esa edad era normal sobrellevar. El dolor fuerte en la espalda pas\u00f3 al pecho, abdomen, caderas y finalizaba con calambres en las piernas. Estas se\u00f1ales de alarma parec\u00edan normales, quiz\u00e1s, podr\u00edan ser parte del desarrollo hormonal y cambios que frecuentes al finalizar la pubertad.<\/p>\n<p>En agosto, Marian se retir\u00f3 los <em>brackets<\/em> y le sacaron las cordales. Las intervenciones odontol\u00f3gicas generaron fiebre intermitente, los ganglios se inflaron y un extra\u00f1o brote apareci\u00f3 en la cara, los hombros, el pecho, la espalda, el abdomen, la cadera y las piernas. Estos s\u00edntomas se hicieron m\u00e1s evidentes con el trascurrir de los d\u00edas. Nuevos ganglios empezaron a inflamarse y elevaron la fiebre a 39 y 40 grados. Sandra, alarmada por las dolencias, llev\u00f3 a la hija al m\u00e9dico y le dijeron que se trataba de una virosis.<\/p>\n<p>Quince d\u00edas despu\u00e9s, el \u00fanico tratamiento que aliviaba a Marian, era el acetaminof\u00e9n, cada 8 horas. Se manten\u00eda de pie para las ocupaciones acad\u00e9micas en el colegio. Cursaba d\u00e9cimo grado. El tiempo pas\u00f3, hasta que una ma\u00f1ana Sandra recibi\u00f3 una llamada desde el plantel educativo. Las piernas de Marian no respond\u00edan, el dolor era intenso, tanto, que no fue capaz de levantarse de la silla para regresar a casa. Desde aquel d\u00eda, la inasistencia a clases se vio marcada por el malestar que tomaba fuerza. En casa se le dificultaba caminar.<\/p>\n<p>La madre comenz\u00f3 todos los tr\u00e1mites en la EPS Coomeva, que afronta una crisis financiera que afecta a los usuarios con el mal servicio y la falta de convenios para atenci\u00f3n a los pacientes.<\/p>\n<p>De los momentos angustiantes que recuerdan destacan los escalofr\u00edos provocados por altas temperaturas. Las sacudidas se prolongaban hasta por media hora y aumentaban los dolores en m\u00fasculos, huesos y articulaciones.<\/p>\n<p>En septiembre, los primeros resultados de los ex\u00e1menes dec\u00edan que Marian Camila ten\u00eda una enfermedad Still, que da a los menores de edad y provoca los s\u00edntomas que presentaba. En el diagn\u00f3stico quedaba una duda \u00bfpor qu\u00e9 la inflamaci\u00f3n de los ganglios? El internista aconsej\u00f3 a la familia Tolosa Ortiz llevar a la hija al Hospital Universitario Erasmo Meoz para que recibiera la atenci\u00f3n que requer\u00eda.<\/p>\n<p>El 17 de octubre, la idea retumbaba en la cabeza de la madre de Marian. Un presentimiento le hablaba al o\u00eddo y la llev\u00f3 a tomar la decisi\u00f3n de pedir ayuda en el centro asistencia local. Ese d\u00eda, mientras almorzaba, oraba y ped\u00eda a Dios orientaci\u00f3n. Le pidi\u00f3 al hermano que la acompa\u00f1ar\u00e1 para llevar a la ni\u00f1a al hospital.<\/p>\n<p>Recuerda cada momento, cada instante vivido en el HUEM como si hubiera ocurrido el d\u00eda anterior. Se engrifa al retrotraerse a cada situaci\u00f3n vivida esa tarde. El tumulto de gente que estaba en la entrada parec\u00eda ser el primer gigante que deb\u00eda derrotar. Hablar con el vigilante era una misi\u00f3n imposible y no sabe c\u00f3mo se abri\u00f3 paso entre la multitud a la que le negaban el ingreso.<\/p>\n<p>Ten\u00eda la fe puesta en Dios y tras cada zancada que daba el gent\u00edo la dejaba avanzar. Mantuvo serenidad y le pidi\u00f3 al guardia que la dejara pasar, que llevaba a la hija enferma. La barrera se abri\u00f3 ante sus ojos para dejar atr\u00e1s a quienes llevaban horas a la espera de la orden de ingreso.<\/p>\n<p>En el recorrido entre el port\u00f3n principal y la entrada a urgencias encontr\u00f3 a un hombre alto, blanco, de contextura gruesa, imponente, quien daba \u00f3rdenes. Viaj\u00f3 al pasado, a la \u00e9poca de bachillerato, y le dijo al hermano Juan Pablo que el m\u00e9dico era conocido suyo. Juan Pablo, que siempre ha sido de pocas palabras y t\u00edmido, no recordaba.<\/p>\n<p>Sandra avanz\u00f3 hasta llegar al galeno de apellido N\u00fa\u00f1ez, no la dej\u00f3 hablar y le orden\u00f3 evacuar el \u00e1rea. Juan Pablo, m\u00e9dico de profesi\u00f3n y en la angustia de ver a la sobrina en mal estado, le extendi\u00f3 la mano y como si nunca se hubieran conocido se present\u00f3 ante el colega.<\/p>\n<p>Como respuesta a las oraciones, N\u00fa\u00f1ez reconoci\u00f3 a Juan Pablo, lo llam\u00f3 por el nombre y el apellido, los hizo entrar y orden\u00f3 al equipo de enfermer\u00eda atenci\u00f3n prioritaria para Marian.<\/p>\n<ul>\n<li><em>Fue un momento de dar gracias a Dios, porque tuvo misericordia y el control de cada eventualidad sucedida a nuestro alrededor<\/em> \u2013 sostuvo Sandra Ortiz mientras manten\u00eda la mirada hacia lo alto para agradecer por cada experiencia vivida.<\/li>\n<\/ul>\n<p>Pasaron dos d\u00edas en sala de urgencia. La primera canalizaci\u00f3n de Marian fue un golpe fuerte, porque siempre fue una ni\u00f1a sana y nunca hab\u00eda sido hospitalizada. Todo este proceso era algo nuevo en su vida.<\/p>\n<p>El 19 de octubre, la subieron a piso, donde dur\u00f3 21 d\u00edas. En el nivel s\u00e9ptimo del hospital comparti\u00f3 habitaci\u00f3n con tres pacientes y en ese lapso aprendi\u00f3 a valorar a la familia, dej\u00f3 a un lado la timidez y el miedo a relacionarse con quienes ve\u00eda a diario. En ese tiempo, le practicaron biopsia de ganglios, tomograf\u00edas y espirado de m\u00e9dula.<\/p>\n<p>La ma\u00f1ana del 30 de octubre del 2018, lleg\u00f3 el diagn\u00f3stico. Sandra record\u00f3 que Juan Pablo se ofreci\u00f3 para reclamar los resultados de los ex\u00e1menes en Idime. Pasaron 30 minutos. El t\u00edo de Marian regres\u00f3 y pidi\u00f3 a su hermana que bajara al primer piso. Sandra lo hizo de inmediato y encontr\u00f3 una escena que la preocup\u00f3. Su hermano estaba devastado por lo que hab\u00eda le\u00eddo. Los resultados daban cuenta de lo que en cierto momento les hab\u00edan informado, pero que no quer\u00edan creer.<\/p>\n<p>El Linfoma Hodgkin es un tipo de c\u00e1ncer que ataca el sistema inmunol\u00f3gico. Tiene como principales s\u00edntomas la inflamaci\u00f3n en los ganglios del cuello, axila, espalda y pecho, acompa\u00f1ados de altas fiebres y malestares en articulaciones.<\/p>\n<p>En ese momento Sandra se revisti\u00f3 de fortaleza y le dijo a su hermano: \u201cJuan, usted va a ver un milagro en mi hija, su sobrina. Usted va a ver c\u00f3mo Dios la va a sanar\u201d. En ese instante lo \u00fanico que sinti\u00f3 que la tierra se abr\u00eda y que se sum\u00eda en ese agujero negro, mientras en la mente se sumerg\u00eda su coraz\u00f3n y sus labios insist\u00edan en que Dios la sanar\u00eda.<\/p>\n<p>En medio de la incertidumbre, Sandra se arrodill\u00f3, pidi\u00f3 perd\u00f3n a Dios y entreg\u00f3 a su hija en sus manos. Cobr\u00f3 fuerzas, subi\u00f3 a la habitaci\u00f3n de Marian con los ojos hinchados, producto del llanto. No sab\u00eda c\u00f3mo decirlo y prefiri\u00f3 guardar silencio.<\/p>\n<p>Pas\u00f3 el tiempo y la t\u00eda Mayra Tolosa, bacteri\u00f3loga, ha trabajado con mujeres que luchan contra el c\u00e1ncer de seno en la fundaci\u00f3n Pa\u00f1oletas de Colores, se acerc\u00f3 a Marian una ma\u00f1ana. De la manera m\u00e1s cari\u00f1osa le explic\u00f3 lo que el delicado y juvenil cuerpo enfrenta un quebranto.<\/p>\n<p>Los presentes quedaron consternados por la reacci\u00f3n de Marian Camila, especialmente los padres y la abuela. La joven gozaba de una paz indescriptible, ten\u00eda fe en Dios y en ese momento recordaba las palabras del pastor cristiano, quien dos meses atr\u00e1s, cuando comenzaron los primeros episodios de la enfermedad: \u201cHija no es esp\u00edritu de muerte lo que hay sobre ti, es el enemigo que quiere troncar el plan que Dios tiene para ti\u201d.<\/p>\n<ul>\n<li><em>Nunca sent\u00ed miedo. Lo tom\u00e9 como un reto nuevo para experimentar-<\/em> afirm\u00f3 Marian Camila.<\/li>\n<\/ul>\n<p><strong>El nuevo reto<\/strong><\/p>\n<p>En medio del diagn\u00f3stico, Marian era motor de esperanza. Recib\u00eda a familiares, amigos y equipo m\u00e9dico, y hablaba sobre c\u00f3mo ganar\u00eda la batalla por la vida y cumplir\u00eda sus sue\u00f1os.<\/p>\n<p>Luego del resultado, hubo necesidad de otras biopsias y ex\u00e1menes de inmunohistoqu\u00edmica para confirmar los pron\u00f3sticos y trazar la l\u00ednea del tratamiento indicado. Inmediatamente, los padres cambiaron de EPS y de Coomeva pasaron a Sanitas.<\/p>\n<p>El 7 de noviembre, fue dada de alta y comenzar\u00eda la carrera contra el tiempo para atacar el Linfoma Hongkin, que agred\u00eda el sistema inmunol\u00f3gico. En casa, las fiebres volvieron y cada vez eran m\u00e1s fuertes. En una madrugada, Marian tuvo una revelaci\u00f3n divina. En el sue\u00f1o vio el perfil de un hombre vestido de verde militar, en posici\u00f3n de oraci\u00f3n. Sobre \u00e9l, un hilo del color de la ropa, en el que resaltaba la frase: \u201cTu fe es evidente, persistente e inquebrantable. Por eso te voy a sanar\u201d.<\/p>\n<p>En el segundo momento de la visi\u00f3n, la vestidura del hombre se transform\u00f3 en t\u00fanica blanca, acompa\u00f1ado de una paloma blanca que revoleteaba alrededor de la frase. Despu\u00e9s, escuch\u00f3 la voz que dec\u00eda: \u201cTe voy a sanar y no te voy a dejar sufrir\u201d.<\/p>\n<p>En la tercera imagen, se vio acostada sobre la herida de la palma de una mano rodeada de gente. El hombre concluy\u00f3: \u201cPor tu fe vas a ser salva, pero quiero m\u00e1s de ti\u201d. En ese instante, Marian despert\u00f3 y comparti\u00f3 la revelaci\u00f3n con la madre, que lleg\u00f3 como presagio de lo bueno que se ven\u00eda para los Tolosa Ortiz.<\/p>\n<p><strong>El Tratamiento<\/strong><\/p>\n<p>En noviembre, el hemat\u00f3logo Carlos Bar\u00f3n se reuni\u00f3 en junta de especialistas para socializar qu\u00e9 medicamento era eficaz para atacar el Linfoma Hongkin. Descartaron algunas posibilidades de tratamiento y al final optaron por uno que tiene entre el 50 % y el 60 % de \u00e9xito. Al salir de la cl\u00ednica, Sandra llor\u00f3, pero una luz lleg\u00f3 a su mente y la llen\u00f3 de valor, entusiasmo y fe.<\/p>\n<p>Para la primera quimioterapia Marian decidi\u00f3 cortarse el cabello hasta los hombros. Aquella ma\u00f1ana de diciembre, se arregl\u00f3, se puso sudadera, camiseta blanca, algunas mo\u00f1as y cintas en el cabello. Sali\u00f3 de casa para enfrentarse al primer ciclo. Sandra la acompa\u00f1\u00f3 hasta la puerta de la sala; despu\u00e9s, Marian se enfrentar\u00eda sola a lo que ven\u00eda.<\/p>\n<p>Permaneci\u00f3 tranquila mientras la canalizaban y la conectaban a la bomba de infusi\u00f3n que controla el medicamento. Pese a lo que pensaba, las quimioterapias rojas no causaron molestias mayores y la fiebre baj\u00f3.<\/p>\n<p>Debido a la enfermedad, perd\u00eda el a\u00f1o escolar por inasistencia. Los padres solicitaron una oportunidad para recuperar en enero. Marian divid\u00eda el tiempo en la recuperaci\u00f3n de quimio y repasando las materias para aprobar los ex\u00e1menes y continuar los estudios.<\/p>\n<p>En enero del 2019, conoci\u00f3 a David, quien lleg\u00f3 como todo un caballero, con armadura a prueba de prejuicios y estigmatizaci\u00f3n. Pasaron tres meses y le declar\u00f3 el amor. Pidi\u00f3 autorizaci\u00f3n a Sandra y a Camilo para oficializar la relaci\u00f3n con la ni\u00f1a dulce y tierna que se gan\u00f3 su coraz\u00f3n, respeto y admiraci\u00f3n.<\/p>\n<p>Desde ese momento Marian tuvo otro apoyo y la motivaba a aferrarse a la vida. El 10 de abril, hicieron p\u00fablica la relaci\u00f3n, con apoyo de los padres. Un ramo de flores, marcado con el n\u00famero 10 que luce el astro del f\u00fatbol Lionel Messi, fue el detalle que marc\u00f3 ese momento especial en la vida de Marian y David.<\/p>\n<p>El joven se hizo parte de la familia Tolosa Ortiz. Ped\u00eda permiso en el colegio para acompa\u00f1ar a su amada en las quimios. As\u00ed pas\u00f3 el tiempo y transcurrieron las 24 quimioterapias, 12 rojas y 12 blancas que se aplican a la vez.<\/p>\n<p>El optimismo de Marian estaba marcado por un prop\u00f3sito, cada ciclo que avanzaba era un paso m\u00e1s cerca de la meta. El 6 de agosto, se program\u00f3 el \u00faltimo control. Los nervios se apoderaron de la familia Tolosa Ortiz. La ansiedad por ver a la ni\u00f1a curada generaba dudas. Era entrar de nuevo a una dimensi\u00f3n desconocida, sin saber los tratamientos que faltar\u00edan. Era como volver al principio.<\/p>\n<p>Como en c\u00e1mara lenta, regresan a esa ma\u00f1ana cuando el m\u00e9dico les dijo: \u201cEst\u00e1 bien, todo est\u00e1 bien. No hay muestras de c\u00e1ncer. Se acab\u00f3 el mal\u201d. Entre risas recuerdan la reacci\u00f3n de Sandra. La euforia se apoder\u00f3 de su ser, quer\u00eda gritar, saltar, llorar de emoci\u00f3n. El esposo y la hija la miraron con asombro cuando en medio de la alegr\u00eda le pidi\u00f3 un abrazo al doctor. Ese d\u00eda Marian venci\u00f3 el c\u00e1ncer que un a\u00f1o atr\u00e1s la hab\u00eda invadido.<\/p>\n<p>Para los Tolosa Ortiz, aunque suene ir\u00f3nico, esta enfermedad que pudo acabar con la vida de Marian, ha sido lo mejor que les pudo pasar. Antes del proceso, la relaci\u00f3n madre e hija estaba deteriorada. Ahora, aprendi\u00f3 a abrazar y a decir otra vez te amo.<\/p>\n<ul>\n<li><em>Mejoraron mis miedos e inseguridades. Ahora, soy capaz de hablar con autoridad y convicci\u00f3n ante el p\u00fablico, sin titubear. Soy m\u00e1s segura de m\u00ed en el momento de tomar decisiones.<\/em><\/li>\n<\/ul>\n<p>Esta nueva oportunidad de vida le ha permitido valorar los peque\u00f1os detalles, especialmente con Danna (hermana menor), con quien se abraza y se dicen cu\u00e1nto se quieren la una a la otra.<\/p>\n<p>Dentro de los planes est\u00e1 escribir un libro con cada una de las experiencias vividas en el proceso. Sue\u00f1a con ser arquitecta y dise\u00f1adora gr\u00e1fica, tiene facilidad para crear e innovar, y de esta manera trabajar de la mano con Camilo Tolosa. Quiere ser como la t\u00eda Maira, autosuficiente, polifac\u00e9tica, emprendedora, empoderada y profesional para dirigir su fundaci\u00f3n.<\/p>\n<p>Quienes se someten al proceso oncol\u00f3gico deben rechazar la l\u00e1stima y mantener la cotidianidad de la vida.<\/p>\n<ul>\n<li><em>No debemos darle importancia al diagn\u00f3stico. Debemos tener paz y creer que todo va a estar bien. <\/em><\/li>\n<\/ul>\n<p>Los especialistas en salud aseguran que un buen trato y el respeto son fundamentales para el \u00e9xito del tratamiento; adem\u00e1s, de recibir asesor\u00edas continuas de los cuidados que deben tenerse en cada caso. Marian invit\u00f3 a que antes de comenzar el proceso se pongan en manos de Dios,<\/p>\n<ul>\n<li><em>Es el \u00fanico que sabe qu\u00e9 tiene destinado para cada uno y cu\u00e1l es el prop\u00f3sito que cada quien tiene en la vida o en la vida de alguien. <\/em><\/li>\n<\/ul>\n","protected":false},"excerpt":{"rendered":"<p>C\u00daCUTA.- El caso de Marian Camila Tolosa Ortiz\u00a0 lo conoc\u00ed por una amiga y colega que ejerce en grupo de comunicaciones \u2018Frecuencia F\u2019, de C\u00facuta. Al llegar a casa abr\u00ed el Facebook y encontr\u00e9 una publicaci\u00f3n referente a una historia de superaci\u00f3n personal. Una adolescente de 16 a\u00f1os, en plena flor de la juventud, sobrellevaba &hellip;<\/p>\n","protected":false},"author":1,"featured_media":34850,"comment_status":"open","ping_status":"open","sticky":false,"template":"","format":"standard","meta":{"footnotes":""},"categories":[74,4],"tags":[4703],"class_list":["post-34849","post","type-post","status-publish","format-standard","has-post-thumbnail","hentry","category-aula-universitaria","category-barra","tag-frecuencia-f"],"_links":{"self":[{"href":"https:\/\/contraluzcucuta.co\/index.php?rest_route=\/wp\/v2\/posts\/34849","targetHints":{"allow":["GET"]}}],"collection":[{"href":"https:\/\/contraluzcucuta.co\/index.php?rest_route=\/wp\/v2\/posts"}],"about":[{"href":"https:\/\/contraluzcucuta.co\/index.php?rest_route=\/wp\/v2\/types\/post"}],"author":[{"embeddable":true,"href":"https:\/\/contraluzcucuta.co\/index.php?rest_route=\/wp\/v2\/users\/1"}],"replies":[{"embeddable":true,"href":"https:\/\/contraluzcucuta.co\/index.php?rest_route=%2Fwp%2Fv2%2Fcomments&post=34849"}],"version-history":[{"count":1,"href":"https:\/\/contraluzcucuta.co\/index.php?rest_route=\/wp\/v2\/posts\/34849\/revisions"}],"predecessor-version":[{"id":34851,"href":"https:\/\/contraluzcucuta.co\/index.php?rest_route=\/wp\/v2\/posts\/34849\/revisions\/34851"}],"wp:featuredmedia":[{"embeddable":true,"href":"https:\/\/contraluzcucuta.co\/index.php?rest_route=\/wp\/v2\/media\/34850"}],"wp:attachment":[{"href":"https:\/\/contraluzcucuta.co\/index.php?rest_route=%2Fwp%2Fv2%2Fmedia&parent=34849"}],"wp:term":[{"taxonomy":"category","embeddable":true,"href":"https:\/\/contraluzcucuta.co\/index.php?rest_route=%2Fwp%2Fv2%2Fcategories&post=34849"},{"taxonomy":"post_tag","embeddable":true,"href":"https:\/\/contraluzcucuta.co\/index.php?rest_route=%2Fwp%2Fv2%2Ftags&post=34849"}],"curies":[{"name":"wp","href":"https:\/\/api.w.org\/{rel}","templated":true}]}}