{"id":34825,"date":"2019-11-04T18:43:54","date_gmt":"2019-11-04T23:43:54","guid":{"rendered":"http:\/\/contraluzcucuta.co\/?p=34825"},"modified":"2019-11-05T09:19:44","modified_gmt":"2019-11-05T14:19:44","slug":"perfil-jeison-el-cuarto-hombre-mas-alto-del-mundo-vive-en-la-frontera","status":"publish","type":"post","link":"https:\/\/contraluzcucuta.co\/?p=34825","title":{"rendered":"PERFIL. Jeison, El cuarto hombre m\u00e1s alto del mundo vive en la frontera"},"content":{"rendered":"<p style=\"text-align: right;\"><strong><span style=\"color: #ff6600;\">C\u00daCUTA.- <\/span><\/strong><span style=\"color: #ff6600;\">Pr\u00f3ximo a cumplir 8 a\u00f1os, Jeison se percat\u00f3 de que su estatura era igual o superior a la de su padre. Med\u00eda 1,72 metros y los pies eran m\u00e1s grandes que los de los amigos, con quienes a menudo comparaba el tama\u00f1o y sobresal\u00eda por varios cent\u00edmetros.<\/span><\/p>\n<p>El nacimiento fue normal. Midi\u00f3 51 cent\u00edmetros y pes\u00f3 4,5 kilos. Las primeras ocho primaveras llegaron acompa\u00f1adas de fuertes dolores de cabeza, que marcaron el comienzo de la enfermedad. A los 10 a\u00f1os, los huesos le traqueaban y los quebrantos eran frecuentes.<\/p>\n<p>A los 12 a\u00f1os, med\u00eda 2,12 metros y calzaba 50. Los m\u00e9dicos detectaron que padec\u00eda de acromegalia, acompa\u00f1ada de gigantismo, como en dos por uno. &#8220;Era el m\u00e1s alto de mis compa\u00f1eros. Los zapatos me duraban una semana y media. Les romp\u00eda la parte de adelante y me dol\u00eda mucho, as\u00ed que usaba cotizas\u201d.<\/p>\n<p>\u2018Manoplas\u2019, \u2018Gigante\u2019, \u2018Pat\u00f3n\u2019, \u2018Torre\u2019, fueron algunos de los sobrenombres que recibi\u00f3 por parte de los compa\u00f1eros en tercer grado. \u201cMe dec\u00edan muchas cosas feas, me trataban mal, me ca\u00edan a golpes\u201d. Pelear hizo que ganara respeto y admiraci\u00f3n entre los dem\u00e1s ni\u00f1os.<\/p>\n<p>Cuando lo molestaban era agresivo. Los maestros cre\u00edan que padec\u00eda problemas sicol\u00f3gicos. Le hicieron una prueba con 300 preguntas, y sac\u00f3 cien sobre cien. Solo ha tenido una pelea en la vida, porque no puede controlar las fuerzas. \u201cSoy como el agua, tranquilo, pero cuando llega la tormenta, nadie me para\u201d. Lo disgusta que le hagan algo a la familia o que interrumpan la tranquilidad de un ni\u00f1o.<\/p>\n<p>Naci\u00f3 en el seno de una familia humilde, el 16 de octubre de 1995, en Maracay (Venezuela). Los padres lo criaron con valores cristianos, le han ense\u00f1ado la importancia y el valor del mundo. \u201cLe dijimos que iba a ser famoso. Pero no como los famosos de dinero, porque no tienen a Dios en el coraz\u00f3n.\u00a0 Famoso de amor, de bondad, de esperanza\u201d, dijo el orgulloso padre Jairo Rodr\u00edguez.<\/p>\n<p>En la escuela se sent\u00eda mal, tanto que perd\u00eda el conocimiento. Gracias a Dios y al apoyo familiar ha logrado aceptarse como es. \u201cCuando me dec\u00edan cosas malas lo que hac\u00eda era respirar y respond\u00eda con una sonrisa\u201d. Recalc\u00f3 la importancia de vivir la vida con alegr\u00eda y entusiasmo, pese a las adversidades.<\/p>\n<p>\u201cHe pasado unas vivencias que a nadie se las deseo, a nadie\u201d, afirm\u00f3 Jeison. A los 12 a\u00f1os, dej\u00f3 la escuela. Lo internaron en el hospital y estuvieron a poco de operarlo de la gl\u00e1ndula pituitaria. \u201cMe ten\u00edan en el quir\u00f3fano y de repente lleg\u00f3 la doctora como una bendici\u00f3n. Dijo que no me operar\u00e1n, porque si lo hac\u00edan quedaba en estado vegetativo o pod\u00eda morirme\u201d.<\/p>\n<p>En el barrio donde se crio abundaban las drogas y las malas compa\u00f1\u00edas. El primer trabajo lo desempe\u00f1\u00f3 a los 15 a\u00f1os, se trataba de recoger botellas en la calle, en la bicicleta rosa que le regal\u00e9 el padre. En oportunidades llegaban los amigos con pistolas y drogas a invitarlo a seguir esos pasos. Por esta raz\u00f3n, en la actualidad hace parte de la \u2018Campa\u00f1a gigante contra la explotaci\u00f3n sexual y comercial de ni\u00f1os y adolescentes, y no a las drogas\u2019, que adelanta la Polic\u00eda de Infancia y Adolescencia de C\u00facuta.<\/p>\n<p>La sociedad lo ve como un \u00edcono y orgullo venezolano. Los padres, como el \u2018beb\u00e9 Gerber\u2019, en alusi\u00f3n a las compotas. El rostro y las actitudes son los de un jovencito que todav\u00eda parece no acostumbrarse a la desmedida atenci\u00f3n que despierta cada vez que sale a la calle. \u201cLas personas, a veces, parecen no ser conscientes. Duro hasta dos horas parado tom\u00e1ndome fotos\u201d.<\/p>\n<p>El pie derecho mide 41,5 cent\u00edmetros y el izquierdo, 40,5 cent\u00edmetros. Calza 70. Cuando no encontraba zapatos en Maracay, utilizaba sandalias hechas de llantas viejas y de tela para llegar a la escuela o a otras citas. Georg Wessels, due\u00f1o de una f\u00e1brica de zapatos en Alemania, cre\u00f3 los nuevos zapatos de material, dise\u00f1ados solo para Jeison.<\/p>\n<p>El primer par lo dise\u00f1\u00f3 en el 2011, cuando viaj\u00f3 a Venezuela. Al encontrarse le dio la noticia que ten\u00eda los pies m\u00e1s grandes del mundo. \u201cGeorg se llev\u00f3 mis sandalias a un museo que tiene en Alemania y me puso zapatos nuevos\u201d.<\/p>\n<p>El mayor logro es haber obtenido el Guinness World Records, en el 2014. Jeison es el cuarto hombre m\u00e1s grande del mundo y el primero de Latinoam\u00e9rica. Mide 2 metros con 36 cent\u00edmetros. Trabaja como carretillero en la frontera y con lo que le ayuda la gente y que se rebusca compra las pastillas, porque las inyecciones valen 4,5 millones de bol\u00edvares, precio inasequible a los recursos econ\u00f3micos de la familia.<\/p>\n<p>\u201cLas inyecciones me ayudan a regular las hormonas de crecimiento, la gl\u00e1ndula pituitaria. Tengo 4 a\u00f1os que no me las aplico y eso hace que crezca cada vez m\u00e1s\u201d.<\/p>\n<p>Se considera exitoso y ha tenido la oportunidad de conocer celebridades del mundo y viajar por Francia, Holanda, Alemania, Roma e Italia. Tiene grandes ambiciones. Quiere convertirse en chef reconocido mundialmente y si eso falla volverse estrella de cine. Le encantar\u00eda ayudar a quienes sufren de anomal\u00edas y cuidar de ni\u00f1os y embarazadas. Es honesto, respetuoso y no dice malas palabras.<\/p>\n<p>JASBLEIDY JAIMES<\/p>\n","protected":false},"excerpt":{"rendered":"<p>C\u00daCUTA.- Pr\u00f3ximo a cumplir 8 a\u00f1os, Jeison se percat\u00f3 de que su estatura era igual o superior a la de su padre. Med\u00eda 1,72 metros y los pies eran m\u00e1s grandes que los de los amigos, con quienes a menudo comparaba el tama\u00f1o y sobresal\u00eda por varios cent\u00edmetros. El nacimiento fue normal. Midi\u00f3 51 cent\u00edmetros &hellip;<\/p>\n","protected":false},"author":1,"featured_media":34826,"comment_status":"open","ping_status":"open","sticky":false,"template":"","format":"standard","meta":{"footnotes":""},"categories":[74,4,3613],"tags":[4698,4697],"class_list":["post-34825","post","type-post","status-publish","format-standard","has-post-thumbnail","hentry","category-aula-universitaria","category-barra","category-perfiles","tag-el-gigante-de-la-frontera","tag-jeison-rodriguez"],"_links":{"self":[{"href":"https:\/\/contraluzcucuta.co\/index.php?rest_route=\/wp\/v2\/posts\/34825","targetHints":{"allow":["GET"]}}],"collection":[{"href":"https:\/\/contraluzcucuta.co\/index.php?rest_route=\/wp\/v2\/posts"}],"about":[{"href":"https:\/\/contraluzcucuta.co\/index.php?rest_route=\/wp\/v2\/types\/post"}],"author":[{"embeddable":true,"href":"https:\/\/contraluzcucuta.co\/index.php?rest_route=\/wp\/v2\/users\/1"}],"replies":[{"embeddable":true,"href":"https:\/\/contraluzcucuta.co\/index.php?rest_route=%2Fwp%2Fv2%2Fcomments&post=34825"}],"version-history":[{"count":3,"href":"https:\/\/contraluzcucuta.co\/index.php?rest_route=\/wp\/v2\/posts\/34825\/revisions"}],"predecessor-version":[{"id":34829,"href":"https:\/\/contraluzcucuta.co\/index.php?rest_route=\/wp\/v2\/posts\/34825\/revisions\/34829"}],"wp:featuredmedia":[{"embeddable":true,"href":"https:\/\/contraluzcucuta.co\/index.php?rest_route=\/wp\/v2\/media\/34826"}],"wp:attachment":[{"href":"https:\/\/contraluzcucuta.co\/index.php?rest_route=%2Fwp%2Fv2%2Fmedia&parent=34825"}],"wp:term":[{"taxonomy":"category","embeddable":true,"href":"https:\/\/contraluzcucuta.co\/index.php?rest_route=%2Fwp%2Fv2%2Fcategories&post=34825"},{"taxonomy":"post_tag","embeddable":true,"href":"https:\/\/contraluzcucuta.co\/index.php?rest_route=%2Fwp%2Fv2%2Ftags&post=34825"}],"curies":[{"name":"wp","href":"https:\/\/api.w.org\/{rel}","templated":true}]}}