{"id":34814,"date":"2019-10-27T22:20:16","date_gmt":"2019-10-28T03:20:16","guid":{"rendered":"http:\/\/contraluzcucuta.co\/?p=34814"},"modified":"2019-10-27T22:20:16","modified_gmt":"2019-10-28T03:20:16","slug":"boletin-60-se-cumplio-la-prediccion-silvano-serrano-gobernador-de-norte-de-santander","status":"publish","type":"post","link":"https:\/\/contraluzcucuta.co\/?p=34814","title":{"rendered":"BOLET\u00cdN 60. Se cumpli\u00f3 la predicci\u00f3n: Silvano Serrano, Gobernador de Norte de Santander"},"content":{"rendered":"<p><strong>C\u00daCUTA.-<\/strong> Informado el 99,91 % (3614) de las 3617 mesas dispuestas para las elecciones de este 27 de octubre, Silvano Serrano Guerrero, como estaba previsto, gan\u00f3 la Gobernaci\u00f3n de Norte de Santander, con 326.067 votos (50,96 %). Sin sorpresas, el candidato de la coalici\u00f3n Partido Conservador &#8211; Cambio Radical \u2013 Partido Liberal &#8211; Partido de la U le tom\u00f3 168.378 sufragios al segundo en la preferencia de los electores.<\/p>\n<p>Juan Carlos Garc\u00eda Herreros es la segunda ocasi\u00f3n consecutiva que queda relegado en la aspiraci\u00f3n por dirigir los destinos departamentales. Como premio de consolaci\u00f3n ocupar\u00e1 la curul 13 en la Asamblea de Norte de Santander. En esta ocasi\u00f3n obtuvo 157.689 votos (24,64 %).<\/p>\n<p>Los restantes aspirantes alcanzaron la siguiente votaci\u00f3n:<\/p>\n<p>&#8211; Mart\u00edn Mart\u00ednez: 34.540 (5,39 %)<\/p>\n<p>&#8211; Ramiro Luna: 13.513 (2,11 %)<\/p>\n","protected":false},"excerpt":{"rendered":"<p>C\u00daCUTA.- Informado el 99,91 % (3614) de las 3617 mesas dispuestas para las elecciones de este 27 de octubre, Silvano Serrano Guerrero, como estaba previsto, gan\u00f3 la Gobernaci\u00f3n de Norte de Santander, con 326.067 votos (50,96 %). Sin sorpresas, el candidato de la coalici\u00f3n Partido Conservador &#8211; Cambio Radical \u2013 Partido Liberal &#8211; Partido de &hellip;<\/p>\n","protected":false},"author":1,"featured_media":34816,"comment_status":"open","ping_status":"open","sticky":false,"template":"","format":"standard","meta":{"footnotes":""},"categories":[4,2630],"tags":[4693,1370,2641],"class_list":["post-34814","post","type-post","status-publish","format-standard","has-post-thumbnail","hentry","category-barra","category-gobernacion","tag-elecciones-2019","tag-gobernador-de-norte-de-santander","tag-silvano-serrano"],"_links":{"self":[{"href":"https:\/\/contraluzcucuta.co\/index.php?rest_route=\/wp\/v2\/posts\/34814","targetHints":{"allow":["GET"]}}],"collection":[{"href":"https:\/\/contraluzcucuta.co\/index.php?rest_route=\/wp\/v2\/posts"}],"about":[{"href":"https:\/\/contraluzcucuta.co\/index.php?rest_route=\/wp\/v2\/types\/post"}],"author":[{"embeddable":true,"href":"https:\/\/contraluzcucuta.co\/index.php?rest_route=\/wp\/v2\/users\/1"}],"replies":[{"embeddable":true,"href":"https:\/\/contraluzcucuta.co\/index.php?rest_route=%2Fwp%2Fv2%2Fcomments&post=34814"}],"version-history":[{"count":1,"href":"https:\/\/contraluzcucuta.co\/index.php?rest_route=\/wp\/v2\/posts\/34814\/revisions"}],"predecessor-version":[{"id":34817,"href":"https:\/\/contraluzcucuta.co\/index.php?rest_route=\/wp\/v2\/posts\/34814\/revisions\/34817"}],"wp:featuredmedia":[{"embeddable":true,"href":"https:\/\/contraluzcucuta.co\/index.php?rest_route=\/wp\/v2\/media\/34816"}],"wp:attachment":[{"href":"https:\/\/contraluzcucuta.co\/index.php?rest_route=%2Fwp%2Fv2%2Fmedia&parent=34814"}],"wp:term":[{"taxonomy":"category","embeddable":true,"href":"https:\/\/contraluzcucuta.co\/index.php?rest_route=%2Fwp%2Fv2%2Fcategories&post=34814"},{"taxonomy":"post_tag","embeddable":true,"href":"https:\/\/contraluzcucuta.co\/index.php?rest_route=%2Fwp%2Fv2%2Ftags&post=34814"}],"curies":[{"name":"wp","href":"https:\/\/api.w.org\/{rel}","templated":true}]}}