{"id":34805,"date":"2019-10-27T15:35:38","date_gmt":"2019-10-27T20:35:38","guid":{"rendered":"http:\/\/contraluzcucuta.co\/?p=34805"},"modified":"2019-10-27T15:35:38","modified_gmt":"2019-10-27T20:35:38","slug":"elecciones-2019-carta-a-los-nuevos-lideres-de-las-regiones","status":"publish","type":"post","link":"https:\/\/contraluzcucuta.co\/?p=34805","title":{"rendered":"ELECCIONES 2019. Carta a los nuevos l\u00edderes de las regiones\u00a0\u00a0\u00a0"},"content":{"rendered":"<p>Futuros l\u00edderes,<\/p>\n<p>Cada nuevo comienzo es una oportunidad, y este 27 de octubre en nuestras regiones vamos a recibirlos como nuevos gobernadores o diputados de nuestros departamentos, o como alcaldes, concejales o ediles de nuestros municipios.<\/p>\n<p>Con ustedes, llegan ideas para mejorar o transformar, pero su principal reto es seguir construyendo pa\u00eds desde cada regi\u00f3n, y eso significa trabajar por la equidad, la legalidad y el emprendimiento.<\/p>\n<p>El primer llamado que les hacemos a los nuevos l\u00edderes es a trabajar con transparencia. En estos meses de empalme, tienen la oportunidad de entender c\u00f3mo va la ciudad, cu\u00e1les son sus retos y c\u00f3mo est\u00e1n las finanzas.<\/p>\n<p>El 1 de enero deber\u00e1n empezar con el pie derecho, y eso significa hacer buena gesti\u00f3n con esos recursos y capacidades, mantener un di\u00e1logo permanente con los ciudadanos, comunicar los proyectos y administrar los bienes p\u00fablicos con el mismo cuidado con el que manejan el dinero de su hogar.<\/p>\n<p>Si queremos vivir en el pa\u00eds que so\u00f1amos, tenemos que construir juntos desde las regiones. Por eso, el segundo llamado es a trabajar en equipo para cumplir grandes desaf\u00edos que tenemos en materia de equidad, como sacar a 1,5 millones de personas de la pobreza extrema monetaria y a 2,9 millones de la pobreza extrema, llegar a 2,0 millones de ni\u00f1os con educaci\u00f3n inicial y a 7,0 millones con el Plan de Alimentaci\u00f3n Escolar.<\/p>\n<p>En emprendimiento, tambi\u00e9n, tenemos metas ambiciosas como crear 1,6 millones de empleos o apoyar a 4000 empresas con f\u00e1bricas de productividad. Y en legalidad debemos sumarnos para lograr el 60 % de la actualizaci\u00f3n catastral y erradicar 280.000 hect\u00e1reas de cultivos il\u00edcitos.<\/p>\n<p>Tenemos una hoja de ruta. El Plan Nacional de Desarrollo 2018-2022 contiene nueve pactos para cada regi\u00f3n del pa\u00eds y cada uno resalta sus vocaciones y necesidades.<\/p>\n<p>Este modelo es una de las apuestas del presidente Iv\u00e1n Duque para descentralizar a Colombia e ir cerrando la brecha hist\u00f3rica que se ha generado entre ciudades y campo. Y en ese sentido, el tercer llamado es a trabajar incansablemente para empoderar a las zonas rurales y conectarlas al desarrollo de las ciudades.<\/p>\n<p>Hoy, 48 % de la poblaci\u00f3n colombiana est\u00e1 desconectada de las grandes ciudades y de sus beneficios; adem\u00e1s, 47 % de las personas que viven en asentamientos rurales est\u00e1 en condiciones de pobreza, en contraste con el 17 % que vive en las capitales.<\/p>\n<p>Esto no puede seguir as\u00ed. \u00a1Cada colombiano debe ser parte del progreso! Y para eso, debemos seguir trabajando por una planificaci\u00f3n de los municipios o departamentos, aprovechando el potencial \u00fanico de cada regi\u00f3n. Me anticipo a darles la bienvenida y a decirles que en nosotros pueden encontrar una mano amiga.<\/p>\n<p>La Consejer\u00eda para las Regiones ha sido la principal aliada de gobernadores y alcaldes en la b\u00fasqueda de la transparencia y el buen gobierno, las puertas est\u00e1n abiertas para nuestros l\u00edderes regionales y estamos para apoyarlos en la ejecuci\u00f3n de proyectos que dinamicen a los territorios.<\/p>\n<p>Nuestros 39 talleres Construyendo Pa\u00eds nos han permitido acercarnos no solo a los dirigentes, sino a la gente, y entender sus contextos para generar soluciones.<\/p>\n<p>Ser elegido, adem\u00e1s de ser un gran logro personal, es una gran responsabilidad y es la oportunidad de retribuir a las regiones con legalidad y desarrollo. Eso se logra trabajando en equipo, obrando de forma transparente, pensando en la gente y en el legado que se quiere dejar.<\/p>\n<p>Una nueva era empieza con ustedes, en sus manos est\u00e1 construir la imagen con la que quieren ser recordados.<\/p>\n<p><strong>KAREN ABUDINEN ABUCHAIBE<\/strong><\/p>\n<p><strong>Consejera Presidencial para las Regiones<\/strong><\/p>\n","protected":false},"excerpt":{"rendered":"<p>Futuros l\u00edderes, Cada nuevo comienzo es una oportunidad, y este 27 de octubre en nuestras regiones vamos a recibirlos como nuevos gobernadores o diputados de nuestros departamentos, o como alcaldes, concejales o ediles de nuestros municipios. Con ustedes, llegan ideas para mejorar o transformar, pero su principal reto es seguir construyendo pa\u00eds desde cada regi\u00f3n, &hellip;<\/p>\n","protected":false},"author":1,"featured_media":34806,"comment_status":"open","ping_status":"open","sticky":false,"template":"","format":"standard","meta":{"footnotes":""},"categories":[14,4],"tags":[4366,4693,4028],"class_list":["post-34805","post","type-post","status-publish","format-standard","has-post-thumbnail","hentry","category-articulistas","category-barra","tag-consejera-para-las-regiones","tag-elecciones-2019","tag-karen-abudinen-abuchaibe"],"_links":{"self":[{"href":"https:\/\/contraluzcucuta.co\/index.php?rest_route=\/wp\/v2\/posts\/34805","targetHints":{"allow":["GET"]}}],"collection":[{"href":"https:\/\/contraluzcucuta.co\/index.php?rest_route=\/wp\/v2\/posts"}],"about":[{"href":"https:\/\/contraluzcucuta.co\/index.php?rest_route=\/wp\/v2\/types\/post"}],"author":[{"embeddable":true,"href":"https:\/\/contraluzcucuta.co\/index.php?rest_route=\/wp\/v2\/users\/1"}],"replies":[{"embeddable":true,"href":"https:\/\/contraluzcucuta.co\/index.php?rest_route=%2Fwp%2Fv2%2Fcomments&post=34805"}],"version-history":[{"count":1,"href":"https:\/\/contraluzcucuta.co\/index.php?rest_route=\/wp\/v2\/posts\/34805\/revisions"}],"predecessor-version":[{"id":34807,"href":"https:\/\/contraluzcucuta.co\/index.php?rest_route=\/wp\/v2\/posts\/34805\/revisions\/34807"}],"wp:featuredmedia":[{"embeddable":true,"href":"https:\/\/contraluzcucuta.co\/index.php?rest_route=\/wp\/v2\/media\/34806"}],"wp:attachment":[{"href":"https:\/\/contraluzcucuta.co\/index.php?rest_route=%2Fwp%2Fv2%2Fmedia&parent=34805"}],"wp:term":[{"taxonomy":"category","embeddable":true,"href":"https:\/\/contraluzcucuta.co\/index.php?rest_route=%2Fwp%2Fv2%2Fcategories&post=34805"},{"taxonomy":"post_tag","embeddable":true,"href":"https:\/\/contraluzcucuta.co\/index.php?rest_route=%2Fwp%2Fv2%2Ftags&post=34805"}],"curies":[{"name":"wp","href":"https:\/\/api.w.org\/{rel}","templated":true}]}}