{"id":34800,"date":"2019-09-29T18:32:01","date_gmt":"2019-09-29T23:32:01","guid":{"rendered":"http:\/\/contraluzcucuta.co\/?p=34800"},"modified":"2019-09-29T18:32:01","modified_gmt":"2019-09-29T23:32:01","slug":"mano-a-mano-con-javier-hernandez-ii-mi-exito-nunca-dependio-de-los-demas","status":"publish","type":"post","link":"https:\/\/contraluzcucuta.co\/?p=34800","title":{"rendered":"MANO A MANO CON JAVIER HERN\u00c1NDEZ (II). Mi \u00e9xito nunca dependi\u00f3 de los dem\u00e1s"},"content":{"rendered":"<p><strong>C\u00daCUTA.-<\/strong> El periodismo es una carrera de largo aliento, as\u00ed define en una frase Javier Hern\u00e1ndez la profesi\u00f3n que le ha entregado tantas alegr\u00edas. En esta segunda parte dialoga sobre los cambios del periodismo, el aporte femenino a la profesi\u00f3n, la relaci\u00f3n con Javier Fern\u00e1ndez Franco y Gustavo Alfaro, y aspectos personales que lo definen como ser humano. Igualmente, expresa cari\u00f1o especial por C\u00facuta.<\/p>\n<p><strong>\u00bfEn qu\u00e9 ha cambiado el periodismo?<\/strong><\/p>\n<ul>\n<li><em>Ha cambiado mucho, se ha vuelto comercial. Cuando la profesi\u00f3n se torna comercial se expone a la corrupci\u00f3n. Ahora, se ven oficinas de periodistas tratando de hablar sobre temas por encargo, no por la filosof\u00eda de informar. El mejor ejemplo es el tema de Falcao Garc\u00eda sobre un lote que compr\u00f3 en el 2013, en Ch\u00eda y que una se\u00f1ora reclamaba como suyo. Si hubiera sido otro el involucrado no hubiera tenido el impacto en el medio. Entonces, ah\u00ed viene la pregunta: \u00bfDe d\u00f3nde sali\u00f3 la idea que fuera a trav\u00e9s de los medios que se hiciera la reclamaci\u00f3n? La respuesta es, de alguien que dijo: \u201ctengo un amigo periodista que la puede ayudar con esto\u201d. Ah\u00ed es cuando aparece el inter\u00e9s comercial. Tristemente, dentro de la profesi\u00f3n existen empresas period\u00edsticas dedicadas al chantaje y otras a la defensa. El periodismo puro est\u00e1 por desaparecer, es parte de la corrupci\u00f3n que nos carcome.<\/em><\/li>\n<\/ul>\n<p><strong>\u00bfQu\u00e9 lo molesta de esta profesi\u00f3n?<\/strong><\/p>\n<ul>\n<li><em>Amo a la profesi\u00f3n y si muriera para volver a nacer, pedir\u00eda otra vez ser periodista. Los \u00fanicos que me molestan son los empresarios de los medios, desconocieron a la profesi\u00f3n y eso hace parte de la crisis que vive el periodismo, obligan al periodista a que debe ser vendedor, tiene que tocar puertas para sobrevivir, porque de la sola informaci\u00f3n no se vive, eso es culpa de las empresas. Me molesta que la gente mire el \u00e9xito de los dem\u00e1s como frustraci\u00f3n propia. Me alegro cuando veo triunfar a Hern\u00e1n Pel\u00e1ez, Javier Fern\u00e1ndez o Carlos Morales. No me lleno de envidia, porque el si esta all\u00e1, y yo no, entonces voy a buscarle los defectos para criticarlo. Ese defecto lo tienen las nuevas generaciones, buscan figurar sin hacer un camino honesto, lleno de esfuerzo, solo se dedican a decir: \u201cest\u00e1 viejo o cu\u00e1ndo se va a retirar aquel\u201d. Creen que los dem\u00e1s ocupan su lugar. Estas carreras son de largo aliento, son de disciplina, consistencia y respeto. La mejor manera de llegar a la cima es siendo profesional. No hay m\u00e1s. <\/em><\/li>\n<\/ul>\n<p><strong>\u00bfC\u00f3mo se conocieron con Javier Fern\u00e1ndez?<\/strong><\/p>\n<ul>\n<li><em>Me remplaza en el noticiero donde trabajaba antes de pasar a Caracol, ese noticiero en Vivo lo dirig\u00eda German Ayala. Luego, nos encontramos en RCN, \u00e9l c\u00f3mo narrador y yo en Caracol. Con el tiempo sali\u00f3 de RCN y lo acogimos hasta cuando se fue. <\/em><\/li>\n<\/ul>\n<p><strong>\u00bfC\u00f3mo era la relaci\u00f3n con \u2018el cantante de gol\u2019?<\/strong><\/p>\n<ul>\n<li><em>No ten\u00edamos la oportunidad de compartir mucho, \u00c9l viv\u00eda en Cali y yo en Bogot\u00e1. En el \u00faltimo Mundial todos los d\u00edas ten\u00edamos que vernos, hab\u00eda que tomar un avi\u00f3n o un tren para desplazarnos hacia una ciudad. Cuando compart\u00edamos el tiempo de espera en un aeropuerto, luego el partido, el pospartido trat\u00e1bamos que fueran de inmensa calidad esos ratos de charla. \u00bfC\u00f3mo se logra? Se habla de la familia, sobre los hijos, sobre lo que nos ha pasado y lo que pod\u00eda venir profesionalmente. Eran pocos los momentos, pero intensos.<\/em><\/li>\n<\/ul>\n<p><strong>\u00bfC\u00f3mo lleg\u00f3 Gustavo Alfaro al Gol Caracol?<\/strong><\/p>\n<ul>\n<li><em>Lleg\u00f3 por accidente. \u00cdbamos a trasmitir el partido entre Colombia y Argentina, en el 2004, el t\u00e9cnico de la tricolor era Reinaldo Rueda, est\u00e1bamos en Argentina y la moda era Faustino Asprilla, porque hab\u00eda participado en un desaf\u00edo. El director de Caracol hab\u00eda decidido que nos acompa\u00f1ara en la trasmisi\u00f3n, no aparec\u00eda y faltaban 48 horas para el partido. Me dicen que busque a un t\u00e9cnico o a alguien relacionado con el futbol para que estuviera en el juego y tambi\u00e9n era delinear el equipo para el Mundial del 2006. La soluci\u00f3n de ese momento era llamar a Ricardo Gareca para que me ayudara. Se encontraba en Argentina, porque dirig\u00eda a Talleres de C\u00f3rdoba. Me dijo que no pod\u00eda.<\/em><\/li>\n<li><em>Cuando llegu\u00e9 al hotel vi el programa Hablemos de f\u00fatbol, el invitado era Gustavo Alfaro, analic\u00e9 cada respuesta que daba y era el indicado, porque en la trasmisi\u00f3n los comentarios deb\u00edan ser apuntes cortos, r\u00e1pidos y contundentes, debido a que ten\u00edamos muchos comerciales. Hice el contacto, me pidi\u00f3 20.000 d\u00f3lares el representante y le mencion\u00e9 que no ten\u00edamos esa cantidad, que ese valor se lo pag\u00e1bamos en el Mundial. Me pidieron dos parqueaderos en el s\u00f3tano del estadio Monumental de R\u00edver y tres credenciales y las pudimos conseguir. Alfaro estuvo con nosotros, ah\u00ed empez\u00f3 todo y despu\u00e9s fue la sensaci\u00f3n en el Mundial del 2006. <\/em><\/li>\n<\/ul>\n<p><strong>\u00bfCu\u00e1l ha sido la clave del \u00e9xito en su carrera?<\/strong><\/p>\n<ul>\n<li><em>Viene desde la actitud. Pensar que todos los d\u00edas son distintos. Si el anterior te fue mal, al siguiente tienes que estar lleno de esperanza, porque el que sigue va a ser el mejor. Y si el d\u00eda fue espectacular, piensa que los restantes ser\u00e1n igual, siempre debe pensar en positivo. Siempre tengo presente la teor\u00eda de atracci\u00f3n, uno lo que llama, le cae, atrae. Si usted llama lo bueno, conf\u00eda plenamente, si dice con esto voy a triunfar, esto es un \u00e9xito, siendo consciente de todos los an\u00e1lisis profesionales que tiene si hay convicci\u00f3n eso tarde o temprano ser\u00e1 un buen resultado. Lo m\u00e1s importante es que no depende de los dem\u00e1s, depende de m\u00ed. <\/em><\/li>\n<\/ul>\n<p><strong>\u00bfQu\u00e9 opina de las nuevas generaciones?<\/strong><\/p>\n<ul>\n<li><em>Me preocupa la poca dedicaci\u00f3n a la profesi\u00f3n. Lo digo, porque en los \u00faltimos a\u00f1os, luego de hacer un balance, han pasado m\u00e1s de 70 practicantes por Gol Caracol y Noticias Caracol, de esa cantidad solo han quedado cuatro o cinco. Eso pasa porque llegan a sentarse en el set, sin saber si est\u00e1n preparados o no. Para entrar a un set tuvimos que hacer 10 a\u00f1os de radio, ese tiempo nos dio lo que hoy somos. Si voy a un lugar de esos es para quedarme, no salir una vez y despu\u00e9s no volver. Las nuevas generaciones trabajan por tiempo, no por tarea, la profesi\u00f3n es m\u00e1s tarea que otra cosa. Piensan que lo merecen todo sin lucharlo, y no solo en el periodismo, en cualquier otro trabajo es as\u00ed. <\/em><\/li>\n<\/ul>\n<p><strong>\u00bfQu\u00e9 tan bueno es la utilizaci\u00f3n de las redes sociales en las nuevas generaciones? \u00bfPueden o no marcar diferencia?<\/strong><\/p>\n<ul>\n<li><em>Las redes sociales est\u00e1n llenas de ideolog\u00edas, pero tambi\u00e9n est\u00e1n repletas de analfabetas. Personas que opinan reaccionariamente, para el periodismo son peligrosas. El reportero, lo primero que debe defender es el rigor de la verdad, puede ser que sea distinta a la de otro, pero es su verdad. Las redes te pueden llevar a decir mentiras, hablas de un suceso y no sabes si fue real el lugar o lo acontecido. La falta de rigor conllevan a las noticias falsas, eso se debe controlar. <\/em><\/li>\n<\/ul>\n<p><strong>\u00bfQu\u00e9 opina del periodismo femenino?<\/strong><\/p>\n<ul>\n<li><em>Que tiene mucho por dar. El tema es lo que les ha costado interpretar el rol de una periodista integral. El mejor caso que puedo citar es el de Ana Mar\u00eda Navarrete y Mariana Granciera. Antes de ellas, pasaron muchas practicantes con ganas de ser periodistas, pero no sab\u00edan formular una nota, o qu\u00e9 hacer si la nota se cortaba, solo era presentar y los dem\u00e1s hac\u00edan el resto. Entendimos la importancia del ser integral. Ellas lo fueron y actualmente son las periodistas con m\u00e1s reconocimientos en el canal. Eso nos hace feliz. <\/em><\/li>\n<\/ul>\n<p><strong>\u00bfCon el tema del periodismo femenino, tenemos un gremio machista?<\/strong><\/p>\n<ul>\n<li>No solo es el gremio, el pa\u00eds como tal es machista. En Estados Unidos las mujeres pelean para ser mejor calificadas laboralmente y puedan tener los derechos que los hombres. No es un fen\u00f3meno solo del periodismo o del colombiano, es una falla mundial que debemos borrar y acabar. Hay mujeres brillantes y hay que reconocerlas. Ten\u00eda una directora con la que pele\u00e1bamos porque no sab\u00eda de f\u00fatbol, pero no pod\u00eda desconocer lo inteligente y capaz que era en el puesto, es Mar\u00eda Isabel Rueda.<\/li>\n<\/ul>\n<p><strong>\u00bfCu\u00e1l fue su primer galard\u00f3n como periodista?<\/strong><\/p>\n<ul>\n<li><em>El Premio Ondas de Espa\u00f1a, en 1997, estaba en el Noticiero Nacional en ese momento. El trabajo se llam\u00f3 \u2018Los ni\u00f1os de la selecci\u00f3n\u2019, una recopilaci\u00f3n de ni\u00f1os que de cierta manera eran el reflejo de la generaci\u00f3n de futbolistas de aquella \u00e9poca. Recuerdo que en Bolivia me encontr\u00e9 a un ni\u00f1o intentando hacer el escorpi\u00f3n de Higuita. En un circo o ciudad de hierro, hab\u00eda un disparador de balones y el ni\u00f1o trataba de hacer la jugada y le hice la nota. Ten\u00eda el pelo igual que Ren\u00e9. En Montevideo encontr\u00e9 a un ni\u00f1o con el corte del Pibe Valderrama, y as\u00ed encontr\u00e9 muchos casos. Cuando presentamos el material antes de enviarlo le dije a Carolina (mi esposa) que merec\u00eda un premio de periodismo, pero internacional, que diera reconocimiento y no dinero. Ese galard\u00f3n en Espa\u00f1a cumpl\u00eda con eso. Lo enviamos en marzo y en noviembre la agencia EFE notific\u00f3 en una nota que me lo hab\u00eda ganado. <\/em><\/li>\n<\/ul>\n<p><strong>\u00bfQu\u00e9 tan importante es su familia?<\/strong><\/p>\n<ul>\n<li><em>Muy importante. Es el eje de todo lo que tengo, es parte del discurso. Preparamos a la gente para ir al Mundial, lo hacemos con 11 meses de anticipaci\u00f3n y los \u00faltimos meses tratamos de que convivan bien con la familia, tanto as\u00ed que finalizamos la preparaci\u00f3n un mes antes de viajar. Los \u00faltimos fines de semana se los dejamos a sus seres queridos para disfrutar plenamente, porque van a dejar de verlos durante un mes. Uno sabe cu\u00e1ndo un empleado que bajo nuestro mando est\u00e1 con problemas de rendimiento, uno sabe que tiene problemas familiares y por eso tratamos que el eje de todo sea la familia. <\/em><\/li>\n<\/ul>\n<p><strong>\u00bfEl momento m\u00e1s feliz en su carrera como periodista deportivo?<\/strong><\/p>\n<ul>\n<li><em>Me emocion\u00e9 mucho en la trasmisi\u00f3n de la final de la Copa Am\u00e9rica, en el 2001, que gan\u00f3 Colombia. Ese d\u00eda me toc\u00f3 con William Vinasco. Quiz\u00e1s el sue\u00f1o que ten\u00eda antes era trasmitir la final de una Copa del Mundo y hab\u00eda gente tan importante por encima de m\u00ed en Caracol Radio que dec\u00eda: \u201cesto me va a tocar cuando est\u00e9 m\u00e1s viejo\u201d. En 1994, se dieron algunas circunstancias y hubo diferencias entre Pel\u00e1ez y Perea. El director me escogi\u00f3 para que comentara la final entre Brasil e Italia. Me parec\u00eda incre\u00edble, porque por encima de m\u00ed, en reconocimiento nacional, estaban Wbeimar Mu\u00f1oz y Javier Giraldo Neira. Habl\u00e9 con ambos porque una de las maneras m\u00e1s lindas de triunfar es respetar y no saltarse el proceso de los dem\u00e1s. <\/em><\/li>\n<\/ul>\n<p><strong>\u00bfEl momento m\u00e1s triste de la profesi\u00f3n?<\/strong><\/p>\n<ul>\n<li><em>Tengo muchos, a pesar de que paso las p\u00e1ginas de tristeza muy r\u00e1pido. El momento dif\u00edcil fue en la vuelta a Colombia, en 1975, uno de mis \u00eddolos era Gonzalo Mar\u00edn. La vuelta hab\u00eda salido de C\u00facuta y llegaba a Bucaramanga, hubo una neutralizaci\u00f3n que part\u00eda de Pamplona a Bucaramanga. En la bajada, a Gonzalo Mar\u00edn el tubular se le despeg\u00f3 y termin\u00f3 en gran riesgo de perder la vida. Estuvo un a\u00f1o largo fuera de carreras. Fui a verlo al hospital, porque a pesar de que era un comentarista d\u00f3cil me toc\u00f3 ver esa angustia. Ese proceso fue doloroso.<\/em><\/li>\n<\/ul>\n<p><strong>\u00bfQu\u00e9 es \u00a0indispensable en la maleta de viaje?<\/strong><\/p>\n<ul>\n<li><em>Un libro sobre f\u00fatbol, cuando voy a temas de f\u00fatbol; cuando voy a conferencias, llevo un libro del que estoy enamorado, \u2018El entorno t\u00f3xico\u2019, del escritor argentino Bernardo Stamateas, que dice sobre todo lo toxico que hay en la vida, c\u00f3mo sacarlo y c\u00f3mo vivir sin contaminarse de malas vibras. <\/em><\/li>\n<\/ul>\n<p><strong>\u00bfC\u00f3mo es un d\u00eda en su vida?<\/strong><\/p>\n<ul>\n<li><em>Me levanto 5:30 de la ma\u00f1ana. En los \u00faltimos 11 a\u00f1os mi vida cambi\u00f3 mucho gracias a mi \u00faltima hija, Sof\u00eda. Soy el encargado de llevarla al ba\u00f1o y alistarla. A pesar de que tiene 11 a\u00f1os, todav\u00eda la ayudo a ponerse los zapatos, a organizarse, la dejo en la ruta a las 6:30 y a las 7:00 estoy al aire en Blu Radio. Todo lo hago desde mi casa. A las 12:30 almuerzo, y arranco para el Canal, atiendo mis obligaciones en Blu Radio y despu\u00e9s paso al noticiero. Eso sin contar las reuniones que hay en una empresa como Caracol.<\/em><\/li>\n<\/ul>\n<p><strong>\u00bfQu\u00e9 opina del periodismo cucute\u00f1o?<\/strong><\/p>\n<ul>\n<li><em>C\u00facuta siempre ha tenido grandes periodistas. Tengo grandes amigos. Jorge Enrique Rico es un personaje al que admiro much\u00edsimo, tiene un gran carisma y es un ser humano excepcional; Carlos Humberto Ortega; compart\u00ed con un gran narrador samario C\u00e9sar Augusto Gariz\u00e1bal Fuentes; no me toc\u00f3 (Gilberto) Maldonado, pero vi nacer a Rodrigo V\u00e1squez Valencia, y a un hombre de radio excepcional, Carlos P\u00e9rez, fue mi jefe en mi \u00faltima etapa, era gerente en Radio Reloj y Caracol Radio. C\u00facuta siempre ha tenido buen periodismo, no hay que olvidar que tambi\u00e9n pasaron Wbeimar Mu\u00f1oz y Oscar Renter\u00eda. Eso hablaba del nivel exigente que hab\u00eda en esa \u00e9poca. <\/em><\/li>\n<\/ul>\n<p><strong>\u00bfQu\u00e9 tanto cari\u00f1o le tiene a C\u00facuta?<\/strong><\/p>\n<ul>\n<li><em>Me encanta, me fascina la ciudad. Tengo grandes amigos, un amigo del alma es el ur\u00f3logo Manuel D\u00edaz; <\/em><em>Hugo Horacio L\u00f3ndero<\/em><em> y German Burrito Gonz\u00e1lez, son de esos amigos que uno puede quedarse ocho d\u00edas con ellos dialogando.<\/em><\/li>\n<\/ul>\n<p><strong>\u00bfC\u00f3mo podemos describir a Javier Hern\u00e1ndez Bonett?<\/strong><\/p>\n<ul>\n<li>Soy un ser humano corriente, lleno de defectos que trata de disimularlos con el trabajo, dedicado al periodismo, a amar el periodismo. Ese soy yo.<\/li>\n<\/ul>\n<p><strong>JORDY ORLANDO CRUZ<\/strong><\/p>\n","protected":false},"excerpt":{"rendered":"<p>C\u00daCUTA.- El periodismo es una carrera de largo aliento, as\u00ed define en una frase Javier Hern\u00e1ndez la profesi\u00f3n que le ha entregado tantas alegr\u00edas. En esta segunda parte dialoga sobre los cambios del periodismo, el aporte femenino a la profesi\u00f3n, la relaci\u00f3n con Javier Fern\u00e1ndez Franco y Gustavo Alfaro, y aspectos personales que lo definen &hellip;<\/p>\n","protected":false},"author":1,"featured_media":34801,"comment_status":"open","ping_status":"open","sticky":false,"template":"","format":"standard","meta":{"footnotes":""},"categories":[4,28],"tags":[4669,4692,3728],"class_list":["post-34800","post","type-post","status-publish","format-standard","has-post-thumbnail","hentry","category-barra","category-vistazo-deportivo","tag-gol-caracol","tag-javier-hernandez-bonett","tag-periodismo-deportivo"],"_links":{"self":[{"href":"https:\/\/contraluzcucuta.co\/index.php?rest_route=\/wp\/v2\/posts\/34800","targetHints":{"allow":["GET"]}}],"collection":[{"href":"https:\/\/contraluzcucuta.co\/index.php?rest_route=\/wp\/v2\/posts"}],"about":[{"href":"https:\/\/contraluzcucuta.co\/index.php?rest_route=\/wp\/v2\/types\/post"}],"author":[{"embeddable":true,"href":"https:\/\/contraluzcucuta.co\/index.php?rest_route=\/wp\/v2\/users\/1"}],"replies":[{"embeddable":true,"href":"https:\/\/contraluzcucuta.co\/index.php?rest_route=%2Fwp%2Fv2%2Fcomments&post=34800"}],"version-history":[{"count":1,"href":"https:\/\/contraluzcucuta.co\/index.php?rest_route=\/wp\/v2\/posts\/34800\/revisions"}],"predecessor-version":[{"id":34802,"href":"https:\/\/contraluzcucuta.co\/index.php?rest_route=\/wp\/v2\/posts\/34800\/revisions\/34802"}],"wp:featuredmedia":[{"embeddable":true,"href":"https:\/\/contraluzcucuta.co\/index.php?rest_route=\/wp\/v2\/media\/34801"}],"wp:attachment":[{"href":"https:\/\/contraluzcucuta.co\/index.php?rest_route=%2Fwp%2Fv2%2Fmedia&parent=34800"}],"wp:term":[{"taxonomy":"category","embeddable":true,"href":"https:\/\/contraluzcucuta.co\/index.php?rest_route=%2Fwp%2Fv2%2Fcategories&post=34800"},{"taxonomy":"post_tag","embeddable":true,"href":"https:\/\/contraluzcucuta.co\/index.php?rest_route=%2Fwp%2Fv2%2Ftags&post=34800"}],"curies":[{"name":"wp","href":"https:\/\/api.w.org\/{rel}","templated":true}]}}