{"id":34785,"date":"2019-09-25T19:39:49","date_gmt":"2019-09-26T00:39:49","guid":{"rendered":"http:\/\/contraluzcucuta.co\/?p=34785"},"modified":"2019-09-25T19:39:49","modified_gmt":"2019-09-26T00:39:49","slug":"howard-buffet-yo-me-puse-mis-botas-el-presidente-duque-me-las-regalo","status":"publish","type":"post","link":"https:\/\/contraluzcucuta.co\/?p=34785","title":{"rendered":"HOWARD BUFFET. \u201cYo me puse mis botas. El Presidente (Duque) me las regal\u00f3\u201d"},"content":{"rendered":"<p style=\"text-align: right;\"><span style=\"color: #ff9900;\"><strong>NUEVA YORK.-<\/strong> Las botas troperas, amarillas, que luc\u00eda el magnate y fil\u00e1ntropo multimillonario Howard Buffet, acompa\u00f1ando su elegante traje oscuro y de corbata a rayas, se las regal\u00f3 el presidente Iv\u00e1n Duque hace un par de meses. \u201cMe pregunt\u00f3 si las iba a llevar puestas y le dije que s\u00ed, que s\u00ed\u201d, dijo mientras exhib\u00eda con gracia el calzado.<\/span><\/p>\n<p>El detalle curioso llam\u00f3 la atenci\u00f3n de los cerca de 500 asistentes al conversatorio \u2018<em>Private Capital as a Mechanism in Sustaining Peace<\/em>\u2019, el 23 de septiembre, en el Hotel Grand Hyatt, en Nueva York.<\/p>\n<p>El magnate visit\u00f3 Colombia para conocer, de primera mano, la pol\u00edtica de Paz con Legalidad del mandatario colombiano, y apoyar con inversiones, por medio de la Fundaci\u00f3n Howard G. Buffet, las zonas afectadas por la violencia.<\/p>\n<p>En medio de la conversaci\u00f3n con el presidente colombiano, el multimillonario levant\u00f3 las piernas y, con orgullo y picard\u00eda, mostr\u00f3 las botas de campa\u00f1a al nutrido auditorio. \u201cYo me puse mis botas. El Presidente (Duque) me las regal\u00f3\u201d. Pero el Jefe de Estado colombiano no le compr\u00f3 el regalo al magnate en cualquier parte.<\/p>\n<p>A mediados de marzo, en la visita al antiguo Espacio Territorial de Capacitaci\u00f3n y Reincorporaci\u00f3n (ETCR) de Tierra Grata, en La Paz (Cesar), se las compr\u00f3 a un grupo de excombatientes que tienen la fabricaci\u00f3n de botas como proyecto productivo.<\/p>\n<p>\u201cEste es un magn\u00edfico ejemplo de una cooperativa de ex miembros de las Farc. Y me regalaron las botas y me regalaron una mochila. Y as\u00ed es como uno logra cambiar las cosas. Y as\u00ed es como se mantiene la paz\u201d, expres\u00f3 el multimillonario.<\/p>\n<p>Mostrando nuevamente las botas al p\u00fablico, dijo, orgulloso: \u201cEs una parte muy peque\u00f1a, pero son esas peque\u00f1as partes las que, todas juntas, nos llevan a sostener la paz. Y por eso estamos muy interesados\u201d en seguir apoyando la Pol\u00edtica de Paz con Legalidad del Presidente Duque.<\/p>\n<p>El empresario estadounidense Howard Buffet anunci\u00f3 la inversi\u00f3n de entre 150 y 200 millones de d\u00f3lares destinados a obras de infraestructura en la subregi\u00f3n de El Catatumbo, afectada por la violencia y la pobreza.<\/p>\n<p>El magnate hizo el anuncio durante un conversatorio con el Presidente Iv\u00e1n Duque M\u00e1rquez, en la Cumbre Anual Concordia 2019, el foro m\u00e1s grande que se efect\u00faa de forma paralela a la Asamblea General de las Naciones Unidas.<\/p>\n<p>\u201cMe atrevo a decir y estoy seguro de que vamos a invertir entre 150 y 200 millones de d\u00f3lares, en los pr\u00f3ximo 5 a\u00f1os, en esa regi\u00f3n (de El Catatumbo)\u201d, se\u00f1al\u00f3 Buffet. Los recursos ser\u00e1n invertidos en la construcci\u00f3n de v\u00edas, colegios, cl\u00ednicas, centros de salud y centros comunitarios.<\/p>\n<p>El empresario afirm\u00f3 que con este tipo de inversiones, que requieren de la participaci\u00f3n de las comunidades, se puede disminuir el accionar y la intimidaci\u00f3n de los grupos criminales que hay en esa subregi\u00f3n y que est\u00e1n vinculados con actividades de narcotr\u00e1fico.<\/p>\n","protected":false},"excerpt":{"rendered":"<p>NUEVA YORK.- Las botas troperas, amarillas, que luc\u00eda el magnate y fil\u00e1ntropo multimillonario Howard Buffet, acompa\u00f1ando su elegante traje oscuro y de corbata a rayas, se las regal\u00f3 el presidente Iv\u00e1n Duque hace un par de meses. \u201cMe pregunt\u00f3 si las iba a llevar puestas y le dije que s\u00ed, que s\u00ed\u201d, dijo mientras exhib\u00eda &hellip;<\/p>\n","protected":false},"author":1,"featured_media":34786,"comment_status":"open","ping_status":"open","sticky":false,"template":"","format":"standard","meta":{"footnotes":""},"categories":[45],"tags":[4690,4339],"class_list":["post-34785","post","type-post","status-publish","format-standard","has-post-thumbnail","hentry","category-destacado","tag-howard-buffet","tag-presidente-ivan-duque"],"_links":{"self":[{"href":"https:\/\/contraluzcucuta.co\/index.php?rest_route=\/wp\/v2\/posts\/34785","targetHints":{"allow":["GET"]}}],"collection":[{"href":"https:\/\/contraluzcucuta.co\/index.php?rest_route=\/wp\/v2\/posts"}],"about":[{"href":"https:\/\/contraluzcucuta.co\/index.php?rest_route=\/wp\/v2\/types\/post"}],"author":[{"embeddable":true,"href":"https:\/\/contraluzcucuta.co\/index.php?rest_route=\/wp\/v2\/users\/1"}],"replies":[{"embeddable":true,"href":"https:\/\/contraluzcucuta.co\/index.php?rest_route=%2Fwp%2Fv2%2Fcomments&post=34785"}],"version-history":[{"count":1,"href":"https:\/\/contraluzcucuta.co\/index.php?rest_route=\/wp\/v2\/posts\/34785\/revisions"}],"predecessor-version":[{"id":34787,"href":"https:\/\/contraluzcucuta.co\/index.php?rest_route=\/wp\/v2\/posts\/34785\/revisions\/34787"}],"wp:featuredmedia":[{"embeddable":true,"href":"https:\/\/contraluzcucuta.co\/index.php?rest_route=\/wp\/v2\/media\/34786"}],"wp:attachment":[{"href":"https:\/\/contraluzcucuta.co\/index.php?rest_route=%2Fwp%2Fv2%2Fmedia&parent=34785"}],"wp:term":[{"taxonomy":"category","embeddable":true,"href":"https:\/\/contraluzcucuta.co\/index.php?rest_route=%2Fwp%2Fv2%2Fcategories&post=34785"},{"taxonomy":"post_tag","embeddable":true,"href":"https:\/\/contraluzcucuta.co\/index.php?rest_route=%2Fwp%2Fv2%2Ftags&post=34785"}],"curies":[{"name":"wp","href":"https:\/\/api.w.org\/{rel}","templated":true}]}}