{"id":34782,"date":"2019-09-25T19:12:12","date_gmt":"2019-09-26T00:12:12","guid":{"rendered":"http:\/\/contraluzcucuta.co\/?p=34782"},"modified":"2019-09-25T19:12:12","modified_gmt":"2019-09-26T00:12:12","slug":"aqui-cabemos-todos-31-candidatos-han-firmado-el-compromiso-colombia-libre-de-xenofobia","status":"publish","type":"post","link":"https:\/\/contraluzcucuta.co\/?p=34782","title":{"rendered":"\u2018AQU\u00cd CABEMOS TODOS\u2019. 31 candidatos han firmado el compromiso \u2018Colombia libre de xenofobia\u2019"},"content":{"rendered":"<p style=\"text-align: right;\"><span style=\"color: #ff9900;\"><strong>C\u00daCUTA.-<\/strong> Norte de Santander es el departamento con mayor participaci\u00f3n en la iniciativa \u2018Aqu\u00ed cabemos todos. Colombia libre de xenofobia\u2019, que comenz\u00f3 el 5 de septiembre. Cerca de 31 candidatos a la Alcald\u00eda, Gobernaci\u00f3n y Concejo han firmado el compromiso.<\/span><\/p>\n<p>La Procuradur\u00eda General de la Naci\u00f3n y el Programa de Estabilizaci\u00f3n Comunitaria de la Agencia de Estados Unidos para el Desarrollo Internacional (USAID), implementado por la Organizaci\u00f3n Internacional para las Migraciones (OIM), presentar\u00e1n en C\u00facuta la campa\u00f1a, este 26 de septiembre, en la Universidad Libre, a la 1:00 de la tarde, en cumplimiento del foro Voz por la justicia.<\/p>\n<p>La campa\u00f1a tiene como objetivo prevenir la utilizaci\u00f3n de discursos xen\u00f3fobos contra la poblaci\u00f3n refugiada y migrante venezolana por parte de los candidatos a Gobernaci\u00f3n, Alcald\u00eda, Asamblea y Concejo.<\/p>\n<p>La presentaci\u00f3n contar\u00e1 con la presencia del procurador General de La Naci\u00f3n, Fernando Carrillo Fl\u00f3rez, quien al final har\u00e1 un acto simb\u00f3lico con los asistentes y un mapa de Colombia gigante con la frase insignia de la campa\u00f1a, \u2018Aqu\u00ed Cabemos Todos. Colombia Libre de xenofobia\u2019.<\/p>\n<p>La invitaci\u00f3n ser\u00e1 a que todos se ubiquen dentro del croquis y se tomen una foto a\u00e9rea con un dron. El acto responde a la invitaci\u00f3n que el Procurador General de la Naci\u00f3n les hizo a los candidatos participantes en las elecciones territoriales a suscribir un compromiso simb\u00f3lico de no empleo de lenguaje xen\u00f3fobo en los discursos de campa\u00f1a.<\/p>\n<p>\u2018Aqu\u00ed cabemos todos. Colombia libre de xenofobia\u2019 resalta los beneficios de una migraci\u00f3n positiva y muestra c\u00f3mo con el trabajo, las ideas y el talento de los refugiados y los migrantes, los pa\u00edses de acogida crecen social, econ\u00f3mica y culturalmente, se enriquecen y sus sociedades ganan en diversidad y pluralismo.<\/p>\n<p>Ciento tres \u00a0candidatos se han suscrito a la campa\u00f1a y han mostrado respaldo por la inclusi\u00f3n y el respeto de los migrantes y refugiados venezolanos.<\/p>\n<p>La finalidad es prevenir la utilizaci\u00f3n de discursos xen\u00f3fobos por parte de los candidatos a las elecciones del 27 de octubre contra la poblaci\u00f3n de refugiados y migrantes provenientes de Venezuela y garantizar que no se viole el derecho a la no discriminaci\u00f3n contemplado en la Constituci\u00f3n Pol\u00edtica de Colombia.<\/p>\n<p>La campa\u00f1a est\u00e1 dirigida a los partidos pol\u00edticos y a los candidatos a alcald\u00edas, gobernaciones, concejos, asambleas y juntas administradoras locales del pa\u00eds. Busca que los candidatos firmen el compromiso en el sitio web www.aquicabemostodos.org en donde descargar\u00e1n el certificado de compromiso a no utilizar leguaje xen\u00f3fobo.<\/p>\n<p>Tambi\u00e9n, est\u00e1 dirigida a la sociedad civil para que no replique mensajes xen\u00f3fobos y, por el contrario, reconozca los aspectos positivos de la migraci\u00f3n.<\/p>\n","protected":false},"excerpt":{"rendered":"<p>C\u00daCUTA.- Norte de Santander es el departamento con mayor participaci\u00f3n en la iniciativa \u2018Aqu\u00ed cabemos todos. Colombia libre de xenofobia\u2019, que comenz\u00f3 el 5 de septiembre. Cerca de 31 candidatos a la Alcald\u00eda, Gobernaci\u00f3n y Concejo han firmado el compromiso. La Procuradur\u00eda General de la Naci\u00f3n y el Programa de Estabilizaci\u00f3n Comunitaria de la Agencia &hellip;<\/p>\n","protected":false},"author":1,"featured_media":34783,"comment_status":"open","ping_status":"open","sticky":false,"template":"","format":"standard","meta":{"footnotes":""},"categories":[4,9],"tags":[4687,4688,4689,4013,348],"class_list":["post-34782","post","type-post","status-publish","format-standard","has-post-thumbnail","hentry","category-barra","category-politica","tag-aqui-cabemos-todos","tag-colombia-libre-de-xenofobia","tag-elecciones-regionales","tag-migrantes-venezolanos","tag-procuraduria-general-de-la-nacion"],"_links":{"self":[{"href":"https:\/\/contraluzcucuta.co\/index.php?rest_route=\/wp\/v2\/posts\/34782","targetHints":{"allow":["GET"]}}],"collection":[{"href":"https:\/\/contraluzcucuta.co\/index.php?rest_route=\/wp\/v2\/posts"}],"about":[{"href":"https:\/\/contraluzcucuta.co\/index.php?rest_route=\/wp\/v2\/types\/post"}],"author":[{"embeddable":true,"href":"https:\/\/contraluzcucuta.co\/index.php?rest_route=\/wp\/v2\/users\/1"}],"replies":[{"embeddable":true,"href":"https:\/\/contraluzcucuta.co\/index.php?rest_route=%2Fwp%2Fv2%2Fcomments&post=34782"}],"version-history":[{"count":1,"href":"https:\/\/contraluzcucuta.co\/index.php?rest_route=\/wp\/v2\/posts\/34782\/revisions"}],"predecessor-version":[{"id":34784,"href":"https:\/\/contraluzcucuta.co\/index.php?rest_route=\/wp\/v2\/posts\/34782\/revisions\/34784"}],"wp:featuredmedia":[{"embeddable":true,"href":"https:\/\/contraluzcucuta.co\/index.php?rest_route=\/wp\/v2\/media\/34783"}],"wp:attachment":[{"href":"https:\/\/contraluzcucuta.co\/index.php?rest_route=%2Fwp%2Fv2%2Fmedia&parent=34782"}],"wp:term":[{"taxonomy":"category","embeddable":true,"href":"https:\/\/contraluzcucuta.co\/index.php?rest_route=%2Fwp%2Fv2%2Fcategories&post=34782"},{"taxonomy":"post_tag","embeddable":true,"href":"https:\/\/contraluzcucuta.co\/index.php?rest_route=%2Fwp%2Fv2%2Ftags&post=34782"}],"curies":[{"name":"wp","href":"https:\/\/api.w.org\/{rel}","templated":true}]}}