{"id":34708,"date":"2019-09-07T06:46:46","date_gmt":"2019-09-07T11:46:46","guid":{"rendered":"http:\/\/contraluzcucuta.co\/?p=34708"},"modified":"2019-09-07T06:47:01","modified_gmt":"2019-09-07T11:47:01","slug":"%ef%bb%bfcasa-de-la-mujer-empoderada-lista-para-impulsar-el-emprendimiento-de-las-cucutenas","status":"publish","type":"post","link":"https:\/\/contraluzcucuta.co\/?p=34708","title":{"rendered":"\ufeffCASA DE LA MUJER EMPODERADA. Lista para impulsar el emprendimiento de las cucute\u00f1as"},"content":{"rendered":"\n<p class=\"wp-block-paragraph\" style=\"text-align:right\"><strong>C\u00daCUTA.-<\/strong> <strong><em>La Casa de la Mujer Empoderada busca potencializar las competencias y las habilidades de las mujeres de la regi\u00f3n. Estas casas se conciben como el proyecto para alcanzar la equidad de g\u00e9nero. La vicepresidente Marta Luc\u00eda Ram\u00edrez y la asesora del presidente de Estados Unidos, Ivanka Trump, entregaron en C\u00facuta uno de estos centros de apoyo a la poblaci\u00f3n femenina.<\/em><\/strong><\/p>\n\n\n\n<p class=\"wp-block-paragraph\">Entidades p\u00fablicas y empresas privadas dieron\napoyo para hacer realidad la iniciativa en la capital nortesantandereana. \u201cLo\nm\u00e1s importante de un proyecto de emprendimiento, es saber manejar sus costos.\n\u00a1Salir de verdad a conquistar el mercado nacional e internacional!\u201d, dijo la\nVicepresidente. <\/p>\n\n\n\n<p class=\"wp-block-paragraph\">Por medio de la Casa de la Mujer se brindar\u00e1:<\/p>\n\n\n\n<p class=\"wp-block-paragraph\">1.- Acceso m\u00e1s amplio a la oferta de\noportunidades del Estado<\/p>\n\n\n\n<p class=\"wp-block-paragraph\">2.- Asesor\u00eda jur\u00eddica en tr\u00e1mites de\nseparaci\u00f3n, reparto de bienes y reclamaci\u00f3n de derechos. <\/p>\n\n\n\n<p class=\"wp-block-paragraph\">3.- Formaci\u00f3n permanente en tecnolog\u00eda, para acceder\na estudios en distintas \u00e1reas del conocimiento.<\/p>\n\n\n\n<p class=\"wp-block-paragraph\">4.- Capacitaci\u00f3n financiera a las mujeres de\nC\u00facuta y de Norte de Santander.<\/p>\n\n\n\n<p class=\"wp-block-paragraph\">En alianza con la Sociedad de Activos\nEspeciales (SAE), entidad encargada de administrar los inmuebles decomisados\nproducto de actividades il\u00edcitas, se han puesto a disposici\u00f3n 800 casas para destinaci\u00f3n\ndel proyecto en el pa\u00eds.<\/p>\n\n\n\n<p class=\"wp-block-paragraph\">La de C\u00facuta es la segunda Casa de la Mujer\nEmpoderada que se entrega en Colombia y se busca impulsar el emprendimiento de\nlas nortesantandereanas. El objetivo es aportar durante los pr\u00f3ximos dos a\u00f1os\nde gobierno, un mill\u00f3n de mujeres empoderadas.<\/p>\n\n\n\n<p class=\"wp-block-paragraph\">\u201cEstamos promoviendo desde la Vicepresidencia\nel verdadero empoderamiento de las mujeres, ese que viene de adentro, el\nempoderamiento emocional\u201d, dijo Marta Luc\u00eda Ram\u00edrez. Se\u00f1al\u00f3 que el\nempoderamiento \u201cnos recuerda todos los d\u00edas que somos capaces, merecedoras,\ndue\u00f1as de nuestras propias decisiones\u201d.<\/p>\n\n\n\n<p class=\"wp-block-paragraph\">La Vicepresidencia y la Consejer\u00eda\npresidencial para la Equidad de la Mujer buscan generar oportunidades que potencializar\u00e1n\nlas competencias y las habilidades de las mujeres, con el fin de lograr el\ncierre de las brechas de desigualdad en el territorio nacional. <\/p>\n\n\n\n<p class=\"wp-block-paragraph\">A corto plazo se inaugurar\u00e1 otra casa de la\nMujer en C\u00facuta, para migrantes venezolanas. \u201cNuestra meta es tener, para 2020,\ncobertura en todo el territorio nacional con 32 casas de la Mujer en las\nprincipales capitales del pa\u00eds\u201d, se\u00f1al\u00f3 la Vicepresidente. <\/p>\n\n\n\n<p class=\"wp-block-paragraph\">La programaci\u00f3n en el segundo semestre del\n2019 contempla la apertura de 10 casas de la mujer en las zonas priorizadas por\ndesignaci\u00f3n del presidente Iv\u00e1n Duque y por demanda social de acuerdo con las\nnecesidades de los territorios.<\/p>\n","protected":false},"excerpt":{"rendered":"<p>C\u00daCUTA.- La Casa de la Mujer Empoderada busca potencializar las competencias y las habilidades de las mujeres de la regi\u00f3n. Estas casas se conciben como el proyecto para alcanzar la equidad de g\u00e9nero. La vicepresidente Marta Luc\u00eda Ram\u00edrez y la asesora del presidente de Estados Unidos, Ivanka Trump, entregaron en C\u00facuta uno de estos centros &hellip;<\/p>\n","protected":false},"author":1,"featured_media":34709,"comment_status":"open","ping_status":"open","sticky":false,"template":"","format":"standard","meta":{"footnotes":""},"categories":[4,6],"tags":[4661,4662,4663],"class_list":["post-34708","post","type-post","status-publish","format-standard","has-post-thumbnail","hentry","category-barra","category-ojo-avizor","tag-casa-de-la-mujer","tag-ivanka-trump","tag-vicepresidencia-de-la-republica"],"_links":{"self":[{"href":"https:\/\/contraluzcucuta.co\/index.php?rest_route=\/wp\/v2\/posts\/34708","targetHints":{"allow":["GET"]}}],"collection":[{"href":"https:\/\/contraluzcucuta.co\/index.php?rest_route=\/wp\/v2\/posts"}],"about":[{"href":"https:\/\/contraluzcucuta.co\/index.php?rest_route=\/wp\/v2\/types\/post"}],"author":[{"embeddable":true,"href":"https:\/\/contraluzcucuta.co\/index.php?rest_route=\/wp\/v2\/users\/1"}],"replies":[{"embeddable":true,"href":"https:\/\/contraluzcucuta.co\/index.php?rest_route=%2Fwp%2Fv2%2Fcomments&post=34708"}],"version-history":[{"count":2,"href":"https:\/\/contraluzcucuta.co\/index.php?rest_route=\/wp\/v2\/posts\/34708\/revisions"}],"predecessor-version":[{"id":34711,"href":"https:\/\/contraluzcucuta.co\/index.php?rest_route=\/wp\/v2\/posts\/34708\/revisions\/34711"}],"wp:featuredmedia":[{"embeddable":true,"href":"https:\/\/contraluzcucuta.co\/index.php?rest_route=\/wp\/v2\/media\/34709"}],"wp:attachment":[{"href":"https:\/\/contraluzcucuta.co\/index.php?rest_route=%2Fwp%2Fv2%2Fmedia&parent=34708"}],"wp:term":[{"taxonomy":"category","embeddable":true,"href":"https:\/\/contraluzcucuta.co\/index.php?rest_route=%2Fwp%2Fv2%2Fcategories&post=34708"},{"taxonomy":"post_tag","embeddable":true,"href":"https:\/\/contraluzcucuta.co\/index.php?rest_route=%2Fwp%2Fv2%2Ftags&post=34708"}],"curies":[{"name":"wp","href":"https:\/\/api.w.org\/{rel}","templated":true}]}}