{"id":34705,"date":"2019-09-07T06:15:01","date_gmt":"2019-09-07T11:15:01","guid":{"rendered":"http:\/\/contraluzcucuta.co\/?p=34705"},"modified":"2019-09-07T06:15:03","modified_gmt":"2019-09-07T11:15:03","slug":"%ef%bb%bffiesta-del-libro-conferencias-charlas-conversatorios-recitales-poeticos-y-degustacion-de-cafe","status":"publish","type":"post","link":"https:\/\/contraluzcucuta.co\/?p=34705","title":{"rendered":"\ufeffFIESTA DEL LIBRO. Conferencias, charlas, conversatorios, recitales po\u00e9ticos y degustaci\u00f3n de caf\u00e9"},"content":{"rendered":"\n<p class=\"wp-block-paragraph\" style=\"text-align:right\"><strong>C\u00daCUTA.-<\/strong> <strong><em>Orlando Moncada, de\u00a0 Ragonvalia, recibi\u00f3 el galard\u00f3n como mejor productor de caf\u00e9 en Norte de Santander. La premiaci\u00f3n se llev\u00f3 a cabo en el quinto d\u00eda de la Fiesta del Libro de C\u00facuta. La premiaci\u00f3n corresponde a la novena versi\u00f3n del concurso Saboreando el caf\u00e9 de mi tierra, liderado por la Federaci\u00f3n Nacional de Caf\u00e9.<\/em><\/strong><\/p>\n\n\n\n<p class=\"wp-block-paragraph\">El objetivo es reconocer y exaltar el trabajo\nde los caficultores de la regi\u00f3n. En el concurso participaron 80 familias\nproductoras, de las cuales fueron seleccionados 45. Despu\u00e9s de un proceso de\nelecci\u00f3n 12 municipios llegaron a la etapa final. El segundo lugar correspondi\u00f3\na Arboledas. <\/p>\n\n\n\n<p class=\"wp-block-paragraph\">En otras actividades de la Fiesta\u2026 <\/p>\n\n\n\n<p class=\"wp-block-paragraph\">1.- Los mel\u00f3manos escucharon al columnista de\nm\u00fasica de la Revista Semana Juan Carlos Garay. El escritor present\u00f3 la obra \u2018La\nnostalgia del mel\u00f3mano\u2019, novela escrita hace 15 a\u00f1os.&nbsp; <\/p>\n\n\n\n<p class=\"wp-block-paragraph\">2.- Mujeres v\u00edctimas del conflicto armado\ncolombiano de diferentes zonas del pa\u00eds dirigieron en compa\u00f1\u00eda de la Comisi\u00f3n\nde la Verdad C\u00facuta, el conversatorio sobre experiencias e historias&nbsp; con la violencia.<\/p>\n\n\n\n<p class=\"wp-block-paragraph\">3.- En la franja Venezuela en el exilio,\nIdania Chririnos, Ib\u00e9yise Pacheco y Miguel Otero desarrollaron el conversatorio\nalrededor de la pregunta \u00bfPor qu\u00e9 me fui de Venezuela? La reflexi\u00f3n abarc\u00f3 la\ncensura de los medios de comunicaci\u00f3n, la persecuci\u00f3n y la migraci\u00f3n hacia\ntierras lejanas.<\/p>\n\n\n\n<p class=\"wp-block-paragraph\">4.- El taller Rayuela, en la terraza\nprincipal, puso a respirar y recitar poes\u00eda a los cucute\u00f1os.<\/p>\n\n\n\n<p class=\"wp-block-paragraph\">5.- Presentaci\u00f3n del libro Mujeres que matan,\ndel escritor Alberto Barrera Tyszka. La novela se desenvuelve en Caracas.<\/p>\n\n\n\n<p class=\"wp-block-paragraph\">6.- Leonardo Mor\u00e1n present\u00f3 el libro Los\nn\u00e9ctares de Leo Cocinero, selecci\u00f3n de 108 bebidas nutritivas y saludables que\nresaltan la importancia de la buena alimentaci\u00f3n y la pr\u00e1ctica del ejercicio\nf\u00edsico<\/p>\n\n\n\n<p class=\"wp-block-paragraph\">7.- Concierto ilustrado del libro infantil\n\u2018Sim y Noa, dirigido por Julio C\u00e9sar Gonz\u00e1lez, \u2018Matador\u2019.<\/p>\n\n\n\n<p class=\"wp-block-paragraph\">8.- Taller Sesi\u00f3n Psicosocial: imaginarios\nsobre las v\u00edctimas. Estudiantes del colegio Sim\u00f3n Bol\u00edvar plasmaron en un \u00e1rbol\nmensajes para El Catatumbo con el objetivo de construir un departamento basado\nen respeto, di\u00e1logo y paz. <\/p>\n\n\n\n<p class=\"wp-block-paragraph\">9.- Alumnos de los programas de comunicaci\u00f3n\nsocial de las universidades Francisco de Paula Santander y de Pamplona\npresentaron las revistas Ixora y Veintisite Grados, que recopilan escritos\nbasados en historias de vida, an\u00e9cdotas y cr\u00f3nicas de la ciudad. <\/p>\n\n\n\n<p class=\"wp-block-paragraph\">10.- \u2018Las Mujeres Tejedoras\u2019 del Museo Casa\nNatal del General Francisco de Paula Santander, con hilo y aguja en mano, tejen\nsobre lienzo un cuadro colectivo para conmemorar el centenario de Biblioteca\nJulio P\u00e9rez Ferrero. <\/p>\n\n\n\n<p class=\"wp-block-paragraph\">11.- Conferencia \u2018Movimientos\nindependentistas en Norte de Santander,, dirigida por Gustavo G\u00f3mez.<\/p>\n\n\n\n<p class=\"wp-block-paragraph\">12.- La ex Fiscal General de Venezuela, Luisa\nOrtega D\u00edaz, dirigi\u00f3 la charla \u2018Venezuela un nuevo comienzo\u2019.<\/p>\n\n\n\n<p class=\"wp-block-paragraph\">13.- Carolina San\u00edn present\u00f3 el libro \u2018Somos\nluces abismales, recopilaci\u00f3n de relatos que invitan al lector a la reflexi\u00f3n\nexistencial y po\u00e9tica. El texto trasmite libertad de pensamiento y enfatiza las\nan\u00e9cdotas como centro de la vida y la condici\u00f3n humana. <\/p>\n","protected":false},"excerpt":{"rendered":"<p>C\u00daCUTA.- Orlando Moncada, de\u00a0 Ragonvalia, recibi\u00f3 el galard\u00f3n como mejor productor de caf\u00e9 en Norte de Santander. La premiaci\u00f3n se llev\u00f3 a cabo en el quinto d\u00eda de la Fiesta del Libro de C\u00facuta. La premiaci\u00f3n corresponde a la novena versi\u00f3n del concurso Saboreando el caf\u00e9 de mi tierra, liderado por la Federaci\u00f3n Nacional de &hellip;<\/p>\n","protected":false},"author":1,"featured_media":34706,"comment_status":"open","ping_status":"open","sticky":false,"template":"","format":"standard","meta":{"footnotes":""},"categories":[4,37],"tags":[1593,4660],"class_list":["post-34705","post","type-post","status-publish","format-standard","has-post-thumbnail","hentry","category-barra","category-paseo-cultural","tag-fiesta-del-libro-de-cucuta","tag-flic"],"_links":{"self":[{"href":"https:\/\/contraluzcucuta.co\/index.php?rest_route=\/wp\/v2\/posts\/34705","targetHints":{"allow":["GET"]}}],"collection":[{"href":"https:\/\/contraluzcucuta.co\/index.php?rest_route=\/wp\/v2\/posts"}],"about":[{"href":"https:\/\/contraluzcucuta.co\/index.php?rest_route=\/wp\/v2\/types\/post"}],"author":[{"embeddable":true,"href":"https:\/\/contraluzcucuta.co\/index.php?rest_route=\/wp\/v2\/users\/1"}],"replies":[{"embeddable":true,"href":"https:\/\/contraluzcucuta.co\/index.php?rest_route=%2Fwp%2Fv2%2Fcomments&post=34705"}],"version-history":[{"count":1,"href":"https:\/\/contraluzcucuta.co\/index.php?rest_route=\/wp\/v2\/posts\/34705\/revisions"}],"predecessor-version":[{"id":34707,"href":"https:\/\/contraluzcucuta.co\/index.php?rest_route=\/wp\/v2\/posts\/34705\/revisions\/34707"}],"wp:featuredmedia":[{"embeddable":true,"href":"https:\/\/contraluzcucuta.co\/index.php?rest_route=\/wp\/v2\/media\/34706"}],"wp:attachment":[{"href":"https:\/\/contraluzcucuta.co\/index.php?rest_route=%2Fwp%2Fv2%2Fmedia&parent=34705"}],"wp:term":[{"taxonomy":"category","embeddable":true,"href":"https:\/\/contraluzcucuta.co\/index.php?rest_route=%2Fwp%2Fv2%2Fcategories&post=34705"},{"taxonomy":"post_tag","embeddable":true,"href":"https:\/\/contraluzcucuta.co\/index.php?rest_route=%2Fwp%2Fv2%2Ftags&post=34705"}],"curies":[{"name":"wp","href":"https:\/\/api.w.org\/{rel}","templated":true}]}}