{"id":34693,"date":"2019-09-03T17:11:53","date_gmt":"2019-09-03T22:11:53","guid":{"rendered":"http:\/\/contraluzcucuta.co\/?p=34693"},"modified":"2019-09-03T17:11:55","modified_gmt":"2019-09-03T22:11:55","slug":"festival-de-cine-inscritos-mas-de-130-cortometrajes-de-alta-calidad","status":"publish","type":"post","link":"https:\/\/contraluzcucuta.co\/?p=34693","title":{"rendered":"FESTIVAL DE CINE. Inscritos m\u00e1s de 130 cortometrajes de alta calidad"},"content":{"rendered":"\n<p class=\"wp-block-paragraph\" style=\"text-align:right\"><strong>C\u00daCUTA.-<\/strong> <strong><em>Los nortesantandereanos podr\u00e1n disfrutar del festival de cine y cortometrajes de Norte de Santander, durante la primera semana de septiembre, como parte de las actividades que ofrecer\u00e1 la Fiesta del Libro de C\u00facuta. La segunda versi\u00f3n traer\u00e1 invitados y conferencias libres para los cucute\u00f1os. <\/em><\/strong><\/p>\n\n\n\n<p class=\"wp-block-paragraph\">En el 2017, se cont\u00f3 con la presencia de:<\/p>\n\n\n\n<p class=\"wp-block-paragraph\">1.- Diana Pati\u00f1o. Productora del cortometraje\nLeidy, ganador de La Palma de Oro de Cannes<\/p>\n\n\n\n<p class=\"wp-block-paragraph\">2.- Giselle Geney. Ganadora del Fondo de Desarrollo\nCinematogr\u00e1fico<\/p>\n\n\n\n<p class=\"wp-block-paragraph\">3.- Guillermo Restrepo. Posproductor\naudiovisual de cine.<\/p>\n\n\n\n<p class=\"wp-block-paragraph\">Para la segunda versi\u00f3n del festival estar\u00e1\ncomo invitado Santiago Cu\u00e9llar, director de cine y asistente de direcci\u00f3n del\ncortometraje Leidy. La Torre del Reloj ser\u00e1 el escenario para la proyecci\u00f3n de\nlos cortometrajes del festival, del 3 al 7 de septiembre. <\/p>\n\n\n\n<p class=\"wp-block-paragraph\">El 5 de septiembre, se desarrollar\u00e1 una <em>Master Class<\/em> de direcci\u00f3n de fotograf\u00eda\ndigital para cine, dirigida por Juan Diego Aguirre G\u00f3mez, director y productor\nde cine de la regi\u00f3n. <\/p>\n\n\n\n<p class=\"wp-block-paragraph\">Al festival se inscribieron cortometrajes de alta\ncalidad en las tres categor\u00edas, nacional, internacional y regional. La \u00faltima\nse compone por productos audiovisuales de Venezuela y Norte de Santander. Los\nmejores cortos van a tener certificado y menciones especiales.<\/p>\n","protected":false},"excerpt":{"rendered":"<p>C\u00daCUTA.- Los nortesantandereanos podr\u00e1n disfrutar del festival de cine y cortometrajes de Norte de Santander, durante la primera semana de septiembre, como parte de las actividades que ofrecer\u00e1 la Fiesta del Libro de C\u00facuta. La segunda versi\u00f3n traer\u00e1 invitados y conferencias libres para los cucute\u00f1os. En el 2017, se cont\u00f3 con la presencia de: 1.- &hellip;<\/p>\n","protected":false},"author":1,"featured_media":34694,"comment_status":"open","ping_status":"open","sticky":false,"template":"","format":"standard","meta":{"footnotes":""},"categories":[4,37],"tags":[4657],"class_list":["post-34693","post","type-post","status-publish","format-standard","has-post-thumbnail","hentry","category-barra","category-paseo-cultural","tag-festival-de-cine"],"_links":{"self":[{"href":"https:\/\/contraluzcucuta.co\/index.php?rest_route=\/wp\/v2\/posts\/34693","targetHints":{"allow":["GET"]}}],"collection":[{"href":"https:\/\/contraluzcucuta.co\/index.php?rest_route=\/wp\/v2\/posts"}],"about":[{"href":"https:\/\/contraluzcucuta.co\/index.php?rest_route=\/wp\/v2\/types\/post"}],"author":[{"embeddable":true,"href":"https:\/\/contraluzcucuta.co\/index.php?rest_route=\/wp\/v2\/users\/1"}],"replies":[{"embeddable":true,"href":"https:\/\/contraluzcucuta.co\/index.php?rest_route=%2Fwp%2Fv2%2Fcomments&post=34693"}],"version-history":[{"count":1,"href":"https:\/\/contraluzcucuta.co\/index.php?rest_route=\/wp\/v2\/posts\/34693\/revisions"}],"predecessor-version":[{"id":34695,"href":"https:\/\/contraluzcucuta.co\/index.php?rest_route=\/wp\/v2\/posts\/34693\/revisions\/34695"}],"wp:featuredmedia":[{"embeddable":true,"href":"https:\/\/contraluzcucuta.co\/index.php?rest_route=\/wp\/v2\/media\/34694"}],"wp:attachment":[{"href":"https:\/\/contraluzcucuta.co\/index.php?rest_route=%2Fwp%2Fv2%2Fmedia&parent=34693"}],"wp:term":[{"taxonomy":"category","embeddable":true,"href":"https:\/\/contraluzcucuta.co\/index.php?rest_route=%2Fwp%2Fv2%2Fcategories&post=34693"},{"taxonomy":"post_tag","embeddable":true,"href":"https:\/\/contraluzcucuta.co\/index.php?rest_route=%2Fwp%2Fv2%2Ftags&post=34693"}],"curies":[{"name":"wp","href":"https:\/\/api.w.org\/{rel}","templated":true}]}}