{"id":34691,"date":"2019-09-03T16:25:08","date_gmt":"2019-09-03T21:25:08","guid":{"rendered":"http:\/\/contraluzcucuta.co\/?p=34691"},"modified":"2019-09-03T16:25:10","modified_gmt":"2019-09-03T21:25:10","slug":"feria-expovive-escenario-ideal-para-la-proyeccion-de-los-sectores-inmobiliarios-y-de-la-construccion","status":"publish","type":"post","link":"https:\/\/contraluzcucuta.co\/?p=34691","title":{"rendered":"FERIA EXPOVIVE. Escenario ideal para la proyecci\u00f3n de los sectores inmobiliarios y de la construcci\u00f3n"},"content":{"rendered":"\n<p class=\"wp-block-paragraph\" style=\"text-align:right\"><strong>C\u00daCUTA.-<\/strong> <strong><em>Comfanorte, Camacol C\u00facuta y la Lonja de Propiedad Ra\u00edz de Norte de Santander y Arauca presentaron la tercera versi\u00f3n de Expovive. La Feria de la Vivienda y la Construcci\u00f3n se llevar\u00e1 a cabo, del 27 al 29 de septiembre, en el Ecoparque.<\/em><\/strong><\/p>\n\n\n\n<p class=\"wp-block-paragraph\">Desde el 2017, este evento se ha consolidado\ncomo el escenario propicio para la proyecci\u00f3n de los sectores inmobiliarios y\nde la construcci\u00f3n de Norte de Santander. En el 2018 se cont\u00f3 con la participaci\u00f3n\nde m\u00e1s de 10.200 visitantes, $ 14.000 millones en ventas, 96 inmuebles vendidos\ny $ 12.000 millones en cr\u00e9ditos.<\/p>\n\n\n\n<p class=\"wp-block-paragraph\">Estas cifras promueven el desarrollo de m\u00e1s\nproyectos y beneficios para las familias que no cuentan con vivienda propia. La\nllegada de nuevos subsidios decretados por el Gobierno les permitir\u00e1 acceder a\nlos planes de vivienda.<\/p>\n\n\n\n<p class=\"wp-block-paragraph\">El presidente de Camacol, Juan Francisco\nYa\u00f1ez, explic\u00f3 que por primera vez, por medio del decreto de la concurrencia de\nsubsidios, los colombianos que no tienen casa propia podr\u00e1n usar los dos\nsubsidios vigentes, Mi Casa Ya y Subsidio de Vivienda Familiar de las Cajas de\nCompensaci\u00f3n, para que al momento de comprar, el subsidio sea m\u00e1s alto, en\npromedio de 40 SMLV.<\/p>\n\n\n\n<p class=\"wp-block-paragraph\">De esta manera con Expovive tendr\u00e1n la\noportunidad de encontrar en un sitio proyectos y ofertas de vivienda acordes con\nlas necesidades y las capacidades econ\u00f3micas. Los visitantes encontraran\nprecios especiales en vivienda, materiales, insumos, productos, equipos,\nmaquinaria, servicios y tecnolog\u00eda para generar nuevos negocios.<\/p>\n\n\n\n<p class=\"wp-block-paragraph\">La cita ser\u00e1 del 27 al 29 de septiembre, en\nel Ecoparque Comfanorte, viernes y s\u00e1bado de 10:00 de la ma\u00f1ana a 9:00 de la\nnoche, y domingo de 10:00 de la ma\u00f1ana 6:00 de la tarde, en jornada continua. La\nentrada ser\u00e1 libre.<\/p>\n","protected":false},"excerpt":{"rendered":"<p>C\u00daCUTA.- Comfanorte, Camacol C\u00facuta y la Lonja de Propiedad Ra\u00edz de Norte de Santander y Arauca presentaron la tercera versi\u00f3n de Expovive. La Feria de la Vivienda y la Construcci\u00f3n se llevar\u00e1 a cabo, del 27 al 29 de septiembre, en el Ecoparque. Desde el 2017, este evento se ha consolidado como el escenario propicio &hellip;<\/p>\n","protected":false},"author":1,"featured_media":34688,"comment_status":"open","ping_status":"open","sticky":false,"template":"","format":"standard","meta":{"footnotes":""},"categories":[45,4],"tags":[827,202,4654,4656],"class_list":["post-34691","post","type-post","status-publish","format-standard","has-post-thumbnail","hentry","category-destacado","category-barra","tag-camacol-norte-de-santander","tag-comfanorte","tag-feria-expovive","tag-lonja-de-propiedad"],"_links":{"self":[{"href":"https:\/\/contraluzcucuta.co\/index.php?rest_route=\/wp\/v2\/posts\/34691","targetHints":{"allow":["GET"]}}],"collection":[{"href":"https:\/\/contraluzcucuta.co\/index.php?rest_route=\/wp\/v2\/posts"}],"about":[{"href":"https:\/\/contraluzcucuta.co\/index.php?rest_route=\/wp\/v2\/types\/post"}],"author":[{"embeddable":true,"href":"https:\/\/contraluzcucuta.co\/index.php?rest_route=\/wp\/v2\/users\/1"}],"replies":[{"embeddable":true,"href":"https:\/\/contraluzcucuta.co\/index.php?rest_route=%2Fwp%2Fv2%2Fcomments&post=34691"}],"version-history":[{"count":1,"href":"https:\/\/contraluzcucuta.co\/index.php?rest_route=\/wp\/v2\/posts\/34691\/revisions"}],"predecessor-version":[{"id":34692,"href":"https:\/\/contraluzcucuta.co\/index.php?rest_route=\/wp\/v2\/posts\/34691\/revisions\/34692"}],"wp:featuredmedia":[{"embeddable":true,"href":"https:\/\/contraluzcucuta.co\/index.php?rest_route=\/wp\/v2\/media\/34688"}],"wp:attachment":[{"href":"https:\/\/contraluzcucuta.co\/index.php?rest_route=%2Fwp%2Fv2%2Fmedia&parent=34691"}],"wp:term":[{"taxonomy":"category","embeddable":true,"href":"https:\/\/contraluzcucuta.co\/index.php?rest_route=%2Fwp%2Fv2%2Fcategories&post=34691"},{"taxonomy":"post_tag","embeddable":true,"href":"https:\/\/contraluzcucuta.co\/index.php?rest_route=%2Fwp%2Fv2%2Ftags&post=34691"}],"curies":[{"name":"wp","href":"https:\/\/api.w.org\/{rel}","templated":true}]}}