{"id":34684,"date":"2019-09-03T15:19:52","date_gmt":"2019-09-03T20:19:52","guid":{"rendered":"http:\/\/contraluzcucuta.co\/?p=34684"},"modified":"2019-09-03T15:19:55","modified_gmt":"2019-09-03T20:19:55","slug":"%ef%bb%bfmemoria-historica-valioso-aporte-a-la-ilustracion-pamplonesa-religiosa-y-academica","status":"publish","type":"post","link":"https:\/\/contraluzcucuta.co\/?p=34684","title":{"rendered":"\ufeffMEMORIA HIST\u00d3RICA. Valioso aporte a la ilustraci\u00f3n pamplonesa, religiosa y acad\u00e9mica"},"content":{"rendered":"\n<p class=\"wp-block-paragraph\" style=\"text-align:right\"><em><strong>Presentaci\u00f3n del libro de Flor Delia Pulido Castellanos en la Feria del Libro de C\u00facuta, por \u00c1lvaro Rond\u00f3n Espinosa<\/strong><\/em><\/p>\n\n\n\n<p class=\"wp-block-paragraph\"><strong>C\u00daCUTA.-<\/strong> La carretera que\nrompe parte de la cordillera, al salir del valle Guasimales pasa por La\nDonjuana y arriba del Diamante el viajero comienza a dejarse acariciar por la\nneblina fresca que se\u00f1ala kil\u00f3metros arriba el paso por Pamplonita y ofrece\nperfumes florales antes de entrar a Pamplona donde los pasajeros\nbajan del autob\u00fas en la terminal de trasportes, mientras la ciudad silenciosa\ndeja escuchar gotas de agua en \u00e9poca de invierno y los visitantes voltean la\nmirada para escuchar el ruido de automotores que por la otra v\u00eda viajan en\nbusca de la carretera central del norte; abajo, el pavimento h\u00famedo invita a caminar\nr\u00e1pido y pasar el puentecillo con acelerado paso del peat\u00f3n que observa ruanas\nmulticolores en la v\u00eda que une la salida local con la calle Real donde peque\u00f1os\ncomerciantes dejan entrar los escasos rayos de sol a sus negocios y dos cuadras\narriba permanece el hist\u00f3rico templo Las Nieves con sus im\u00e1genes entre columnas\nque recuerdan el presuroso paso del tiempo, a la derecha los ojos del viajero\nalcanzan a divisar la legendaria ermita El Humilladero pasos arriba del museo\nfotogr\u00e1fico que dej\u00f3 organizado el artista \u201cToto\u201d Villamizar y hacia la\nizquierda la calle de apellidos ilustres, T\u00e9llez, Santaella, Mogoll\u00f3n, la casa\nde m\u00fasica y el puente que invita a visitar el Instituto Piloto abajo del\nseminario Tom\u00e1s de Aquino (menor y mayor) que recibe el suave murmullo de altos\n\u00e1rboles con vaiv\u00e9n del viento, como en oraci\u00f3n y mueven alegres su follaje. El\ncaminante sube hasta el edificio del palacio municipal que otrora fue de madera\npara mirar desde sus balcones el parque principal que recibi\u00f3 el nombre de la\nhero\u00edna \u00c1gueda Gallardo. Caminar hacia la catedral es devolverse en la\ndistancia, llegan sonidos de tropas conquistadoras y al abrir las anchurosas\npuertas puede sentirse la nostalgia de la hist\u00f3rica \u00e9poca colonial que qued\u00f3\nentre las callejas con sonido de cascos de caballos y herraduras que hicieron\nmurmullo, antes de alcanzar ramilletes de flores a las hermosas pamplonesas y\nla neblina comenz\u00f3 a bajar de los cerros aleda\u00f1os, ya tapon\u00f3 El Arenal y de la\ncasa Nazaret solo alcanza a divisarse el camino. La esquina de mercado fue\ncolegio y en la plazuela Almeyda quedaron recuerdos del viejo caser\u00f3n que form\u00f3\nseminaristas, antes de seguir hacia el batall\u00f3n y la Normal que el viajero\npuede contemplar en su caminar hacia Los tanques y, del r\u00edo Pamplonita, su\nnacimiento. Ahora, del parque puede seguirse calle arriba y conocer el camar\u00edn\ndel Carmen para continuar a la Universidad que tiene nueva estructura y cientos\nde estudiantes llegan de cercanas regiones y de lejos para aprender a vivir\nentre la neblina que ya baj\u00f3 del cerro y no deja mirar desde un and\u00e9n al otro\nespacio de cemento; en esta colonial ciudad con nombre navarro naci\u00f3 Flor Delia\nPulido Castellanos, normalista del Instituto Superior de Educaci\u00f3n Rural (Iser)\nlicenciada en idiomas (Espa\u00f1ol-franc\u00e9s) de la Universidad de Pamplona con\nespecializaci\u00f3n en pedagog\u00eda literaria, magister de la Pontificia Universidad\nJaveriana (Bogot\u00e1) doctora en historia-causa educaci\u00f3n del Instituto\nuniversitario de La Florida (USA) diplomada en escritura creativa por la\nUniversidad de Pamplona (Col.) y de Trasformaci\u00f3n del lenguaje po\u00e9tico por la\nUniversidad Los Andes (Bogot\u00e1) ha ejercido docencia en primaria, secundaria en\nel Inem (C\u00facuta) y varios colegios de Pamplona, ense\u00f1anza superior en el\nseminario mayor Tom\u00e1s de Aquino y Universidad de Pamplona, Pedag\u00f3gica (Bogot\u00e1)\nLibre (C\u00facuta) Santo Tom\u00e1s (Bogot\u00e1) y ULA en San Crist\u00f3bal (T\u00e1chira-Ven.) directora\nde la escuela de posgrados, coordinadora de Metodolog\u00eda en la ense\u00f1anza del\nidioma espa\u00f1ol y pedagog\u00eda de la lengua, decana de la facultad de Ciencias\necon\u00f3micas y la de Artes y humanidades; miembro del Consejo superior\nuniversitario (Unipamplona), organizadora de congresos internacionales de\nespa\u00f1ol y literatura; escribe y publica art\u00edculos en peri\u00f3dicos y revistas,\nautora de libros, tiene varios textos in\u00e9ditos; tambi\u00e9n, es prologuista y cr\u00edtica\nliteraria. Flor Delia Pulido ha recibido distinciones y reconocimientos de\nautoridades universitarias y gubernativas, condecorada por la Asociaci\u00f3n de Escritores\nen Norte de Santander, socia activa del movimiento literario C\u00edrculo Rojo, cofundadora\nde la Sociedad Acad\u00e9mica Santanderista, cap\u00edtulo de Pamplona (Colombia) correspondiente\nde la Academia Her\u00e1ldica de Tunja y de la Academia de Historia (Pamplona) present\u00f3\nel libro <em>Memoria Hist\u00f3rica de la\nSemana Santa en Pamplona (Colombia)<\/em> con pr\u00f3logo del licenciado N\u00e9stor\nAntonio Gamboa Pab\u00f3n y una amplia bibliograf\u00eda de autores locales, regionales y\nnacionales. Este libro es un valioso aporte no solo a la ilustraci\u00f3n\npamplonesa, religiosa y acad\u00e9mica, sino para el departamento porque destaca el\nespa\u00f1olismo en nuestra cultura y hace un acucioso repaso de las pr\u00e1cticas\nreligiosas medievales para situarnos en el inicio de la Semana Santa con sus\ncofrad\u00edas, procesiones y grupos de hermandad, actividades en los distintos templos\ny escenarios para las ceremonias y tradiciones religiosas que son vivencias\nenraizadas en la cotidianidad. La liturgia hecha canto y m\u00fasica enmarca la\nsilenciosa meditaci\u00f3n de esos d\u00edas que impactan la espiritualidad reflejada en\nim\u00e1genes, pinturas y vitrales. Flor Delia Pulido hace recordar&nbsp; ese civismo educativo que leg\u00f3 a las nuevas\ngeneraciones el historiador Augusto Ram\u00edrez Villamizar y la Sociedad Amigos de\nPamplona, las plegarias po\u00e9ticas, la entusiasta participaci\u00f3n de ni\u00f1os y ni\u00f1as,\nnazarenos y colaboradores; todo en un r\u00e1pido recorrido que abarca desde el\nsiglo XVI al XXI con sus simbolismos y figuras. El libro es de f\u00e1cil lectura y\naporta el conocimiento hist\u00f3rico que vivencia esa necesidad de volver a las\nfuentes que incentivan sentido de pertenencia y enriquecen el conocimiento. D\u00eda\na d\u00eda de esta hebd\u00f3mada tan especial pasa por los ojos del \u00e1vido lector\ndirigido de forma magistral por la investigadora Flor Delia Pulido Castellanos\na quien recibimos en este momento con un fuerte aplauso.<\/p>\n","protected":false},"excerpt":{"rendered":"<p>Presentaci\u00f3n del libro de Flor Delia Pulido Castellanos en la Feria del Libro de C\u00facuta, por \u00c1lvaro Rond\u00f3n Espinosa C\u00daCUTA.- La carretera que rompe parte de la cordillera, al salir del valle Guasimales pasa por La Donjuana y arriba del Diamante el viajero comienza a dejarse acariciar por la neblina fresca que se\u00f1ala kil\u00f3metros arriba &hellip;<\/p>\n","protected":false},"author":1,"featured_media":34685,"comment_status":"open","ping_status":"open","sticky":false,"template":"","format":"standard","meta":{"footnotes":""},"categories":[4,37],"tags":[437,4653,2161],"class_list":["post-34684","post","type-post","status-publish","format-standard","has-post-thumbnail","hentry","category-barra","category-paseo-cultural","tag-fiesta-del-libro-en-cucuta","tag-flor-delia-pulido","tag-pamplona-norte-de-santander"],"_links":{"self":[{"href":"https:\/\/contraluzcucuta.co\/index.php?rest_route=\/wp\/v2\/posts\/34684","targetHints":{"allow":["GET"]}}],"collection":[{"href":"https:\/\/contraluzcucuta.co\/index.php?rest_route=\/wp\/v2\/posts"}],"about":[{"href":"https:\/\/contraluzcucuta.co\/index.php?rest_route=\/wp\/v2\/types\/post"}],"author":[{"embeddable":true,"href":"https:\/\/contraluzcucuta.co\/index.php?rest_route=\/wp\/v2\/users\/1"}],"replies":[{"embeddable":true,"href":"https:\/\/contraluzcucuta.co\/index.php?rest_route=%2Fwp%2Fv2%2Fcomments&post=34684"}],"version-history":[{"count":1,"href":"https:\/\/contraluzcucuta.co\/index.php?rest_route=\/wp\/v2\/posts\/34684\/revisions"}],"predecessor-version":[{"id":34686,"href":"https:\/\/contraluzcucuta.co\/index.php?rest_route=\/wp\/v2\/posts\/34684\/revisions\/34686"}],"wp:featuredmedia":[{"embeddable":true,"href":"https:\/\/contraluzcucuta.co\/index.php?rest_route=\/wp\/v2\/media\/34685"}],"wp:attachment":[{"href":"https:\/\/contraluzcucuta.co\/index.php?rest_route=%2Fwp%2Fv2%2Fmedia&parent=34684"}],"wp:term":[{"taxonomy":"category","embeddable":true,"href":"https:\/\/contraluzcucuta.co\/index.php?rest_route=%2Fwp%2Fv2%2Fcategories&post=34684"},{"taxonomy":"post_tag","embeddable":true,"href":"https:\/\/contraluzcucuta.co\/index.php?rest_route=%2Fwp%2Fv2%2Ftags&post=34684"}],"curies":[{"name":"wp","href":"https:\/\/api.w.org\/{rel}","templated":true}]}}