{"id":34678,"date":"2019-09-01T20:37:42","date_gmt":"2019-09-02T01:37:42","guid":{"rendered":"http:\/\/contraluzcucuta.co\/?p=34678"},"modified":"2019-09-01T20:39:17","modified_gmt":"2019-09-02T01:39:17","slug":"%ef%bb%bfprimera-pagina-el-resurgimiento-de-la-guerrilla-nos-tomo-por-sorpresa-emiro-ropero","status":"publish","type":"post","link":"https:\/\/contraluzcucuta.co\/?p=34678","title":{"rendered":"\ufeffPRIMERA P\u00c1GINA. El resurgimiento de la guerrilla nos tom\u00f3 por sorpresa: Emiro Ropero"},"content":{"rendered":"\n<p class=\"wp-block-paragraph\" style=\"text-align:right\"><strong>C\u00daCUTA.-<\/strong> <strong><em>La declaraci\u00f3n del regreso a las armas por parte de Iv\u00e1n M\u00e1rquez y otros comandantes de frentes de las Farc tomaron por sorpresa, en C\u00facuta, a Emiro Ropero (Rub\u00e9n Zamora), otrora cabecilla del frente 33 que oper\u00f3 en el departamento. \u201cNos impact\u00f3 la noticia\u201d. <\/em><\/strong><\/p>\n\n\n\n<p class=\"wp-block-paragraph\">En el an\u00e1lisis que hizo el hoy candidato a la Asamblea de Norte de Santander dijo que esta decisi\u00f3n traer\u00e1 consecuencias para el pa\u00eds y podr\u00eda ser el inicio de un cap\u00edtulo nuevo de violencia, \u201cincluso, peor que el vivido en Colombia\u201d durante m\u00e1s de medio siglo. <\/p>\n\n\n\n<p class=\"wp-block-paragraph\">\u201cEn el cap\u00edtulo que cerramos con el acuerdo de paz (suscrito en Cuba) el n\u00famero de v\u00edctimas se acerca a los 10 millones y el despojo de tierra se acerca a los 10 millones de hect\u00e1reas\u201d, rese\u00f1\u00f3 Ropero para dar a entender la magnitud del conflicto.<\/p>\n\n\n\n<p class=\"wp-block-paragraph\">Al volver la confrontaci\u00f3n guerrilla \u2013 Estado en lo primero que se piensa es en las v\u00edctimas que existen y que, seguramente, no van a encontrar la reparaci\u00f3n como est\u00e1 en el documento firmado en La Habana. \u201cTambi\u00e9n, se piensa en las nuevas v\u00edctimas \u00bfcu\u00e1ntas van a ser?\u201d. <\/p>\n\n\n\n<p class=\"wp-block-paragraph\">El ahora dirigente pol\u00edtico se\u00f1al\u00f3 que\nteniendo en cuenta la experiencia vivida no quisiera que sucediera eso, porque la\nguerra le ha tra\u00eddo un da\u00f1o enorme a la conciencia colombiana y ha estimulado\nodios y el fortalecimiento de estructuras que est\u00e1n contra el acuerdo de paz.<\/p>\n\n\n\n<p class=\"wp-block-paragraph\">\u201cPienso que en este momento no se trata de hacer descalificaciones ni de salir a decir que entramos en el fracaso (del proceso de paz). Se trata de salir a defender la paz. Y la paz beneficia al pa\u00eds\u201d, sostuvo Emiro Ropero. Manifest\u00f3 que quienes han estado en contra de la paz hacen parte de un segmento peque\u00f1o de la sociedad que sigue lleno de odio y que estimula la violencia. <\/p>\n\n\n\n<p class=\"wp-block-paragraph\">\u201cSe le ha dicho al pa\u00eds de la manera m\u00e1s\nabierta que prefieren tener a algunos dirigentes pol\u00edticos empu\u00f1ando las armas\nque haciendo actividad pol\u00edtica. Eso es un absurdo total. Prefiero que todos\nestemos haciendo actividades sociales, pol\u00edticas, econ\u00f3micas, acad\u00e9micas y\nculturales,&nbsp; que haciendo la guerra\u201d.<\/p>\n\n\n\n<p class=\"wp-block-paragraph\">Acerca de si debe desvincularse de la JEP a los firmantes de la declaraci\u00f3n que da paso al nuevo grupo guerrillero, Emiro Ropero dijo sin titubeos que \u201ces apenas obvio\u201d. Y record\u00f3 lo estipulado en el acuerdo. \u201cLa reincidencia en la lucha armada o en cualquier delito, desvincula a la persona. Este es el caso de Iv\u00e1n M\u00e1rquez y de los que aparecen en el video\u201d. <\/p>\n\n\n\n<p class=\"wp-block-paragraph\">Iv\u00e1n M\u00e1rquez, quiz\u00e1s, tom\u00f3 la decisi\u00f3n de\nvolver a las armas por varias circunstancias, dijo el candidato a la Asamblea.<\/p>\n\n\n\n<ul class=\"wp-block-list\"><li>La persecuci\u00f3n que se inici\u00f3 contra Iv\u00e1n M\u00e1rquez, Jes\u00fas Santrich y otros l\u00edderes guerrilleros que apuntaban a golpearlos con sindicaciones, montajes y el incumplimiento del acuerdo. <\/li><li>El desconocimiento casi que total de los acuerdos, que no se han implementado. <\/li><li>Dif\u00edcilmente, se han atendido algunas de las necesidades de los combatientes, pero gran parte de lo pactado no se ha cumplido. Ni siquiera en lo que tiene que ver con la reincorporaci\u00f3n. <\/li><li>El presidente (Iv\u00e1n Duque) habla de paz con legalidad, pero cu\u00e1l paz si no se est\u00e1 implementando la reforma rural integral, como se acord\u00f3.<\/li><li>No se est\u00e1 implementando el acuerdo sobre las v\u00edctimas ni lo que tiene que ver con la expansi\u00f3n de la democracia. <\/li><li>Se han cerrado espacios en el Gobierno, se ha aumentado la criminalidad del Estado, se han fortalecido las estructuras paramilitares, se ha fortalecido el narcotr\u00e1fico, se ha fortalecido el discurso del odio en el Centro Democr\u00e1tico. <\/li><\/ul>\n\n\n\n<p class=\"wp-block-paragraph\">\u201cMe parece rid\u00edculo lo que dice el\npresidente. Si hay tanta capacidad del Estado para derrotar a las estructuras\nilegales, por qu\u00e9 no tienen \u00e9xito\u201d, indic\u00f3 Ropero. Y dio un ejemplo: si tanto\npoder tiene el Estado para derrotar la criminalidad, por qu\u00e9 en El Catatumbo\nlos que mandan no son las fuerzas del Estado. \u201cMe parece que son discursos para\nla galer\u00eda, y en el fondo se trata de conducir al pa\u00eds por el camino de la\nguerra\u201d.<\/p>\n\n\n\n<p class=\"wp-block-paragraph\">En el acuerdo, sobre participaci\u00f3n pol\u00edtica, aparecen los derechos de las v\u00edctimas para las circunscripciones especiales para la paz y no se han cumplido tampoco. En lo que tiene que ver con las drogas de uso il\u00edcito, se ha criminalizado el consumo. El acuerdo dice que es problema de salud p\u00fablica. Se est\u00e1 criminalizando a las comunidades campesinas cuando lo que se ten\u00eda que hacer era implementar la sustituci\u00f3n de cultivos con los programas con desarrollo de enfoque territorial y los planes nacionales de la reforma rural integral.<\/p>\n\n\n\n<p class=\"wp-block-paragraph\">Culp\u00f3 a Uribe de estar detr\u00e1s del presidente Duque y de no permitir el avance real en la construcci\u00f3n de una paz estable y duradera. \u201cEso tiene un fondo. Si se avanza con la implementaci\u00f3n de los acuerdos de paz, tiene que salir a flote la verdad del conflicto, pero tambi\u00e9n tiene que decirse qui\u00e9nes son los que tienen las tierras que les robaron a las comunidades campesinas, y que llegan a los 10 millones de hect\u00e1reas\u201d. <\/p>\n\n\n\n<p class=\"wp-block-paragraph\">Emiro Ropero, ahora en la orilla civil, se siente en la obligaci\u00f3n de mover al pa\u00eds hacia la implementaci\u00f3n del acuerdo de paz. \u201cEsa es una necesidad, no solo para los excombatientes, es una necesidad nacional\u201d. Ante el ofrecimiento de $ 3000 millones por cada uno de los firmantes del documento que anuncia el resurgimiento de la guerrilla, Ropero dijo que en el v\u00eddeo, por lo menos, aparecen 20 personas, lo que representar\u00eda el gasto de $ 60.000 millones. \u201cY no hay los recursos para los proyectos productivos, ni para formular iniciativas en beneficio de las v\u00edctimas del conflicto, ni para planes de inversi\u00f3n, pero para estimular la confrontaci\u00f3n s\u00ed hay dinero\u201d.<\/p>\n\n\n\n<p class=\"wp-block-paragraph\"><strong>RAFAEL ANTONIO PAB\u00d3N<\/strong><\/p>\n\n\n\n<p class=\"wp-block-paragraph\"><strong>rafaelpabon58@hotmail.com<\/strong><\/p>\n\n\n\n<p class=\"wp-block-paragraph\"><\/p>\n","protected":false},"excerpt":{"rendered":"<p>C\u00daCUTA.- La declaraci\u00f3n del regreso a las armas por parte de Iv\u00e1n M\u00e1rquez y otros comandantes de frentes de las Farc tomaron por sorpresa, en C\u00facuta, a Emiro Ropero (Rub\u00e9n Zamora), otrora cabecilla del frente 33 que oper\u00f3 en el departamento. \u201cNos impact\u00f3 la noticia\u201d. En el an\u00e1lisis que hizo el hoy candidato a la &hellip;<\/p>\n","protected":false},"author":1,"featured_media":34680,"comment_status":"open","ping_status":"open","sticky":false,"template":"","format":"standard","meta":{"footnotes":""},"categories":[45,4],"tags":[3193,4652,1874,3870],"class_list":["post-34678","post","type-post","status-publish","format-standard","has-post-thumbnail","hentry","category-destacado","category-barra","tag-acuerdo-de-paz","tag-emiro-ropero","tag-farc","tag-ruben-zamora"],"_links":{"self":[{"href":"https:\/\/contraluzcucuta.co\/index.php?rest_route=\/wp\/v2\/posts\/34678","targetHints":{"allow":["GET"]}}],"collection":[{"href":"https:\/\/contraluzcucuta.co\/index.php?rest_route=\/wp\/v2\/posts"}],"about":[{"href":"https:\/\/contraluzcucuta.co\/index.php?rest_route=\/wp\/v2\/types\/post"}],"author":[{"embeddable":true,"href":"https:\/\/contraluzcucuta.co\/index.php?rest_route=\/wp\/v2\/users\/1"}],"replies":[{"embeddable":true,"href":"https:\/\/contraluzcucuta.co\/index.php?rest_route=%2Fwp%2Fv2%2Fcomments&post=34678"}],"version-history":[{"count":1,"href":"https:\/\/contraluzcucuta.co\/index.php?rest_route=\/wp\/v2\/posts\/34678\/revisions"}],"predecessor-version":[{"id":34681,"href":"https:\/\/contraluzcucuta.co\/index.php?rest_route=\/wp\/v2\/posts\/34678\/revisions\/34681"}],"wp:featuredmedia":[{"embeddable":true,"href":"https:\/\/contraluzcucuta.co\/index.php?rest_route=\/wp\/v2\/media\/34680"}],"wp:attachment":[{"href":"https:\/\/contraluzcucuta.co\/index.php?rest_route=%2Fwp%2Fv2%2Fmedia&parent=34678"}],"wp:term":[{"taxonomy":"category","embeddable":true,"href":"https:\/\/contraluzcucuta.co\/index.php?rest_route=%2Fwp%2Fv2%2Fcategories&post=34678"},{"taxonomy":"post_tag","embeddable":true,"href":"https:\/\/contraluzcucuta.co\/index.php?rest_route=%2Fwp%2Fv2%2Ftags&post=34678"}],"curies":[{"name":"wp","href":"https:\/\/api.w.org\/{rel}","templated":true}]}}