{"id":34672,"date":"2019-09-01T19:02:43","date_gmt":"2019-09-02T00:02:43","guid":{"rendered":"http:\/\/contraluzcucuta.co\/?p=34672"},"modified":"2019-09-01T19:02:45","modified_gmt":"2019-09-02T00:02:45","slug":"%ef%bb%bfrestitucion-de-tierras-sala-especializada-hizo-seguimiento-a-50-casos-en-norte-de-santander","status":"publish","type":"post","link":"https:\/\/contraluzcucuta.co\/?p=34672","title":{"rendered":"\ufeffRESTITUCI\u00d3N DE TIERRAS. Sala Especializada hizo seguimiento a 50 casos en Norte de Santander"},"content":{"rendered":"\n<p class=\"wp-block-paragraph\" style=\"text-align:right\"><strong>C\u00daCUTA.<\/strong> <strong><em>El Palacio de Justicia de C\u00facuta fue escenario de la jornada social en la que el presidente del Tribunal de Restituci\u00f3n de Tierras de la ciudad, Benjam\u00edn Yepes, escuch\u00f3 a decenas de beneficiarios.<\/em><\/strong><\/p>\n\n\n\n<p class=\"wp-block-paragraph\">La Sala Especializada de Restituci\u00f3n de\nTierras convoc\u00f3 a m\u00e1s de 50 beneficiarios de la pol\u00edtica y con apoyo de la\nUnidad de Restituci\u00f3n de Tierras (URT) escuch\u00f3 uno a uno los casos, para\nconocer el cumplimiento de las \u00f3rdenes y los fallos.<\/p>\n\n\n\n<p class=\"wp-block-paragraph\">El director de la URT, Edward \u00c1lvarez, indic\u00f3\nque el objetivo fue evaluar, por parte de los magistrados, la reparaci\u00f3n\nintegral conseguida en los casos. Este aspecto se logr\u00f3 con el di\u00e1logo entre el\n\u00e1rea ejecutiva del poder p\u00fablico y la poblaci\u00f3n v\u00edctima.<\/p>\n\n\n\n<p class=\"wp-block-paragraph\">\u201cEste tipo de jornadas fortalecen una\nlegitimidad del Estado y brinda confianza ciudadana\u201d, asegur\u00f3 el director\n\u00c1lvarez. As\u00ed, se logr\u00f3 la atenci\u00f3n y seguimiento de casos de restituci\u00f3n de\nNorte de Santander. \u201cSeguimos trabajando para que las \u00f3rdenes de los jueces\nsean cumplidas\u201d.<\/p>\n\n\n\n<p class=\"wp-block-paragraph\">William Ortiz acompa\u00f1\u00f3 a su mam\u00e1,\nbeneficiaria, y habl\u00f3 con el presidente del Tribunal para comentarle el caso.\n\u201cEstas reuniones son una buena oportunidad para saber c\u00f3mo se van cumpliendo\nlas cosas. Esto es una voz de aliento para la gente y es importante para\nnosotros que seamos tenidos en cuenta en estos espacios\u201d.<\/p>\n\n\n\n<p class=\"wp-block-paragraph\">La Unidad fortalecer\u00e1 este tipo de jornadas y\ndesarrollar\u00e1 un trabajo conjunto con el Tribunal para humanizar los procesos de\nrestituci\u00f3n de tierras y la transformaci\u00f3n de la vida de los beneficiarios.<\/p>\n","protected":false},"excerpt":{"rendered":"<p>C\u00daCUTA. El Palacio de Justicia de C\u00facuta fue escenario de la jornada social en la que el presidente del Tribunal de Restituci\u00f3n de Tierras de la ciudad, Benjam\u00edn Yepes, escuch\u00f3 a decenas de beneficiarios. La Sala Especializada de Restituci\u00f3n de Tierras convoc\u00f3 a m\u00e1s de 50 beneficiarios de la pol\u00edtica y con apoyo de la &hellip;<\/p>\n","protected":false},"author":1,"featured_media":34673,"comment_status":"open","ping_status":"open","sticky":false,"template":"","format":"standard","meta":{"footnotes":""},"categories":[4,36],"tags":[157,1214],"class_list":["post-34672","post","type-post","status-publish","format-standard","has-post-thumbnail","hentry","category-barra","category-la-voz-del-pueblo","tag-justicia-transicional-2","tag-restitucion-de-tierras"],"_links":{"self":[{"href":"https:\/\/contraluzcucuta.co\/index.php?rest_route=\/wp\/v2\/posts\/34672","targetHints":{"allow":["GET"]}}],"collection":[{"href":"https:\/\/contraluzcucuta.co\/index.php?rest_route=\/wp\/v2\/posts"}],"about":[{"href":"https:\/\/contraluzcucuta.co\/index.php?rest_route=\/wp\/v2\/types\/post"}],"author":[{"embeddable":true,"href":"https:\/\/contraluzcucuta.co\/index.php?rest_route=\/wp\/v2\/users\/1"}],"replies":[{"embeddable":true,"href":"https:\/\/contraluzcucuta.co\/index.php?rest_route=%2Fwp%2Fv2%2Fcomments&post=34672"}],"version-history":[{"count":1,"href":"https:\/\/contraluzcucuta.co\/index.php?rest_route=\/wp\/v2\/posts\/34672\/revisions"}],"predecessor-version":[{"id":34674,"href":"https:\/\/contraluzcucuta.co\/index.php?rest_route=\/wp\/v2\/posts\/34672\/revisions\/34674"}],"wp:featuredmedia":[{"embeddable":true,"href":"https:\/\/contraluzcucuta.co\/index.php?rest_route=\/wp\/v2\/media\/34673"}],"wp:attachment":[{"href":"https:\/\/contraluzcucuta.co\/index.php?rest_route=%2Fwp%2Fv2%2Fmedia&parent=34672"}],"wp:term":[{"taxonomy":"category","embeddable":true,"href":"https:\/\/contraluzcucuta.co\/index.php?rest_route=%2Fwp%2Fv2%2Fcategories&post=34672"},{"taxonomy":"post_tag","embeddable":true,"href":"https:\/\/contraluzcucuta.co\/index.php?rest_route=%2Fwp%2Fv2%2Ftags&post=34672"}],"curies":[{"name":"wp","href":"https:\/\/api.w.org\/{rel}","templated":true}]}}