{"id":34669,"date":"2019-09-01T18:44:31","date_gmt":"2019-09-01T23:44:31","guid":{"rendered":"http:\/\/contraluzcucuta.co\/?p=34669"},"modified":"2019-09-01T18:44:33","modified_gmt":"2019-09-01T23:44:33","slug":"contrato-de-bilinguismo-sonia-arango-asumio-en-la-gobernacion-de-norte-de-santander","status":"publish","type":"post","link":"https:\/\/contraluzcucuta.co\/?p=34669","title":{"rendered":"CONTRATO DE BILING\u00dcISMO. Sonia Arango asumi\u00f3 en la Gobernaci\u00f3n de Norte de Santander"},"content":{"rendered":"\n<p class=\"wp-block-paragraph\"><\/p>\n\n\n\n<p class=\"wp-block-paragraph\" style=\"text-align:right\"><strong>C\u00daCUTA.-<\/strong> <strong><em>La contadora p\u00fablica Sonia Arango Medina asumi\u00f3 como gobernadora encargada de Norte de Santander, mientras surte la investigaci\u00f3n contra el titular William Villamizar. El presidente Iv\u00e1n Duque, hizo el nombramiento mediante el Decreto 1560 del 30 de agosto. Hace 36 a\u00f1os una mujer no asum\u00eda este cargo en el departamento. La \u00faltima en dirigir los destinos de los nortesantandereanos fue Margarita Silva.<\/em><\/strong><\/p>\n\n\n\n<p class=\"wp-block-paragraph\">La posesi\u00f3n de la Gobernadora estuvo a cargo\ndel presidente de la Asamblea, Jhon Edison Ortega, el 30 de agosto. \u201cCon gran\nalegr\u00eda y sorpresa recibimos esta noticia por parte del Presidente, a quien\nagradezco la confianza\u201d, dijo en el momento de asumir la responsabilidad\npol\u00edtica y administrativa.<\/p>\n\n\n\n<p class=\"wp-block-paragraph\">Entre los retos que tendr\u00e1 ser\u00e1 continuar adelante\ncon el Plan de Desarrollo 2016 \u2013 2019, mantener las inversiones y apoyar los\nprogramas en beneficio de los nortesantanderanos.<\/p>\n\n\n\n<p class=\"wp-block-paragraph\">Arango Medina es contadora p\u00fablica de la\nUniversidad Francisco de Paula Santander, especialista en revisor\u00eda fiscal y auditor\u00edas\nexternas de la Universidad Aut\u00f3noma de Bucaramanga, y en gesti\u00f3n p\u00fablica de la\nEsap. <\/p>\n\n\n\n<p class=\"wp-block-paragraph\">Entre tanto, en cumplimiento a la citaci\u00f3n de\nla Procuradur\u00eda General de la Naci\u00f3n, para el 30 de agosto, el gobernador suspendido\nWilliam Villamizar rindi\u00f3 versi\u00f3n libre dentro de la investigaci\u00f3n que se\nadelanta en su contra por el contrato de biling\u00fcismo suscrito por la\nGobernaci\u00f3n de Norte de Santander.<\/p>\n\n\n\n<p class=\"wp-block-paragraph\">La diligencia se cumpli\u00f3 con el fin de\nentregar la documentaci\u00f3n requerida y las explicaciones correspondientes, y as\u00ed\naclarar las circunstancias que evalu\u00f3 el \u00f3rgano de control para suspenderlo del\ncargo por tres meses.<\/p>\n\n\n\n<p class=\"wp-block-paragraph\">En cumplimiento de la actuaci\u00f3n verbal,\nVillamizar Laguado aport\u00f3 los documentos al proceso y solicit\u00f3 la pr\u00e1ctica de\nvarias pruebas para tener total claridad por el organismo de control.<\/p>\n\n\n\n<p class=\"wp-block-paragraph\">Se espera la declaraci\u00f3n respecto de las\nsolicitudes y las explicaciones entregadas por el mandatario seccional, en\natenci\u00f3n a que el convenio se suspendi\u00f3 el 23 de agosto, sin haberse girado recursos.<\/p>\n","protected":false},"excerpt":{"rendered":"<p>C\u00daCUTA.- La contadora p\u00fablica Sonia Arango Medina asumi\u00f3 como gobernadora encargada de Norte de Santander, mientras surte la investigaci\u00f3n contra el titular William Villamizar. El presidente Iv\u00e1n Duque, hizo el nombramiento mediante el Decreto 1560 del 30 de agosto. Hace 36 a\u00f1os una mujer no asum\u00eda este cargo en el departamento. La \u00faltima en dirigir &hellip;<\/p>\n","protected":false},"author":1,"featured_media":34670,"comment_status":"open","ping_status":"open","sticky":false,"template":"","format":"standard","meta":{"footnotes":""},"categories":[4,32],"tags":[379,4312],"class_list":["post-34669","post","type-post","status-publish","format-standard","has-post-thumbnail","hentry","category-barra","category-recorrido-por-la-region","tag-gobernacion-de-norte-de-santander","tag-sonia-arango"],"_links":{"self":[{"href":"https:\/\/contraluzcucuta.co\/index.php?rest_route=\/wp\/v2\/posts\/34669","targetHints":{"allow":["GET"]}}],"collection":[{"href":"https:\/\/contraluzcucuta.co\/index.php?rest_route=\/wp\/v2\/posts"}],"about":[{"href":"https:\/\/contraluzcucuta.co\/index.php?rest_route=\/wp\/v2\/types\/post"}],"author":[{"embeddable":true,"href":"https:\/\/contraluzcucuta.co\/index.php?rest_route=\/wp\/v2\/users\/1"}],"replies":[{"embeddable":true,"href":"https:\/\/contraluzcucuta.co\/index.php?rest_route=%2Fwp%2Fv2%2Fcomments&post=34669"}],"version-history":[{"count":1,"href":"https:\/\/contraluzcucuta.co\/index.php?rest_route=\/wp\/v2\/posts\/34669\/revisions"}],"predecessor-version":[{"id":34671,"href":"https:\/\/contraluzcucuta.co\/index.php?rest_route=\/wp\/v2\/posts\/34669\/revisions\/34671"}],"wp:featuredmedia":[{"embeddable":true,"href":"https:\/\/contraluzcucuta.co\/index.php?rest_route=\/wp\/v2\/media\/34670"}],"wp:attachment":[{"href":"https:\/\/contraluzcucuta.co\/index.php?rest_route=%2Fwp%2Fv2%2Fmedia&parent=34669"}],"wp:term":[{"taxonomy":"category","embeddable":true,"href":"https:\/\/contraluzcucuta.co\/index.php?rest_route=%2Fwp%2Fv2%2Fcategories&post=34669"},{"taxonomy":"post_tag","embeddable":true,"href":"https:\/\/contraluzcucuta.co\/index.php?rest_route=%2Fwp%2Fv2%2Ftags&post=34669"}],"curies":[{"name":"wp","href":"https:\/\/api.w.org\/{rel}","templated":true}]}}