{"id":34666,"date":"2019-09-01T18:12:38","date_gmt":"2019-09-01T23:12:38","guid":{"rendered":"http:\/\/contraluzcucuta.co\/?p=34666"},"modified":"2019-09-01T18:12:41","modified_gmt":"2019-09-01T23:12:41","slug":"mano-a-mano-con-ever-valencia-soy-alegre-respetuoso-y-entregado-por-lo-que-hago","status":"publish","type":"post","link":"https:\/\/contraluzcucuta.co\/?p=34666","title":{"rendered":"MANO A MANO CON EVER VALENCIA. Soy alegre, respetuoso y entregado por lo que hago"},"content":{"rendered":"\n<p class=\"wp-block-paragraph\"><strong>C\u00daCUTA.-<\/strong> Una historia de\nsuperaci\u00f3n personal, as\u00ed puede describirse el camino que ha tomado Ever\nValencia para cumplir sus sue\u00f1os. Entre sacrificios, ca\u00eddas y pruebas superadas\neste jugador lleg\u00f3 al C\u00facuta Deportivo para ser importante en el esquema\nmotil\u00f3n y confirmar con sus acciones en las cancha, porque fue llamado a la\nSelecci\u00f3n Colombia Sub 23.<\/p>\n\n\n\n<p class=\"wp-block-paragraph\"><strong>\u00bfQui\u00e9n es Ever Valencia?<\/strong><\/p>\n\n\n\n<ul class=\"wp-block-list\"><li><em>Nac\u00ed en Villavicencio (Meta), en 1997. All\u00ed me\ncrie y los clubes Libertad y 12 de Octubre me dieron la oportunidad y me\nfacilitaron ir a entrenar para formarme de la mejor manera como jugador de\nf\u00fatbol. <\/em><\/li><\/ul>\n\n\n\n<p class=\"wp-block-paragraph\"><strong>\u00bfC\u00f3mo fue la infancia?<\/strong><\/p>\n\n\n\n<ul class=\"wp-block-list\"><li><em>Fue complicada, pero agradezco todo eso,\nigualmente. Mi etapa de ni\u00f1o no fue com\u00fan. Viv\u00eda en un barrio dif\u00edcil, donde\nhab\u00eda drogas, vicio y todo tipo de peligros. En l\u00edneas generales, no era un\nambiente propicio para un ni\u00f1o que aspirara a hacer cosas buenas. Tuve la\nbendici\u00f3n de Dios y el valor para salir y ser quien soy.<\/em><\/li><\/ul>\n\n\n\n<p class=\"wp-block-paragraph\"><strong>\u00bfDesde qu\u00e9 momento el f\u00fatbol empez\u00f3 a hacer parte de su vida?<\/strong><\/p>\n\n\n\n<ul class=\"wp-block-list\"><li><em>Desde siempre, el f\u00fatbol ha estado conmigo. A\nveces me pongo a ver las fotos cuando era peque\u00f1o y jugaba futsala. En\nVillavicencio se juega mucho ese deporte, empec\u00e9 jug\u00e1ndolo por diversi\u00f3n. Mi\nfamilia me dec\u00eda \u201cve y juega f\u00fatbol, que eso es lo que ser\u00e1s en tu vida\u201d. La\nverdad era por diversi\u00f3n, pero de a poco se fueron dando las oportunidades.<\/em><\/li><\/ul>\n\n\n\n<p class=\"wp-block-paragraph\"><strong>\u00bfEs cierto que para ir a los entrenamientos lo hac\u00eda en bicicleta?<\/strong><\/p>\n\n\n\n<ul class=\"wp-block-list\"><li><em>S\u00ed. Viv\u00eda en el barrio Santa Fe, conocido por\nhechos malos y peligrosos. Me toc\u00f3 crecer all\u00e1 y vivir en ese lugar. Para\nentrenar ten\u00eda que ir hasta La Esperanza, era lejos, y como no contaba con apoyo\necon\u00f3mico de mis padres y no hab\u00eda mucho dinero, en el barrio me obsequiaron\nuna bicicleta y con pasi\u00f3n y amor la agarr\u00e9 y me iba hasta donde entren\u00e1bamos.\nEran 30 minutos echando pedal. Lo bueno era que no hab\u00eda loma, todo era plano y\neso facilit\u00f3 el recorrido. <\/em><\/li><\/ul>\n\n\n\n<p class=\"wp-block-paragraph\"><strong>\u00bfTuvo dificultades para tener un bal\u00f3n o implementos para\nentrenar?<\/strong><\/p>\n\n\n\n<ul class=\"wp-block-list\"><li><em>Vengo de una familia humilde y mi madre,\njunto con mi abuela, estuvieron ah\u00ed. Como en todo hogar, siempre hay m\u00e1s\npersonas importantes por las cuales velar y cuidar. Siempre le voy a agradecer\na mi madre que nunca nos dej\u00f3 sin el pan de cada d\u00eda. Dimos los tres golpes,\nas\u00ed fuera chocolate con pan, pero jam\u00e1s nos acostamos sin comer. Lo que si no\nten\u00eda apoyo era en lo deportivo. Mi madre nunca me fue a ver jugar, nunca me\ndec\u00eda que hab\u00eda dinero para unas medias o unos guayos, porque hab\u00eda otras\nprioridades. El apoyo dentro de la cancha era con compa\u00f1eros y entrenadores que\nme colaboraban con el uniforme, con las medias, no pagaba mensualidad, no pagaba\narbitraje y eso se lo agradezco al profesor Edgar D\u00edaz. La verdad, tuve apoyo\nen esos temas. <\/em><\/li><\/ul>\n\n\n\n<p class=\"wp-block-paragraph\"><strong>\u00bfC\u00f3mo se conoci\u00f3 con el profesor Edgar D\u00edaz?<\/strong><\/p>\n\n\n\n<ul class=\"wp-block-list\"><li><em>Era due\u00f1o y t\u00e9cnico del Club Libertad, en\nVillavicencio, yo jugaba en el 11 de Octubre, me vio jugar y me ofreci\u00f3 ir a\njugar. Me manifest\u00f3 que pod\u00eda tener m\u00e1s posibilidades. Contento le dije que s\u00ed.\nDesde ese momento le dije que no ten\u00eda c\u00f3mo pagarle mensualidad, me respondi\u00f3\nque no hab\u00eda problema, que con no me iba a faltar nada y as\u00ed fue. Me colabor\u00f3\ncon el arbitraje, uniformes, con todo. En ocasiones me daba dinero para uno que\notro antojo, as\u00ed que fui su consentido y voy a estar agradecido. <\/em><\/li><\/ul>\n\n\n\n<p class=\"wp-block-paragraph\"><strong>\u00bfD\u00f3nde y en qu\u00e9 momento descubri\u00f3 su posici\u00f3n como volante\nofensivo?<\/strong><\/p>\n\n\n\n<ul class=\"wp-block-list\"><li><em>Desde peque\u00f1o, cuando jug\u00e1bamos f\u00fatbol 9, el\nprofe me pon\u00eda como lateral o volante, eran muchos goles los que marcaba.&nbsp; Cuando pas\u00e9 a futbol 11, Edgar D\u00edaz me dijo\nque por qu\u00e9 no jugaba como volante 10. Cuando me present\u00e9 en el Medell\u00edn lo\nhice en esa posici\u00f3n y debut\u00e9 en el profesionalismo. Leonel \u00c1lvarez decidi\u00f3\ncambiarme a extremo y me termin\u00f3 por gustar. En inferiores lo hice de 10,\nquiz\u00e1s por eso tengo buena t\u00e9cnica y una buena visi\u00f3n para un pase filtrado. <\/em><\/li><\/ul>\n\n\n\n<p class=\"wp-block-paragraph\"><strong>\u00bfQu\u00e9 tiene que lo hace diferente a los dem\u00e1s?<\/strong><\/p>\n\n\n\n<ul class=\"wp-block-list\"><li><em>Me considero de buen coraz\u00f3n. Si me tratas\nbien, te trato bien. Los que me conocen saben que soy as\u00ed. Trato de ser quien\nquiero ser, de ser gran persona y de transmitir lo que siento desde mi coraz\u00f3n\na pesar de que a mucha gente le agrade o no. Puedo decir que soy un gran\ncompa\u00f1ero. <\/em><\/li><\/ul>\n\n\n\n<p class=\"wp-block-paragraph\"><strong>\u00bfEn qu\u00e9 momento sinti\u00f3 que el f\u00fatbol era su proyecto de vida y\ndej\u00f3 de ser pasatiempo?<\/strong><\/p>\n\n\n\n<ul class=\"wp-block-list\"><li><em>Cuando debut\u00e9 y empec\u00e9 a ver las maravillas\ndel f\u00fatbol. Es lindo jugar con la pelota. Lo bello que te da este deporte, no\nte lo da otro trabajo. Por eso me decid\u00ed a dedicarme al ciento por ciento a ser\nfutbolista profesional. Quiero vivir para eso y que alg\u00fan d\u00eda con lo que haga\npueda tener una vida estable. <\/em><\/li><\/ul>\n\n\n\n<p class=\"wp-block-paragraph\"><strong>\u00bfEs cierto que la primera vez que lleg\u00f3 a probar al Medell\u00edn no\npas\u00f3? \u00bfQu\u00e9 ocurri\u00f3 ese d\u00eda?<\/strong><\/p>\n\n\n\n<ul class=\"wp-block-list\"><li><em>Llegu\u00e9 a Medell\u00edn a presentarme gracias a que\nel profe Edgar D\u00edaz era el coordinador de la Pony F\u00fatbol. Me manifest\u00f3 que hab\u00eda\nconvocatorias, que me presentara. Cuando llegu\u00e9 a la ciudad llevaba una\nidentidad \u2018micrera\u2019, de jugar microf\u00fatbol y el f\u00fatbol paisa es distinto. Llegu\u00e9\nen enero. Toda la semana hice pruebas, todos los d\u00edas se hac\u00eda f\u00fatbol con\ndiferentes chicos y si ten\u00edas talento te dejaban. El d\u00eda final jug\u00f3 con la base\ndel poderoso de la monta\u00f1a. Me pusieron de lateral izquierdo y me toc\u00f3 con\nEduard Atuesta, \u00e9l pas\u00f3 y yo no. Quiz\u00e1s en ese momento quien escog\u00eda no le gust\u00f3\ncomo jugaba y me dijo que era \u2018muy micrero\u2019. Simplemente, acept\u00e9 eso. Nunca me\nregres\u00e9 para Villavicencio, me quede en Medell\u00edn y esper\u00e9 hasta que volvieran\nlas pruebas. Mientras pasaba el tiempo jugu\u00e9 en Uni\u00f3n Paisa. Me actualic\u00e9 con\nese club, cambi\u00e9 mi estilo de juego y me adapt\u00e9 al balompi\u00e9 paisa. Al a\u00f1o\nsiguiente volv\u00ed y me present\u00e9. El profesor David Montoya y Ricardo Calle me\ndejaron y comenc\u00e9 con la categor\u00eda sub 17.<\/em><\/li><\/ul>\n\n\n\n<p class=\"wp-block-paragraph\"><strong>\u00bfQu\u00e9 recuerda de su debut profesional con la camiseta del\nDeportivo Independiente Medell\u00edn?<\/strong><\/p>\n\n\n\n<ul class=\"wp-block-list\"><li>&#8211;&nbsp;&nbsp;&nbsp;&nbsp;&nbsp; <em>En Medell\u00edn tienen la particularidad de\nadelantar los procesos. Es decir, si tienes 18 a\u00f1os, tienes que jugar Sub 20. En\nesa categor\u00eda me estaba yendo bien y tiempo despu\u00e9s empec\u00e9 a entrenar con el\nequipo profesional. El profe Chonto Herrera tuvo un gusto por mi juego y eso me\ndio para estar con el plantel. En esa semana me fue bien, por eso me convocaron\npara jugar frente a Deportes Tolima. Estaba nervioso. Le di la noticia a mi\nfamilia y cuando est\u00e1bamos en la charla, el profesor Leonel \u00c1lvarez me dijo \u201cque\nmijo, est\u00e1 asustado, o qu\u00e9\u201d. Le conteste, \u201cno profe, para nada vamos para\nadelante\u201d. Esa fue una se\u00f1al de lo que m\u00e1s adelante iba a pasar. Transcurr\u00eda el\nminuto 56 y me llam\u00f3 el profe \u00c1lvarez y me dijo, \u201cEver, al\u00edstese que vas a entrar\u201d.\nNo lo cre\u00eda. No sab\u00eda qu\u00e9 hacer. Lo \u00fanico que hice fue encomendarme a Dios y\ngracias a \u00c9l, ese d\u00eda me fue bien.<\/em><\/li><\/ul>\n\n\n\n<p class=\"wp-block-paragraph\"><strong>\u00bfQu\u00e9 recuerda del primer proceso con la camiseta del\nMedell\u00edn? <\/strong><\/p>\n\n\n\n<ul class=\"wp-block-list\"><li>&#8211;&nbsp;&nbsp;&nbsp;&nbsp;&nbsp; <em>Llegu\u00e9 al Medell\u00edn en el 2015. Hice mi proceso de\ninferiores desde la Sub 17. Llegamos a la semifinal de la categor\u00eda, nos\nelimin\u00f3 Santa Fe. Jugu\u00e9 la Liga de Antioquia, particip\u00e9 en la Copa\nTelemedellin, hice el proceso sub 20. La verdad, me aportaron mucho los\nprofesores. Tengo cari\u00f1o especial por ellos. Ese primer paso por Medell\u00edn fue exitoso.\n<\/em><\/li><\/ul>\n\n\n\n<p class=\"wp-block-paragraph\"><strong>\u00bfQu\u00e9 recuerda de la hinchada del Medell\u00edn y qu\u00e9 la hace diferente\na las dem\u00e1s? <\/strong><\/p>\n\n\n\n<ul class=\"wp-block-list\"><li>&#8211;&nbsp;&nbsp;&nbsp;&nbsp;&nbsp; <em>Es una hinchada con mucho sentimiento. Se entrega por la\ninstituci\u00f3n. Estoy agradecido. S\u00e9 que en algunos momentos hay malos comentarios,\npero la realidad es que hay que decir m\u00e1s lo bueno que lo malo de la hinchada\ndel rojo. Me les quito el sombrero y siento que son la mejor hinchada del pa\u00eds.\n<\/em><\/li><\/ul>\n\n\n\n<p class=\"wp-block-paragraph\"><strong>\u00bfQu\u00e9 Opina de Leonel \u00c1lvarez? <\/strong><\/p>\n\n\n\n<ul class=\"wp-block-list\"><li>&#8211;&nbsp;&nbsp;&nbsp;&nbsp;&nbsp; <em>Por el profe Leonel tengo mucha admiraci\u00f3n y respeto. Se\nlo debo casi todo, porque me brind\u00f3 confianza para debutar, confi\u00f3 en m\u00ed, me\ntuvo en la final y estuve en su proceso. Fuimos campeones y me respaldo a\nmuerte.<\/em><\/li><\/ul>\n\n\n\n<p class=\"wp-block-paragraph\"><strong>\u00bfCu\u00e1l\nfue el \u00e9xito de ese equipo campe\u00f3n del 2015 con Leonel \u00c1lvarez? <\/strong><\/p>\n\n\n\n<ul class=\"wp-block-list\"><li>&#8211;&nbsp;&nbsp;&nbsp;&nbsp;&nbsp; <em>Fue un torneo complicado. El \u00e9xito fue la uni\u00f3n del grupo.\nEl profesor Leonel hizo concentraci\u00f3n durante un mes, cuando entramos a las\nfases finales. Al estar enfocados, sin distracciones, bien recuperados y con buena\nalimentaci\u00f3n, nos hizo salir campeones. Era un grupo exitoso, con Mao Molina,\nCristian Marrugo, Caicedo, Leonardo Castro, que ven\u00edan en buen momento. Fueron\nmuchos los pilares que nos llevaron al t\u00edtulo. <\/em><\/li><\/ul>\n\n\n\n<p class=\"wp-block-paragraph\"><strong>\u00bfEn alg\u00fan momento se imagin\u00f3 jugar al lado de Molina o Marrugo?<\/strong><\/p>\n\n\n\n<ul class=\"wp-block-list\"><li>&#8211;&nbsp;&nbsp;&nbsp;&nbsp;&nbsp; <em>Nunca me lo imagin\u00e9. Lo disfrut\u00e9 mucho, sent\u00eda que estaba\ncon los grandes. Fue bonito compartir vestuario con Mao, David Gonz\u00e1lez,\nCaicedo, Castro, era una n\u00f3mina de lujo y estar en ese grupo me hizo sentir importante\ny me llen\u00e9 de motivaci\u00f3n. <\/em><\/li><\/ul>\n\n\n\n<p class=\"wp-block-paragraph\"><strong>\u00bfQue opina de Mauricio Molina? <\/strong><\/p>\n\n\n\n<ul class=\"wp-block-list\"><li>&#8211;&nbsp;&nbsp;&nbsp;&nbsp;&nbsp; <em>Es un \u00eddolo, un profesional en todo el sentido de la\npalabra. Me sorprende que a su edad estuviera jugando en buen nivel. Se cuidaba\ny usted lo ve y se encuentra bien f\u00edsicamente. Es un profesional completo y lo\nque ha conseguido en la carrera es la prueba irrefutable de la disciplina. <\/em><\/li><\/ul>\n\n\n\n<p class=\"wp-block-paragraph\"><strong>\u00bfQu\u00e9 recuerda de su primer gol como profesional? <\/strong><\/p>\n\n\n\n<ul class=\"wp-block-list\"><li>&#8211;&nbsp;&nbsp;&nbsp;&nbsp;&nbsp; <em>Ese partido era frente a Once Caldas. El profesor no me\niba a meter, el cambio era Sebasti\u00e1n Mac\u00edas y yo estaba calentando cuando vi\nque llam\u00f3 a Sebasti\u00e1n. El vendaje que ten\u00eda me lo quit\u00e9 con rabia y no cre\u00eda\nque empatando iba a meterlo. Sent\u00eda que yo era la mejor soluci\u00f3n, porque necesit\u00e1bamos\nganar en condici\u00f3n de local. Cuando veo es que a Sebasti\u00e1n no lo hab\u00edan\ninscrito, de una mir\u00f3 que el profe me llama y entr\u00e9 por Caicedo. En un bal\u00f3n\nque roba Fabra en la mitad, Castro tira una diagonal y voy por la&nbsp; banda derecha, me la pasa y se la tiro al\ndefensa, la punteo y se mete al \u00e1ngulo.<\/em><\/li><\/ul>\n\n\n\n<p class=\"wp-block-paragraph\"><strong>\u00bfQu\u00e9\nrecuerda de su primer proceso de selecci\u00f3n Colombia juvenil?<\/strong><\/p>\n\n\n\n<ul class=\"wp-block-list\"><li><em>Fue para el Sudamericano 2017, en Ecuador, dirig\u00eda el\nprofesor Carlos \u2018El Piscis\u2019 Restrepo, un gran entrenador que ve primero al ser\nhumano y despu\u00e9s lo deportivo. Me llamaron cinco d\u00edas despu\u00e9s de haber quedado\ncampe\u00f3n con Medell\u00edn. Desde esa primera oportunidad me hice sentir, puse mis\nhabilidades e hice ver que me quer\u00eda quedar. <\/em><\/li><\/ul>\n\n\n\n<p class=\"wp-block-paragraph\"><strong>\u00bfQu\u00e9\nrecuerda de ese sudamericano en Ecuador?<\/strong><\/p>\n\n\n\n<ul class=\"wp-block-list\"><li><em>Fue un torneo de alegr\u00edas y tristezas. Una alegr\u00eda fue\nhaber quedado como goleador con mi selecci\u00f3n. Hice anotaciones importantes para\nganar tres puntos en algunos partidos. Esas sensaciones bonitas las quiero\nrepetir en este nuevo llamado a los preol\u00edmpicos del 2020. Y fue lamentable,\nporque no logramos clasificar al Mundial. Eso fue muy duro, quer\u00eda ir y se\nperdi\u00f3 esa oportunidad.<\/em><\/li><\/ul>\n\n\n\n<p class=\"wp-block-paragraph\"><strong>\u00bfQu\u00e9 le\nfalt\u00f3 a esa selecci\u00f3n para ir al Mundial?<\/strong><\/p>\n\n\n\n<ul class=\"wp-block-list\"><li><em>Nos falt\u00f3 m\u00e1s uni\u00f3n y humildad. Hab\u00eda jugadores con alto\nrodaje, pero quer\u00edan el \u00e9xito personal, no les interesaba el grupal. Era todos\nmirar para el mismo lado y te aseguro que hubiera sido distinto a como paso.<\/em><\/li><\/ul>\n\n\n\n<p class=\"wp-block-paragraph\"><strong>\u00bfC\u00f3mo\nlleg\u00f3 al Wisla Cracovia, de Polonia?<\/strong><\/p>\n\n\n\n<ul class=\"wp-block-list\"><li><em>Despu\u00e9s de hacer un excelente Sudamericano, ese club se\ninteres\u00f3 por m\u00ed. Independiente Medell\u00edn cedi\u00f3, a pesar de tener otras opciones.\nNos gust\u00f3 m\u00e1s ir a Europa con 20 a\u00f1os. No fue f\u00e1cil, siempre hubo dificultad. Tomamos\nesa decisi\u00f3n y pienso que fue importante, porque aprend\u00ed mucho, valor\u00e9 lo que\nten\u00eda y no fue como esper\u00e1bamos, quer\u00eda quedarme mucho m\u00e1s tiempo pero ese club\nestaba mal econ\u00f3micamente. Fue un excelente paso.<\/em><\/li><\/ul>\n\n\n\n<p class=\"wp-block-paragraph\"><strong>\u00bfSe le\nhizo compleja la adaptaci\u00f3n al pa\u00eds?<\/strong><\/p>\n\n\n\n<ul class=\"wp-block-list\"><li><em>Es un f\u00fatbol dif\u00edcil, directo, serio y el jugador\nsudamericano es folcl\u00f3rico. Los entrenos son serios y hab\u00eda que tener madurez\npara afrontar esos entrenamientos, madurez que no ten\u00eda. La adaptaci\u00f3n se me\nhizo compleja, el idioma nunca lo entend\u00ed. Cont\u00e9 con la compa\u00f1\u00eda de mi pareja\nque sab\u00eda varios idiomas y se me hizo m\u00e1s f\u00e1cil. <\/em><\/li><\/ul>\n\n\n\n<p class=\"wp-block-paragraph\"><strong>\u00bfC\u00f3mo\nlleg\u00f3 al C\u00facuta Deportivo?<\/strong><\/p>\n\n\n\n<ul class=\"wp-block-list\"><li><em>Por el inter\u00e9s del presidente del club de contar conmigo.\nMi empresario hab\u00eda tra\u00eddo otros jugadores y tom\u00e9 la decisi\u00f3n de venir, porque\nes un equipo grande, lo veo con mucha importancia. El \u00fanico equipo de una\nciudad con una hinchada fant\u00e1stica. Ac\u00e1&nbsp;\nestoy para hacer grandes cosas. <\/em><\/li><\/ul>\n\n\n\n<p class=\"wp-block-paragraph\"><strong>\u00bfQu\u00e9 lo\nmotiva?<\/strong><\/p>\n\n\n\n<ul class=\"wp-block-list\"><li><em>Mi Familia.<\/em><\/li><\/ul>\n\n\n\n<p class=\"wp-block-paragraph\"><strong>\u00bfC\u00f3mo\npodemos describir a Ever Valencia?<\/strong><\/p>\n\n\n\n<ul class=\"wp-block-list\"><li>Soy alegre, respetuoso,\nentregado por lo que hago, responsable y me encanta compartir.<\/li><\/ul>\n\n\n\n<p class=\"wp-block-paragraph\"><strong>JORDY ORLANDO CRUZ.<\/strong><\/p>\n","protected":false},"excerpt":{"rendered":"<p>C\u00daCUTA.- Una historia de superaci\u00f3n personal, as\u00ed puede describirse el camino que ha tomado Ever Valencia para cumplir sus sue\u00f1os. Entre sacrificios, ca\u00eddas y pruebas superadas este jugador lleg\u00f3 al C\u00facuta Deportivo para ser importante en el esquema motil\u00f3n y confirmar con sus acciones en las cancha, porque fue llamado a la Selecci\u00f3n Colombia Sub &hellip;<\/p>\n","protected":false},"author":1,"featured_media":34667,"comment_status":"open","ping_status":"open","sticky":false,"template":"","format":"standard","meta":{"footnotes":""},"categories":[4,28],"tags":[4378,4650,301],"class_list":["post-34666","post","type-post","status-publish","format-standard","has-post-thumbnail","hentry","category-barra","category-vistazo-deportivo","tag-cucuta-deportivo-2019","tag-ever-valencia","tag-futbol-profesional-colombiano"],"_links":{"self":[{"href":"https:\/\/contraluzcucuta.co\/index.php?rest_route=\/wp\/v2\/posts\/34666","targetHints":{"allow":["GET"]}}],"collection":[{"href":"https:\/\/contraluzcucuta.co\/index.php?rest_route=\/wp\/v2\/posts"}],"about":[{"href":"https:\/\/contraluzcucuta.co\/index.php?rest_route=\/wp\/v2\/types\/post"}],"author":[{"embeddable":true,"href":"https:\/\/contraluzcucuta.co\/index.php?rest_route=\/wp\/v2\/users\/1"}],"replies":[{"embeddable":true,"href":"https:\/\/contraluzcucuta.co\/index.php?rest_route=%2Fwp%2Fv2%2Fcomments&post=34666"}],"version-history":[{"count":1,"href":"https:\/\/contraluzcucuta.co\/index.php?rest_route=\/wp\/v2\/posts\/34666\/revisions"}],"predecessor-version":[{"id":34668,"href":"https:\/\/contraluzcucuta.co\/index.php?rest_route=\/wp\/v2\/posts\/34666\/revisions\/34668"}],"wp:featuredmedia":[{"embeddable":true,"href":"https:\/\/contraluzcucuta.co\/index.php?rest_route=\/wp\/v2\/media\/34667"}],"wp:attachment":[{"href":"https:\/\/contraluzcucuta.co\/index.php?rest_route=%2Fwp%2Fv2%2Fmedia&parent=34666"}],"wp:term":[{"taxonomy":"category","embeddable":true,"href":"https:\/\/contraluzcucuta.co\/index.php?rest_route=%2Fwp%2Fv2%2Fcategories&post=34666"},{"taxonomy":"post_tag","embeddable":true,"href":"https:\/\/contraluzcucuta.co\/index.php?rest_route=%2Fwp%2Fv2%2Ftags&post=34666"}],"curies":[{"name":"wp","href":"https:\/\/api.w.org\/{rel}","templated":true}]}}