{"id":34662,"date":"2019-08-25T21:11:06","date_gmt":"2019-08-26T02:11:06","guid":{"rendered":"http:\/\/contraluzcucuta.co\/?p=34662"},"modified":"2019-08-25T21:11:09","modified_gmt":"2019-08-26T02:11:09","slug":"%ef%bb%bfcarta-al-nono-rafa-gracias-a-la-reventa-de-boletas-pude-volver-al-general","status":"publish","type":"post","link":"https:\/\/contraluzcucuta.co\/?p=34662","title":{"rendered":"\ufeffCARTA AL NONO RAFA. Gracias a la reventa de boletas pude volver al General"},"content":{"rendered":"\n<p class=\"wp-block-paragraph\" style=\"text-align:right\"><strong><em>Hola, Nono. Le cuento que el s\u00e1bado volv\u00ed al General de Santander para ver de nuevo al Glorioso C\u00facuta Deportivo. Ten\u00eda mucho tiempo sin ir porque las entradas est\u00e1n por las nubes y a los ni\u00f1os nos cobran tarifa completa. Es verdad, cumpl\u00ed 7, pero con el estadio desocupado c\u00f3mo es que no nos dejan entrar sin costo. \u00bfAs\u00ed quieren los directivos que la afici\u00f3n se renueve y que nazcan hinchas? <\/em><\/strong><\/p>\n\n\n\n<p class=\"wp-block-paragraph\">Bueno, voy a dejar las cr\u00edticas para hacerlas\npor tel\u00e9fono, porque creo que de todas maneras no me escuchan en las oficinas\ndel club. Y se convierten en botadera de corriente, como dicen muchos adultos\nque escucho en las tribunas. <\/p>\n\n\n\n<p class=\"wp-block-paragraph\">En esta oportunidad me gust\u00f3 c\u00f3mo el\nrojinegro le gan\u00f3 (2-1) a Equidad. Le pusimos otros tres puntos en la\nReclasificaci\u00f3n y nos metimos entre los ocho mejores. Esos triunfos son los que\nalegran, porque tienen doble prop\u00f3sito. Este t\u00e9rmino es ganadero, pero\naplicable en este momento al f\u00fatbol.<\/p>\n\n\n\n<p class=\"wp-block-paragraph\">Nono, a pesar de estar alegre porque ganamos,\nme disgustaron algunos hechos que quiero comentarle, para que usted, como\nperiodista que es, los divulgue y los comente luego con sus compadritos.<\/p>\n\n\n\n<p class=\"wp-block-paragraph\"><strong>Uno.<\/strong> No me dejaron\ningresar por la puerta de Prensa, porque los periodistas no tienen derecho a un\ncupito. Ah, pero Nono, la joven que no me permiti\u00f3 pasar tiene en mano un\nmont\u00f3n de listas que env\u00edan emisoras y p\u00e1ginas web con nombres dizque de\nlocutores y comentaristas que ocupan sillas y, la verdad, no se les nota el\ntrabajo en los medios para los que dicen que trabajan. Imag\u00ednese.<\/p>\n\n\n\n<p class=\"wp-block-paragraph\"><strong>Dos.<\/strong> Mi pap\u00e1, para no\ndejarme vestido con la camiseta rojinegra que tanto me gusta, me compr\u00f3 en\nreventa una boleta de esas que dan de <em>cortes\u00eda<\/em>\npara Occidental. Pag\u00f3 $ 10.000 con miedo de que saliera chimba. El se\u00f1or que se\nla vendi\u00f3, para garantizarle que era buena, esper\u00f3 hasta que yo entrara. \u00bfSeguridad\no temor?<\/p>\n\n\n\n<p class=\"wp-block-paragraph\"><strong>Tres.<\/strong> \u00bfSabe, Nono? Esa\nboleta, por detr\u00e1s, ten\u00eda escrito un nombre. Dec\u00eda Nelson Parada, y de una vez\nme acord\u00e9 que fue concejal y ahora es secretario en la Gobernaci\u00f3n. \u00bfNo ser\u00eda\nbueno que las llevaran a los colegios para regalarlas a quienes queremos al\nC\u00facuta y que a veces nos ven como los futuros seguidores de los motilones?\nDigo, para que unos pocos no se lucren.<\/p>\n\n\n\n<p class=\"wp-block-paragraph\"><strong>Cuatro<\/strong>. No entiendo cu\u00e1l es\nel af\u00e1n de los muchachos de la Banda del Indio de asustar a los dem\u00e1s\naficionados con esas bombas que explotan a cada nada. Eso no es nada gracioso,\nni sirve como aliento al equipo. Por el contrario, creo, ayuda a espantar a los\npocos hombres y mujeres que todav\u00eda van a Norte, Sur, Oriente y Occidente.\nEscuch\u00e9 que las llaman matasuegras. \u00a1Que susto!<\/p>\n\n\n\n<p class=\"wp-block-paragraph\"><strong>Quinto.<\/strong> Metido en el equipo,\nNono, le cuento que a la afici\u00f3n no le gustan ni Carmelo ni Guisao. Y me puse a\npensar, al escuchar los insultos, que es imposible que se les haya olvidado\njugar. El pasado dice que fueron buenos; entonces, qu\u00e9 les pas\u00f3. \u00bfCuesti\u00f3n de\nempresarios?<\/p>\n\n\n\n<p class=\"wp-block-paragraph\"><strong>Sexto<\/strong>. A los centrales Achucarro\ny L\u00f3pez les falta concentraci\u00f3n. Usted viera Nono, c\u00f3mo se ponen nerviosos los\nhinchas cuando hay ataque de los visitantes. Las se\u00f1oras, si pudieran, sacar\u00edan\nlas cam\u00e1ndulas para rezar el Rosario y pedir ayuda divina, aunque Juan Camilo\nsiempre est\u00e1 atento.<\/p>\n\n\n\n<p class=\"wp-block-paragraph\"><strong>S\u00e9ptimo<\/strong>. El arquero de Equidad,\nde apellido Bonilla, igual al de mis primos Arnold y Juliana, tiene \u00ednfulas de\nfullero. Esconde el bal\u00f3n, pierde tiempo de manera deliberada, hace trampa al\nreloj. \u00bfCu\u00e1ndo aprender\u00e1n los futbolistas que deben ser buenos artistas y no\ncaricatos?<\/p>\n\n\n\n<p class=\"wp-block-paragraph\"><strong>Octavo.<\/strong> El General de Santander\nse ve triste sin la algarab\u00eda de las barras. Solo los del Indio se mantienen\nfieles. Hay que esperar a que el equipo despegue para ver de nuevo los trapos\ntendidos en las tribunas. Escoge partidos.<\/p>\n\n\n\n<p class=\"wp-block-paragraph\"><strong>Noveno<\/strong>. Nono, \u00bfes cierto que\nes mejor estar de seis o siete que ser primero?<\/p>\n\n\n\n<p class=\"wp-block-paragraph\"><strong>Diez.<\/strong> No s\u00e9 cu\u00e1ndo vuelva al\nGeneral. El pr\u00f3ximo partido es el Cl\u00e1sico del Oriente y no he vivido el\nprimero. Mi pap\u00e1 dijo que es peligroso, porque los de Bucaramanga vienen a armar\npleitos y no me gusta. Aunque tengo una idea, Usted que es amigo de Nelson\nParada d\u00edgale que me regale una boletica y otra para mi hermana. Mi mam\u00e1 nos\nlav\u00f3 la camiseta.<\/p>\n\n\n\n<p class=\"wp-block-paragraph\"><strong>Su\nnieto, SAMUEL YAMIT<\/strong><\/p>\n","protected":false},"excerpt":{"rendered":"<p>Hola, Nono. Le cuento que el s\u00e1bado volv\u00ed al General de Santander para ver de nuevo al Glorioso C\u00facuta Deportivo. Ten\u00eda mucho tiempo sin ir porque las entradas est\u00e1n por las nubes y a los ni\u00f1os nos cobran tarifa completa. Es verdad, cumpl\u00ed 7, pero con el estadio desocupado c\u00f3mo es que no nos dejan &hellip;<\/p>\n","protected":false},"author":1,"featured_media":34664,"comment_status":"open","ping_status":"open","sticky":false,"template":"","format":"standard","meta":{"footnotes":""},"categories":[4,28],"tags":[4229,4378,1396],"class_list":["post-34662","post","type-post","status-publish","format-standard","has-post-thumbnail","hentry","category-barra","category-vistazo-deportivo","tag-carta-al-nono","tag-cucuta-deportivo-2019","tag-dimayor"],"_links":{"self":[{"href":"https:\/\/contraluzcucuta.co\/index.php?rest_route=\/wp\/v2\/posts\/34662","targetHints":{"allow":["GET"]}}],"collection":[{"href":"https:\/\/contraluzcucuta.co\/index.php?rest_route=\/wp\/v2\/posts"}],"about":[{"href":"https:\/\/contraluzcucuta.co\/index.php?rest_route=\/wp\/v2\/types\/post"}],"author":[{"embeddable":true,"href":"https:\/\/contraluzcucuta.co\/index.php?rest_route=\/wp\/v2\/users\/1"}],"replies":[{"embeddable":true,"href":"https:\/\/contraluzcucuta.co\/index.php?rest_route=%2Fwp%2Fv2%2Fcomments&post=34662"}],"version-history":[{"count":1,"href":"https:\/\/contraluzcucuta.co\/index.php?rest_route=\/wp\/v2\/posts\/34662\/revisions"}],"predecessor-version":[{"id":34665,"href":"https:\/\/contraluzcucuta.co\/index.php?rest_route=\/wp\/v2\/posts\/34662\/revisions\/34665"}],"wp:featuredmedia":[{"embeddable":true,"href":"https:\/\/contraluzcucuta.co\/index.php?rest_route=\/wp\/v2\/media\/34664"}],"wp:attachment":[{"href":"https:\/\/contraluzcucuta.co\/index.php?rest_route=%2Fwp%2Fv2%2Fmedia&parent=34662"}],"wp:term":[{"taxonomy":"category","embeddable":true,"href":"https:\/\/contraluzcucuta.co\/index.php?rest_route=%2Fwp%2Fv2%2Fcategories&post=34662"},{"taxonomy":"post_tag","embeddable":true,"href":"https:\/\/contraluzcucuta.co\/index.php?rest_route=%2Fwp%2Fv2%2Ftags&post=34662"}],"curies":[{"name":"wp","href":"https:\/\/api.w.org\/{rel}","templated":true}]}}