{"id":34639,"date":"2019-08-23T16:45:09","date_gmt":"2019-08-23T21:45:09","guid":{"rendered":"http:\/\/contraluzcucuta.co\/?p=34639"},"modified":"2019-08-23T16:45:12","modified_gmt":"2019-08-23T21:45:12","slug":"contrato-de-bilinguismo-procuraduria-abrio-investigacion-y-suspendio-por-tres-meses-a-william-villamizar","status":"publish","type":"post","link":"https:\/\/contraluzcucuta.co\/?p=34639","title":{"rendered":"CONTRATO DE BILING\u00dcISMO. Procuradur\u00eda abri\u00f3 investigaci\u00f3n y suspendi\u00f3 por tres meses a William Villamizar"},"content":{"rendered":"\n<p class=\"wp-block-paragraph\" style=\"text-align:right\"><strong>BOGOT\u00c1.-<\/strong> <strong><em>La Procuradur\u00eda General de la Naci\u00f3n abri\u00f3 investigaci\u00f3n disciplinaria y suspendi\u00f3 provisionalmente por tres meses al gobernador de Norte de Santander, William Villamizar Laguado, por presuntas irregularidades al celebrar un contrato de biling\u00fcismo por $ 11.998 millones.<\/em><\/strong><\/p>\n\n\n\n<p class=\"wp-block-paragraph\">El \u00f3rgano de control tambi\u00e9n abri\u00f3\ninvestigaci\u00f3n a la gerente general de la Empresa de Nuevas Tecnolog\u00edas de\nInnovaci\u00f3n, Ingenier\u00eda y Telecomunicaciones (Nui Telco S.A.S.), Mayret Zorayda\nNi\u00f1o Moreno. El objetivo es establecer la existencia de presuntas faltas\ndisciplinarias ante una posible vulneraci\u00f3n del ordenamiento jur\u00eddico y\nsupuestas irregularidades en la formaci\u00f3n, adjudicaci\u00f3n y celebraci\u00f3n del\ncontrato interadministrativo No. 00740 del 22 de marzo de 2019.<\/p>\n\n\n\n<p class=\"wp-block-paragraph\">El 15 de agosto, la Procuradur\u00eda solicit\u00f3,\ncomo medida preventiva, suspender el contrato al advertir una supuesta\nselecci\u00f3n subjetiva del contratista, teniendo en cuenta que en los documentos\nprecontractuales no se evidenciaron las razones de conveniencia y oportunidad\npara que la sociedad Nui Telco S.A.S. fuera seleccionada<\/p>\n\n\n\n<p class=\"wp-block-paragraph\">El presupuesto aprobado no habr\u00eda tenido\nsustento en un estudio de mercado y an\u00e1lisis de costos de las caracter\u00edsticas\nespec\u00edficas del objeto y las prestaciones para contratar, y en la oferta\npresentada tampoco estar\u00edan discriminados los costos por actividad.<\/p>\n\n\n\n<p class=\"wp-block-paragraph\">El organismo de control busca determinar la\nidoneidad y la capacidad ofertada por Nui Telco S.A.S., que habr\u00eda sido\naceptada por el gobernador Villamizar para establecer si se respetaron los\nprincipios de responsabilidad, trasparencia y econom\u00eda, el deber de selecci\u00f3n\nobjetiva y el r\u00e9gimen de los recursos de regal\u00edas. <\/p>\n\n\n\n<p class=\"wp-block-paragraph\">Ante la decisi\u00f3n de suspender al gobernante\nterritorial de manera temporal, la Procuradur\u00eda encontr\u00f3 elementos de juicio\nque indican que la permanencia en el cargo permitir\u00eda que se reitere la\npresunta falta. <\/p>\n\n\n\n<p class=\"wp-block-paragraph\">La entidad de control, adem\u00e1s del contrato de\nbiling\u00fcismo, analiz\u00f3 otro por valor de $ 14.514 millones, en el que el\ndepartamento aportar\u00eda $ 13.977 millones para la ejecuci\u00f3n del proyecto con\nrecursos del Sistema General de Regal\u00edas, que tendr\u00eda presuntas fallas en la\nfase precontractual, similares a las de contrato de biling\u00fcismo.<\/p>\n\n\n\n<p class=\"wp-block-paragraph\">El \u00f3rgano de control decret\u00f3 la pr\u00e1ctica de\npruebas con el fin de verificar la ocurrencia de conductas presuntamente\nirregulares, determinar si son constitutivas de falta disciplinaria, esclarecer\nlos motivos determinantes, las circunstancias de tiempo modo y lugar en las que\nse cometieron, y el perjuicio que pudo causar a la administraci\u00f3n p\u00fablica.<\/p>\n\n\n\n<p class=\"wp-block-paragraph\">Los investigados ser\u00edan escuchados en versi\u00f3n\nlibre el 30 de agosto, si as\u00ed lo desean.<\/p>\n","protected":false},"excerpt":{"rendered":"<p>BOGOT\u00c1.- La Procuradur\u00eda General de la Naci\u00f3n abri\u00f3 investigaci\u00f3n disciplinaria y suspendi\u00f3 provisionalmente por tres meses al gobernador de Norte de Santander, William Villamizar Laguado, por presuntas irregularidades al celebrar un contrato de biling\u00fcismo por $ 11.998 millones. El \u00f3rgano de control tambi\u00e9n abri\u00f3 investigaci\u00f3n a la gerente general de la Empresa de Nuevas Tecnolog\u00edas &hellip;<\/p>\n","protected":false},"author":1,"featured_media":34640,"comment_status":"open","ping_status":"open","sticky":false,"template":"","format":"standard","meta":{"footnotes":""},"categories":[4,6],"tags":[1370,348,2092],"class_list":["post-34639","post","type-post","status-publish","format-standard","has-post-thumbnail","hentry","category-barra","category-ojo-avizor","tag-gobernador-de-norte-de-santander","tag-procuraduria-general-de-la-nacion","tag-william-villamizar"],"_links":{"self":[{"href":"https:\/\/contraluzcucuta.co\/index.php?rest_route=\/wp\/v2\/posts\/34639","targetHints":{"allow":["GET"]}}],"collection":[{"href":"https:\/\/contraluzcucuta.co\/index.php?rest_route=\/wp\/v2\/posts"}],"about":[{"href":"https:\/\/contraluzcucuta.co\/index.php?rest_route=\/wp\/v2\/types\/post"}],"author":[{"embeddable":true,"href":"https:\/\/contraluzcucuta.co\/index.php?rest_route=\/wp\/v2\/users\/1"}],"replies":[{"embeddable":true,"href":"https:\/\/contraluzcucuta.co\/index.php?rest_route=%2Fwp%2Fv2%2Fcomments&post=34639"}],"version-history":[{"count":1,"href":"https:\/\/contraluzcucuta.co\/index.php?rest_route=\/wp\/v2\/posts\/34639\/revisions"}],"predecessor-version":[{"id":34641,"href":"https:\/\/contraluzcucuta.co\/index.php?rest_route=\/wp\/v2\/posts\/34639\/revisions\/34641"}],"wp:featuredmedia":[{"embeddable":true,"href":"https:\/\/contraluzcucuta.co\/index.php?rest_route=\/wp\/v2\/media\/34640"}],"wp:attachment":[{"href":"https:\/\/contraluzcucuta.co\/index.php?rest_route=%2Fwp%2Fv2%2Fmedia&parent=34639"}],"wp:term":[{"taxonomy":"category","embeddable":true,"href":"https:\/\/contraluzcucuta.co\/index.php?rest_route=%2Fwp%2Fv2%2Fcategories&post=34639"},{"taxonomy":"post_tag","embeddable":true,"href":"https:\/\/contraluzcucuta.co\/index.php?rest_route=%2Fwp%2Fv2%2Ftags&post=34639"}],"curies":[{"name":"wp","href":"https:\/\/api.w.org\/{rel}","templated":true}]}}