{"id":34636,"date":"2019-08-23T16:28:26","date_gmt":"2019-08-23T21:28:26","guid":{"rendered":"http:\/\/contraluzcucuta.co\/?p=34636"},"modified":"2019-08-23T16:28:30","modified_gmt":"2019-08-23T21:28:30","slug":"dia-nacional-encuentro-de-tenderos-en-cucuta","status":"publish","type":"post","link":"https:\/\/contraluzcucuta.co\/?p=34636","title":{"rendered":"D\u00cdA NACIONAL. Encuentro de tenderos en C\u00facuta"},"content":{"rendered":"\n<p class=\"wp-block-paragraph\" style=\"text-align:right\"><strong>C\u00daCUTA.-<\/strong> <strong><em>M\u00e1s de 5000 tenderos de la ciudad participar\u00e1n, este 25 de agosto, en el D\u00eda Nacional del Tendero. El encuentro se llevar\u00e1 a cabo en el parqueadero del parque 300 A\u00f1os (Antiguo Parque Bavaria). La actividad es apoyada por la Alcald\u00eda de C\u00facuta y participar\u00e1n las empresas de cadena alimenticia, servicios y automotores.<\/em><\/strong><\/p>\n\n\n\n<p class=\"wp-block-paragraph\">Ser\u00e1 un espacio en el que los tenderos de la ciudad\ny el \u00c1rea Metropolitana tendr\u00e1n la oportunidad de gozar con los espect\u00e1culos\nmusicales, las degustaciones y tres bingos. La actividad inicia a las 10:00 de\nla ma\u00f1ana, y en un solo lugar podr\u00e1n comunicarse con las marcas de productos y\nservicios con las que tienen relaciones comerciales.<\/p>\n\n\n\n<p class=\"wp-block-paragraph\">El ingreso al parqueadero es gratis y solo se\nrequiere de la presentaci\u00f3n de la tarjeta de invitaci\u00f3n enviada por intermedio\nde las empresas participantes.<\/p>\n\n\n\n<p class=\"wp-block-paragraph\">\u00bfPor qu\u00e9 los tenderos son importantes en la\ncadena de comercializaci\u00f3n?<\/p>\n\n\n\n<p class=\"wp-block-paragraph\">1.- La tienda de barrio sigue siendo la joya\nde la corona para las principales marcas de productos de consumo masivo. <\/p>\n\n\n\n<p class=\"wp-block-paragraph\">2.- Estudios de Fenalco indican que a pesar\ndel crecimiento de las cadenas de supermercados y de la llegada de nuevos\ncompetidores, la tienda es, de lejos, el m\u00e1s importante canal de distribuci\u00f3n\nde los productos de consumo masivo. Captura m\u00e1s del 48 % del mercado de la canasta\nfamiliar en ciudades y en peque\u00f1as poblaciones la participaci\u00f3n asciende al 62 %.<\/p>\n\n\n\n<p class=\"wp-block-paragraph\">3.- La tienda vive un proceso de grandes trasformaciones.\nSe abren inmensas posibilidades de formalizaci\u00f3n de estos negocios con la\nfigura del R\u00e9gimen Simple, recientemente aprobado por el Congreso de la\nRep\u00fablica, y que ofrece beneficios para los microempresarios.<\/p>\n\n\n\n<p class=\"wp-block-paragraph\">4.- Adicionalmente, la tienda tiene la\ndisposici\u00f3n a capacitarse y progresar.<\/p>\n\n\n\n<p class=\"wp-block-paragraph\">Poco a poco han comenzado a tener datafonos y\ncaja registradora, a constituirse como corresponsales bancarios, a estar en regla\ncon las disposiciones normativas, a exhibir de manera atractiva la mercanc\u00eda y\na meterle gerencia al negocio.\n\nPara cumplir el objetivo, Fenalco\nse ha aliado con empresas para capacitar tenderos emprendedores de la ciudad.\n\n<\/p>\n","protected":false},"excerpt":{"rendered":"<p>C\u00daCUTA.- M\u00e1s de 5000 tenderos de la ciudad participar\u00e1n, este 25 de agosto, en el D\u00eda Nacional del Tendero. El encuentro se llevar\u00e1 a cabo en el parqueadero del parque 300 A\u00f1os (Antiguo Parque Bavaria). La actividad es apoyada por la Alcald\u00eda de C\u00facuta y participar\u00e1n las empresas de cadena alimenticia, servicios y automotores. Ser\u00e1 &hellip;<\/p>\n","protected":false},"author":1,"featured_media":34637,"comment_status":"open","ping_status":"open","sticky":false,"template":"","format":"standard","meta":{"footnotes":""},"categories":[4,36],"tags":[1526,3279],"class_list":["post-34636","post","type-post","status-publish","format-standard","has-post-thumbnail","hentry","category-barra","category-la-voz-del-pueblo","tag-fenalco-norte-de-santander","tag-tenderos-de-cucuta"],"_links":{"self":[{"href":"https:\/\/contraluzcucuta.co\/index.php?rest_route=\/wp\/v2\/posts\/34636","targetHints":{"allow":["GET"]}}],"collection":[{"href":"https:\/\/contraluzcucuta.co\/index.php?rest_route=\/wp\/v2\/posts"}],"about":[{"href":"https:\/\/contraluzcucuta.co\/index.php?rest_route=\/wp\/v2\/types\/post"}],"author":[{"embeddable":true,"href":"https:\/\/contraluzcucuta.co\/index.php?rest_route=\/wp\/v2\/users\/1"}],"replies":[{"embeddable":true,"href":"https:\/\/contraluzcucuta.co\/index.php?rest_route=%2Fwp%2Fv2%2Fcomments&post=34636"}],"version-history":[{"count":1,"href":"https:\/\/contraluzcucuta.co\/index.php?rest_route=\/wp\/v2\/posts\/34636\/revisions"}],"predecessor-version":[{"id":34638,"href":"https:\/\/contraluzcucuta.co\/index.php?rest_route=\/wp\/v2\/posts\/34636\/revisions\/34638"}],"wp:featuredmedia":[{"embeddable":true,"href":"https:\/\/contraluzcucuta.co\/index.php?rest_route=\/wp\/v2\/media\/34637"}],"wp:attachment":[{"href":"https:\/\/contraluzcucuta.co\/index.php?rest_route=%2Fwp%2Fv2%2Fmedia&parent=34636"}],"wp:term":[{"taxonomy":"category","embeddable":true,"href":"https:\/\/contraluzcucuta.co\/index.php?rest_route=%2Fwp%2Fv2%2Fcategories&post=34636"},{"taxonomy":"post_tag","embeddable":true,"href":"https:\/\/contraluzcucuta.co\/index.php?rest_route=%2Fwp%2Fv2%2Ftags&post=34636"}],"curies":[{"name":"wp","href":"https:\/\/api.w.org\/{rel}","templated":true}]}}