{"id":34629,"date":"2019-08-15T22:03:55","date_gmt":"2019-08-16T03:03:55","guid":{"rendered":"http:\/\/contraluzcucuta.co\/?p=34629"},"modified":"2019-08-15T22:03:57","modified_gmt":"2019-08-16T03:03:57","slug":"%ef%bb%bfprimera-pagina-me-gusta-el-toreo-clasico-rocio-morelli","status":"publish","type":"post","link":"https:\/\/contraluzcucuta.co\/?p=34629","title":{"rendered":"\ufeffPRIMERA P\u00c1GINA. Me gusta el toreo cl\u00e1sico: Roc\u00edo Morelli"},"content":{"rendered":"\n<p class=\"wp-block-paragraph\" style=\"text-align:right\"><strong>C\u00daCUTA.-<\/strong> <em><strong>\u201cQue ser valiente no salga tan caro. Que ser cobarde no valga la pena\u201d. Es la inscripci\u00f3n que lleva en el brazo izquierdo Roc\u00edo Morelli, la matadora de toros que estar\u00e1 este domingo en Chin\u00e1cota. El cartel para celebrar los 40 a\u00f1os de la plaza de San Nicol\u00e1s lo completan Rams\u00e9s y Jos\u00e9 Luis Robayo. La organizaci\u00f3n est\u00e1 a cargo de Coltauro. <\/strong><\/em><\/p>\n\n\n\n<p class=\"wp-block-paragraph\">Nacida en Colombia, desde chica residenciada\nen M\u00e9xico, donde hizo todo el aprendizaje de este arte, y soltera. Tiene 25\na\u00f1os, admira a C\u00e9sar Rinc\u00f3n, tiene como meta torear en Las Ventas y salir por\nla puerta grande.<\/p>\n\n\n\n<p class=\"wp-block-paragraph\"><strong>\u00bfPor\nqu\u00e9 le dio por ser matadora de toros?<\/strong><\/p>\n\n\n\n<ul class=\"wp-block-list\"><li><em>Empec\u00e9 desde ni\u00f1a. Mi mam\u00e1 era torea y mi abuelo tambi\u00e9n.\nNac\u00ed con ese gusto.<\/em><\/li><\/ul>\n\n\n\n<p class=\"wp-block-paragraph\"><strong>\u00bfHab\u00eda\nvuelto a Colombia?<\/strong><\/p>\n\n\n\n<ul class=\"wp-block-list\"><li><em>S\u00ed, me considero ciento por ciento colombiana, y me llena\nde ilusi\u00f3n volver a mi pa\u00eds, torear aqu\u00ed y disfrutar estas corridas tan importantes,\ntan serias y tan bien hechas. El a\u00f1o pasado estuve en Manizales, fecha importante\npara m\u00ed.<\/em><\/li><\/ul>\n\n\n\n<p class=\"wp-block-paragraph\"><strong>\u00bfC\u00f3mo\nla han tratado los toros?<\/strong><\/p>\n\n\n\n<ul class=\"wp-block-list\"><li><em>Me han pegado fuerte, pero gracias a Dios y por suerte no\nhe tenido cornadas.<\/em><\/li><\/ul>\n\n\n\n<p class=\"wp-block-paragraph\"><strong>\u00bfCu\u00e1l\nes su fuerte en el ruedo?<\/strong><\/p>\n\n\n\n<ul class=\"wp-block-list\"><li><em>La muleta y la espada. \u00daltimamente, he tenido buena\nrachita. Tengo un gran maestro que me ha ayudado en eso, es el torero\ncolombiano C\u00e9sar Camacho.<\/em><\/li><\/ul>\n\n\n\n<p class=\"wp-block-paragraph\"><strong>\u00bfCu\u00e1ntas\norejas hasta ahora en su carrera?<\/strong><\/p>\n\n\n\n<ul class=\"wp-block-list\"><li><em>Desde cuando tom\u00e9 la alternativa como profesional, hace\ndos a\u00f1os, he tenido siempre triunfos en todas las tardes.<\/em><\/li><\/ul>\n\n\n\n<p class=\"wp-block-paragraph\"><strong>\u00bfEn qu\u00e9\npa\u00edses ha triunfado?<\/strong><\/p>\n\n\n\n<ul class=\"wp-block-list\"><li><em>En Espa\u00f1a, Per\u00fa, Colombia y M\u00e9xico.<\/em><\/li><\/ul>\n\n\n\n<p class=\"wp-block-paragraph\"><strong>\u00bfHa\nestado en Las Ventas, de Madrid?<\/strong><\/p>\n\n\n\n<ul class=\"wp-block-list\"><li><em>No. Es un proyecto que tengo con ilusi\u00f3n. Estuve en la\nPlaza M\u00e9xico, que tambi\u00e9n es importante, es la m\u00e1s grande del mundo, pero\nquiero confirmar en Las Ventas.<\/em><\/li><\/ul>\n\n\n\n<p class=\"wp-block-paragraph\"><strong>\u00bfCu\u00e1l\nde las figuras que se hacen en el ruedo le encanta y le sale mejor?<\/strong><\/p>\n\n\n\n<ul class=\"wp-block-list\"><li><em>Me gusta la variedad con el capote. Me gusta la ver\u00f3nica,\nla esencial y la m\u00e1s complicada. Me gusta torear al natural, por la izquierda.<\/em><\/li><\/ul>\n\n\n\n<p class=\"wp-block-paragraph\"><strong>\u00bfQu\u00e9\ntanto miedo se siente en el ruedo?<\/strong><\/p>\n\n\n\n<ul class=\"wp-block-list\"><li><em>S\u00ed, siempre. Se siente mucho compromiso, sobre todo por\nel triunfo, por hacer el trabajo bien. S\u00ed, todos tenemos miedo, somos humanos.\nPero ah\u00ed es donde viene la virtud del torero para superar esos momentos.<\/em><\/li><\/ul>\n\n\n\n<p class=\"wp-block-paragraph\"><strong>\u00bfEl\ntoreo es un arte?<\/strong><\/p>\n\n\n\n<ul class=\"wp-block-list\"><li><em>Totalmente. Somos artistas los toreros, porque\ntrasmitimos y creamos algo.<\/em><\/li><\/ul>\n\n\n\n<p class=\"wp-block-paragraph\"><strong>\u00bfQu\u00e9\nsiente al ver al toro a punto de morir?<\/strong><\/p>\n\n\n\n<ul class=\"wp-block-list\"><li><em>Los toreros respetamos al toro. Tratamos de darle una\nmuerte digna, y lo tratamos con todo el respeto que merece el animal.<\/em><\/li><\/ul>\n\n\n\n<p class=\"wp-block-paragraph\"><strong>\u00bfC\u00f3mo\nlidia con los antitaurinos?<\/strong><\/p>\n\n\n\n<ul class=\"wp-block-list\"><li><em>Los respeto. He respetado los gustos de cada persona, y\nla base de todo es el respeto.<\/em><\/li><\/ul>\n\n\n\n<p class=\"wp-block-paragraph\"><strong>\u00bfQu\u00e9\nles hubiera dicho a los pol\u00edticos colombinos que quisieron acabar con la fiesta\nbrava?<\/strong><\/p>\n\n\n\n<ul class=\"wp-block-list\"><li><em>Primero, que esta es una profesi\u00f3n en la que trabajan\nmuchos, que tiene una gran fuente de empleo, que es un arte, que al toro se le\nda una vida buena.<\/em><\/li><\/ul>\n\n\n\n<p class=\"wp-block-paragraph\"><strong>\u00bfC\u00f3mo\nla afectan las cr\u00edticas?<\/strong><\/p>\n\n\n\n<ul class=\"wp-block-list\"><li><em>Las profesionales siempre vienen bien. Los animalistas me\natacan fuerte por redes sociales, pero no presto atenci\u00f3n, porque hay que ver\nlo positivo.<\/em><\/li><\/ul>\n\n\n\n<p class=\"wp-block-paragraph\"><strong>\u00bfDe los\ntoreros colombianos a qui\u00e9nes conoce?<\/strong><\/p>\n\n\n\n<ul class=\"wp-block-list\"><li><em>Siento admiraci\u00f3n por Pepe C\u00e1ceres, lo vi por v\u00eddeos;\nC\u00e9sar Rinc\u00f3n, C\u00e9sar Camacho y Jairo Castro. Colombia tiene buenos toreros.<\/em><\/li><\/ul>\n\n\n\n<p class=\"wp-block-paragraph\"><strong>\u00bfY del mundo?<\/strong><\/p>\n\n\n\n<ul class=\"wp-block-list\"><li><em>Me gustaba Jos\u00e9 Mar\u00eda Manzanares (padre), ha sido de los\nque m\u00e1s me han marcado vi\u00e9ndolo en v\u00eddeos; me gustan Talabante y Morante. Me\ngusta el toreo cl\u00e1sico.<\/em><\/li><\/ul>\n\n\n\n<p class=\"wp-block-paragraph\"><strong>\u00bfLe\ngusta el toreo de ferias grandes o de pueblitos?<\/strong><\/p>\n\n\n\n<ul class=\"wp-block-list\"><li><em>Ahora mismo pienso triunfar en todas las plazas. Para m\u00ed\nes tan importante Manizales como Chin\u00e1cota. Tienen la misma importancia y salgo\na darlo todo.<\/em><\/li><\/ul>\n\n\n\n<p class=\"wp-block-paragraph\"><strong>\u00bfEl\nvestido fastidia?<\/strong><\/p>\n\n\n\n<p class=\"wp-block-paragraph\"><em>S\u00ed, es\npesado. Y con el calor m\u00e1s fastidia.<\/em><\/p>\n\n\n\n<p class=\"wp-block-paragraph\"><strong>RAFAEL\nANTONIO PAB\u00d3N<\/strong><\/p>\n\n\n\n<p class=\"wp-block-paragraph\"><strong><a href=\"mailto:rafaelpabon58@hotmail.com\">rafaelpabon58@hotmail.com<\/a><\/strong><\/p>\n","protected":false},"excerpt":{"rendered":"<p>C\u00daCUTA.- \u201cQue ser valiente no salga tan caro. Que ser cobarde no valga la pena\u201d. Es la inscripci\u00f3n que lleva en el brazo izquierdo Roc\u00edo Morelli, la matadora de toros que estar\u00e1 este domingo en Chin\u00e1cota. El cartel para celebrar los 40 a\u00f1os de la plaza de San Nicol\u00e1s lo completan Rams\u00e9s y Jos\u00e9 Luis &hellip;<\/p>\n","protected":false},"author":1,"featured_media":34630,"comment_status":"open","ping_status":"open","sticky":false,"template":"","format":"standard","meta":{"footnotes":""},"categories":[4,28],"tags":[4647,4646,3878],"class_list":["post-34629","post","type-post","status-publish","format-standard","has-post-thumbnail","hentry","category-barra","category-vistazo-deportivo","tag-coltauro","tag-rocio-morelli","tag-toreros-colombianos"],"_links":{"self":[{"href":"https:\/\/contraluzcucuta.co\/index.php?rest_route=\/wp\/v2\/posts\/34629","targetHints":{"allow":["GET"]}}],"collection":[{"href":"https:\/\/contraluzcucuta.co\/index.php?rest_route=\/wp\/v2\/posts"}],"about":[{"href":"https:\/\/contraluzcucuta.co\/index.php?rest_route=\/wp\/v2\/types\/post"}],"author":[{"embeddable":true,"href":"https:\/\/contraluzcucuta.co\/index.php?rest_route=\/wp\/v2\/users\/1"}],"replies":[{"embeddable":true,"href":"https:\/\/contraluzcucuta.co\/index.php?rest_route=%2Fwp%2Fv2%2Fcomments&post=34629"}],"version-history":[{"count":1,"href":"https:\/\/contraluzcucuta.co\/index.php?rest_route=\/wp\/v2\/posts\/34629\/revisions"}],"predecessor-version":[{"id":34631,"href":"https:\/\/contraluzcucuta.co\/index.php?rest_route=\/wp\/v2\/posts\/34629\/revisions\/34631"}],"wp:featuredmedia":[{"embeddable":true,"href":"https:\/\/contraluzcucuta.co\/index.php?rest_route=\/wp\/v2\/media\/34630"}],"wp:attachment":[{"href":"https:\/\/contraluzcucuta.co\/index.php?rest_route=%2Fwp%2Fv2%2Fmedia&parent=34629"}],"wp:term":[{"taxonomy":"category","embeddable":true,"href":"https:\/\/contraluzcucuta.co\/index.php?rest_route=%2Fwp%2Fv2%2Fcategories&post=34629"},{"taxonomy":"post_tag","embeddable":true,"href":"https:\/\/contraluzcucuta.co\/index.php?rest_route=%2Fwp%2Fv2%2Ftags&post=34629"}],"curies":[{"name":"wp","href":"https:\/\/api.w.org\/{rel}","templated":true}]}}