{"id":34625,"date":"2019-08-15T20:54:31","date_gmt":"2019-08-16T01:54:31","guid":{"rendered":"http:\/\/contraluzcucuta.co\/?p=34625"},"modified":"2019-08-15T20:57:11","modified_gmt":"2019-08-16T01:57:11","slug":"%ef%bb%bfemiro-ropero-cuando-dejamos-las-armas-el-catatumbo-era-diferente-a-hoy","status":"publish","type":"post","link":"https:\/\/contraluzcucuta.co\/?p=34625","title":{"rendered":"\ufeffEMIRO ROPERO. \u201cCuando dejamos las armas, El Catatumbo era diferente a hoy\u201d"},"content":{"rendered":"\n<p class=\"wp-block-paragraph\" style=\"text-align:right\"><strong>C\u00daCUTA.-<\/strong> <strong><em>Emiro del Carmen Ropero lleg\u00f3 a las filas de las Farc en 1985. Viv\u00eda en el barrio Antonia Santos (C\u00facuta), donde sinti\u00f3 los rigores de la persecuci\u00f3n oficial por pertenecer a la Uni\u00f3n Patri\u00f3tica. En la guerrilla escal\u00f3 posiciones hasta llegar al comando del frente 33, que oper\u00f3 en Norte de Santander.<\/em><\/strong><\/p>\n\n\n\n<p class=\"wp-block-paragraph\">Un d\u00eda cualquiera los militares lo detuvieron\ny lo desaparecieron. La madre lo busc\u00f3 infructuosamente y no lo encontr\u00f3. Por\nun milagro volvi\u00f3 a la vida y hoy, muchos a\u00f1os despu\u00e9s de esa experiencia,\npuede contar lo vivido.<\/p>\n\n\n\n<p class=\"wp-block-paragraph\">En el conflicto armado estuvo en las dos\norillas. Fue v\u00edctima de la violencia y actor directo. En la primera condici\u00f3n\nperdi\u00f3 a un hermano y varios familiares, vio sufrir a su madre y asumi\u00f3 su\ndolor. En la segunda, arrebat\u00f3 la vida de hombres y mujeres, comprometidos o no\ncon la guerra que se libr\u00f3 en pueblos nortesantandereanos.<\/p>\n\n\n\n<p class=\"wp-block-paragraph\">Hace dos a\u00f1os entreg\u00f3 las armas y ahora est\u00e1\ncomprometido con devolverle la paz al pa\u00eds. \u201cHay muchos mitos sobre el\nconflicto\u201d, como tambi\u00e9n hay demasiadas verdades que van cont\u00e1ndose poco a poco\npor parte de quienes las poseen. \u201cLas v\u00edctimas siempre dar\u00e1n el mejor ejemplo\npara que jam\u00e1s se d\u00e9 un conflicto similar\u201d.<\/p>\n\n\n\n<p class=\"wp-block-paragraph\">Las apreciaciones las hizo en desarrollo del encuentro promovido por El Espectador y la iniciativa Colombia 2020, con apoyo de la embajada alemana, para conocer la verdad de la guerra en el departamento. \u201cLa reconciliaci\u00f3n es fundamental para alcanzar la paz\u201d, lo dijo con tranquilidad delante de v\u00edctimas y excombatientes.<\/p>\n\n\n\n<p class=\"wp-block-paragraph\">El Comisionado de la Verdad en Norte de\nSantander, Sa\u00fal Franco, pregunt\u00f3 en el conversatorio \u201c\u00bfpor qu\u00e9 llegaron hasta\nEl Catatumbo?\u201d para conocer cu\u00e1l era el real inter\u00e9s que encerraba tener\nposesi\u00f3n sobre ese territorio, tanto por parte de la guerrilla como por parte\nde las autodefensas.<\/p>\n\n\n\n<p class=\"wp-block-paragraph\">\u201cCuando dejamos las armas, El Catatumbo era\ndiferente a hoy\u201d, respondi\u00f3 Ropero. Record\u00f3 que esa zona ha tenido varios\nmomentos hist\u00f3ricos:<\/p>\n\n\n\n<p class=\"wp-block-paragraph\">1.- Orden de exterminio del pueblo bar\u00ed.\nOcurri\u00f3 en los a\u00f1os 30.<\/p>\n\n\n\n<p class=\"wp-block-paragraph\">2.- Surgimiento del conflicto armado. En la\nd\u00e9cada de los 70.<\/p>\n\n\n\n<p class=\"wp-block-paragraph\">3.- Genocidio de la UP. En los 80.<\/p>\n\n\n\n<p class=\"wp-block-paragraph\">4.- Incursi\u00f3n de las Auc. A finales de los 90.<\/p>\n\n\n\n<p class=\"wp-block-paragraph\">Entre 1999 y 2004, con la llegada de los\nparamilitares a El Catatumbo, \u201csufrimos una guerra que jam\u00e1s imagin\u00e9\u201d. De ese\ntr\u00e1gico momento queda el recuerdo de las desapariciones de j\u00f3venes, muertos en\ncombate, y que no aparecer\u00e1n. No podr\u00eda individualizar casos, porque\npertenec\u00edan a ambos bandos. \u201cTodo se volc\u00f3 contra El Catatumbo\u201d y hasta las autoridades\nuniformadas \u201cestaban alineadas con la guerra\u201d.<\/p>\n\n\n\n<p class=\"wp-block-paragraph\">La resistencia integral de las comunidades\npara defender el territorio de la ocupaci\u00f3n paramilitar les permiti\u00f3 sobrevivir\na los miembros del 33 frente. Ese fragor b\u00e9lico los llev\u00f3 a enterrar minas\nantipersonal que \u201cno sabemos d\u00f3nde est\u00e1n\u201d y a\u00fan causan da\u00f1o a la poblaci\u00f3n\ncivil, especialmente a la ind\u00edgena de la comunidad bar\u00ed, como lo denunci\u00f3 en el\nencuentro Ashcaina Arabadora, vocero de la etnia.<\/p>\n\n\n\n<p class=\"wp-block-paragraph\">Cuando las autodefensas entraron a El Catatumbo (29 de mayo de 1999), se discut\u00eda el Plan de Desarrollo para esa zona, con los resultados del paro campesino que lleg\u00f3 hasta C\u00facuta (1998). Pero la guerra se intensific\u00f3 y era m\u00e1s terrible enfrentar a los paramilitares que al ej\u00e9rcito regular, porque con las Auc los combates eran hasta morir o vencer.<\/p>\n\n\n\n<p class=\"wp-block-paragraph\">Cada palabra fue un recuerdo que lo llev\u00f3 a\nplantearle una propuesta a su enconado enemigo del pasado Jorge Iv\u00e1n Laverde,\nhoy sentado a su lado para hablar de la verdad del conflicto. \u201cJorge Iv\u00e1n,\nhermano, hagamos ese esfuerzo para lograr dejar el sufrimiento\u2026 para que no\nhaya m\u00e1s guerra\u201d.<\/p>\n\n\n\n<p class=\"wp-block-paragraph\">La respuesta fue inmediata. \u201cAcepto su propuesta\nde pacto\u2026 Estoy dispuesto a seguir construyendo\u201d caminos hacia la paz para\nolvidar \u201ceste triste episodio\u201d.<\/p>\n\n\n\n<p class=\"wp-block-paragraph\">Al Congreso de la Rep\u00fablica, Emiro Ropero le\nenvi\u00f3 un mensaje directo. \u201cNo aplace m\u00e1s la circunscripci\u00f3n de las v\u00edctimas. No\ndejemos que se apague la esperanza\u201d.<\/p>\n\n\n\n<p class=\"wp-block-paragraph\"><strong>RAFAEL\nANTONIO PAB\u00d3N<\/strong><\/p>\n\n\n\n<p class=\"wp-block-paragraph\"><strong><a href=\"mailto:rafaelpabon58@hotmail.com\">rafaelpabon58@hotmail.com<\/a><\/strong><\/p>\n","protected":false},"excerpt":{"rendered":"<p>C\u00daCUTA.- Emiro del Carmen Ropero lleg\u00f3 a las filas de las Farc en 1985. Viv\u00eda en el barrio Antonia Santos (C\u00facuta), donde sinti\u00f3 los rigores de la persecuci\u00f3n oficial por pertenecer a la Uni\u00f3n Patri\u00f3tica. En la guerrilla escal\u00f3 posiciones hasta llegar al comando del frente 33, que oper\u00f3 en Norte de Santander. Un d\u00eda &hellip;<\/p>\n","protected":false},"author":1,"featured_media":34628,"comment_status":"open","ping_status":"open","sticky":false,"template":"","format":"standard","meta":{"footnotes":""},"categories":[4,5,6],"tags":[718,3870],"class_list":["post-34625","post","type-post","status-publish","format-standard","has-post-thumbnail","hentry","category-barra","category-justicia-transicional","category-ojo-avizor","tag-conflicto-armado","tag-ruben-zamora"],"_links":{"self":[{"href":"https:\/\/contraluzcucuta.co\/index.php?rest_route=\/wp\/v2\/posts\/34625","targetHints":{"allow":["GET"]}}],"collection":[{"href":"https:\/\/contraluzcucuta.co\/index.php?rest_route=\/wp\/v2\/posts"}],"about":[{"href":"https:\/\/contraluzcucuta.co\/index.php?rest_route=\/wp\/v2\/types\/post"}],"author":[{"embeddable":true,"href":"https:\/\/contraluzcucuta.co\/index.php?rest_route=\/wp\/v2\/users\/1"}],"replies":[{"embeddable":true,"href":"https:\/\/contraluzcucuta.co\/index.php?rest_route=%2Fwp%2Fv2%2Fcomments&post=34625"}],"version-history":[{"count":1,"href":"https:\/\/contraluzcucuta.co\/index.php?rest_route=\/wp\/v2\/posts\/34625\/revisions"}],"predecessor-version":[{"id":34626,"href":"https:\/\/contraluzcucuta.co\/index.php?rest_route=\/wp\/v2\/posts\/34625\/revisions\/34626"}],"wp:featuredmedia":[{"embeddable":true,"href":"https:\/\/contraluzcucuta.co\/index.php?rest_route=\/wp\/v2\/media\/34628"}],"wp:attachment":[{"href":"https:\/\/contraluzcucuta.co\/index.php?rest_route=%2Fwp%2Fv2%2Fmedia&parent=34625"}],"wp:term":[{"taxonomy":"category","embeddable":true,"href":"https:\/\/contraluzcucuta.co\/index.php?rest_route=%2Fwp%2Fv2%2Fcategories&post=34625"},{"taxonomy":"post_tag","embeddable":true,"href":"https:\/\/contraluzcucuta.co\/index.php?rest_route=%2Fwp%2Fv2%2Ftags&post=34625"}],"curies":[{"name":"wp","href":"https:\/\/api.w.org\/{rel}","templated":true}]}}