{"id":34618,"date":"2019-08-15T15:55:12","date_gmt":"2019-08-15T20:55:12","guid":{"rendered":"http:\/\/contraluzcucuta.co\/?p=34618"},"modified":"2019-08-15T16:01:17","modified_gmt":"2019-08-15T21:01:17","slug":"%ef%bb%bfde-ropero-a-laverde-puede-estar-tranquilo-ese-perdon-hace-tiempo-se-cumplio","status":"publish","type":"post","link":"https:\/\/contraluzcucuta.co\/?p=34618","title":{"rendered":"\ufeffDE ROPERO A LAVERDE. \u201cPuede estar tranquilo, ese perd\u00f3n hace tiempo se cumpli\u00f3\u201d."},"content":{"rendered":"\n<p class=\"wp-block-paragraph\" style=\"text-align:right\"><strong>C\u00daCUTA.-<\/strong> <strong><em>Un apret\u00f3n de manos y un corto abrazo sirvieron para limar asperezas, olvidar el pasado y perdonar las faltas cometidas durante la guerra. Jorge Iv\u00e1n Laverde y Emiro del Carmen Ropero se sentaron juntos, estuvieron de acuerdo en que el conflicto nunca debi\u00f3 existir y contaron parte del horror que vivieron como enemigos.<\/em><\/strong><\/p>\n\n\n\n<p class=\"wp-block-paragraph\">El sal\u00f3n blanco, iluminado y espacioso de un\nhotel cucute\u00f1o sirvi\u00f3 como sede del encuentro de estos dos hombres que las\narmas enfrentaron. Atr\u00e1s quedaron los remoquetes de la confrontaci\u00f3n. Frente a\nfrente estaban los seres humanos de hoy, no los combatientes de ayer. \u2018El\nIguano\u2019 y \u2018Rub\u00e9n Zamora\u2019 no estaban invitados.<\/p>\n\n\n\n<p class=\"wp-block-paragraph\">Laverde lleg\u00f3 bien vestido, con saco negro,\ncamisa vino tinto y cabello reci\u00e9n cortado. Visto as\u00ed no infunde el miedo que\nlas v\u00edctimas sintieron entre 1999 y 2004, cuando era el comandante del frente Frontera.\nEntre las manos un bol\u00edgrafo negro que poco utiliz\u00f3 para tomar apuntes.<\/p>\n\n\n\n<p class=\"wp-block-paragraph\">Ropero visti\u00f3 camisa blanca y bluy\u00edn. Tambi\u00e9n\nestaba reci\u00e9n peluqueado. No llevaba el camuflado con el que impart\u00eda las \u00f3rdenes\ndel frente 33 de las Farc, ni las botas que le sirvieron para recorrer buena\nparte de la selva nortesantandereana.<\/p>\n\n\n\n<p class=\"wp-block-paragraph\">Los dos fueron invitados por la iniciativa\nColombia 2020, del matutino bogotano El Espectador, con apoyo de la embajada\nalemana, para hablar sobre la verdad del conflicto en Norte de Santander. A\npesar de haber sido enemigos en la lucha armada no se esquivaron, por el\ncontrario, llegaron dispuestos a correr el velo y a responder por sus actos.<\/p>\n\n\n\n<p class=\"wp-block-paragraph\">Al comienzo, se los vio tensionados. Mientras\nmonse\u00f1or Omar S\u00e1nchez, obispo de Tib\u00fa, habr\u00eda el espacio para el di\u00e1logo,\nLaverde y Ropero permanecieron distantes a pesar de los escasos cent\u00edmetros que\nlos separaban. \u201cDieciocho a\u00f1os atr\u00e1s, este escenario ser\u00eda inimaginable\u201d, dijo\nmonse\u00f1or al destacar la presencia de los protagonistas de esta pel\u00edcula.<\/p>\n\n\n\n<p class=\"wp-block-paragraph\">Pasaron los minutos correspondientes a la\nalocuci\u00f3n del prelado, quien explic\u00f3 que la oportunidad no ten\u00eda visos de \u201cinstancia\njudicial\u201d para dar a entender que no se juzgar\u00eda a nadie por los actos pasados.\n\u201cNo es el espacio para agudizar heridas\u201d, se\u00f1al\u00f3 para explicar que ninguno de\nlos asistentes se revictimizar\u00eda con las revelaciones que se har\u00edan.<\/p>\n\n\n\n<p class=\"wp-block-paragraph\">Monse\u00f1or S\u00e1nchez formul\u00f3 la primera pregunta.\n\u00bfPor qu\u00e9 es tan dif\u00edcil hablar de la verdad?<\/p>\n\n\n\n<p class=\"wp-block-paragraph\">Jorge Iv\u00e1n Laverde, despu\u00e9s de entregar las\narmas en el 2004 y de cumplir la condena impuesta por los cr\u00edmenes cometidos,\nha asistido infinidad de veces a Justicia y Paz para contar lo ocurrido en la\nguerra. \u201cEstamos convencidos de que la verdad es lo \u00fanico que libera\u201d, dijo en\nrespuesta a la pregunta del obispo de Tib\u00fa.<\/p>\n\n\n\n<p class=\"wp-block-paragraph\">Emiro Ropero, luego de firmado el proceso de\npaz con las Farc, ha incursionado en la pol\u00edtica regional y busca un esca\u00f1o en\nla Asamblea de Norte de Santander. \u201cEn la guerra la primera v\u00edctima es la\ninocencia. La poblaci\u00f3n civil es la que m\u00e1s sufre\u201d, afirm\u00f3 para contestar la\ninquietud del prelado.<\/p>\n\n\n\n<p class=\"wp-block-paragraph\">En la mesa principal ocup\u00f3 una silla especial\nAshcaina Arabadora, representante del pueblo ind\u00edgena bar\u00ed. Dijo que desde la\nllegada de Col\u00f3n les han vulnerados los derechos. \u201cLa sociedad no tiene\ncultura, ni respeto, por eso hay conflicto\u201d, agreg\u00f3 al comentar la pregunta de monse\u00f1or\nOscar S\u00e1nchez.<\/p>\n\n\n\n<p class=\"wp-block-paragraph\">Otro asiento en la mesa fue para Elizabeth\nPab\u00f3n, delegada de Ascamcat y vocera de las v\u00edctimas en el proceso de reconciliaci\u00f3n.\n\u201cEs dif\u00edcil hablar de verdad cuando no hay garant\u00edas\u201d, afirm\u00f3 y reconoci\u00f3 que todav\u00eda\nen la poblaci\u00f3n civil hay mucho miedo. \u201cAqu\u00ed empieza un nuevo camino\u201d.<\/p>\n\n\n\n<p class=\"wp-block-paragraph\">El comisionado para la verdad Sa\u00fal Franco\nintervino para acotar que en la regi\u00f3n el conflicto ha escalado y crea miedos e\ninseguridad. \u201cLa verdad es el mejor remedio contra la incertidumbre. La verdad\nayuda a sanar las heridas\u201d.<\/p>\n\n\n\n<p class=\"wp-block-paragraph\">Y la primera herida que se san\u00f3 en el recinto\nfue la abierta por Jorge Iv\u00e1n Laverde en el coraz\u00f3n de Elizabeth Pab\u00f3n al ser\nresponsable de la muerte de uno de sus hijos. \u201cYo lo perdono. No le guardo\nrencor\u201d, dijo la mujer con voz tr\u00e9mula y mir\u00e1ndolo desde el otro lado de la\nmesa. La confesi\u00f3n estremeci\u00f3 al auditorio.<\/p>\n\n\n\n<p class=\"wp-block-paragraph\">\u201cLa guerra fue una horrible noche\u201d, respondi\u00f3\nel hombre imp\u00e1vido. \u201cEs vergonzoso, no hay explicaci\u00f3n, no hay un por qu\u00e9 pas\u00f3\u201d.\nEn seguida pidi\u00f3 perd\u00f3n a nombre del Bloque Catatumbo y del exjefe Salvatore\nMancuso por haberla hecho derramar \u201cl\u00e1grimas hasta la eternidad\u201d.<\/p>\n\n\n\n<p class=\"wp-block-paragraph\">La segunda herida se encarg\u00f3 de cerrarla\nJorge Iv\u00e1n Laverde. \u201cCuando vi a \u2018Rub\u00e9n\u2019, me dio alegr\u00eda\u201d, dijo y mir\u00f3 hacia el\ncostado donde encontr\u00f3 los ojos vidriosos de Emiro Ropero. \u201cQuiero pedirle perd\u00f3n\u201d,\npor haberlo considerado su enemigo. \u201cA su madre (presento) mi solicitud de perd\u00f3n\npor la muerte del hijo y dem\u00e1s familiares\u201d.<\/p>\n\n\n\n<p class=\"wp-block-paragraph\">La voz se quebr\u00f3 en Emiro Ropero, las\nl\u00e1grimas rodaron por las mejillas y las palabras salieron con tirabuz\u00f3n. \u201cEste\nes un momento que estaba en mora\u201d, expres\u00f3 para aceptar el arrepentimiento del\notrora contrincante, \u201cun momento en que nos encontramos no para recriminarnos,\nsino para expresar voluntades\u201d.<\/p>\n\n\n\n<p class=\"wp-block-paragraph\">As\u00ed comenz\u00f3 el tiempo que atinaron a decir \u201cpara\nque se inicie el reconocimiento de la verdad de las v\u00edctimas\u201d y no dejar que \u201cse\napague la esperanza\u201d. Los aplausos sirvieron para corroborar que los dem\u00e1s representantes\nde colectivos, asociaciones, agremiaciones y poblaci\u00f3n civil est\u00e1n de acuerdo\ncon lo propuesto. Los voceros de los gobiernos local y departamental no\naparecieron.<\/p>\n\n\n\n<p class=\"wp-block-paragraph\">Antes del apret\u00f3n de manos y del abrazo, por solicitud de Gloria Castrill\u00f3n, propiciadora del encuentro, Emiro Ropero le dijo a Jorge Iv\u00e1n Laverde \u00a0con palabras salidas de lo m\u00e1s profundo, \u201cpuede estar tranquilo, ese perd\u00f3n hace tiempo se cumpli\u00f3\u201d. En agradecimiento, quiz\u00e1s, Laverde le sirvi\u00f3 un vaso de agua a Ropero.<\/p>\n\n\n\n<p class=\"wp-block-paragraph\"><strong>RAFAEL\nANTONIO PAB\u00d3N<\/strong><\/p>\n\n\n\n<p class=\"wp-block-paragraph\"><strong><a href=\"mailto:rafaelpabon58@hotmail.com\">rafaelpabon58@hotmail.com<\/a><\/strong><\/p>\n","protected":false},"excerpt":{"rendered":"<p>C\u00daCUTA.- Un apret\u00f3n de manos y un corto abrazo sirvieron para limar asperezas, olvidar el pasado y perdonar las faltas cometidas durante la guerra. Jorge Iv\u00e1n Laverde y Emiro del Carmen Ropero se sentaron juntos, estuvieron de acuerdo en que el conflicto nunca debi\u00f3 existir y contaron parte del horror que vivieron como enemigos. El &hellip;<\/p>\n","protected":false},"author":1,"featured_media":34619,"comment_status":"open","ping_status":"open","sticky":false,"template":"","format":"standard","meta":{"footnotes":""},"categories":[45,4],"tags":[4643,2681,157,3870],"class_list":["post-34618","post","type-post","status-publish","format-standard","has-post-thumbnail","hentry","category-destacado","category-barra","tag-colombia-2020","tag-jorge-ivan-laverde","tag-justicia-transicional-2","tag-ruben-zamora"],"_links":{"self":[{"href":"https:\/\/contraluzcucuta.co\/index.php?rest_route=\/wp\/v2\/posts\/34618","targetHints":{"allow":["GET"]}}],"collection":[{"href":"https:\/\/contraluzcucuta.co\/index.php?rest_route=\/wp\/v2\/posts"}],"about":[{"href":"https:\/\/contraluzcucuta.co\/index.php?rest_route=\/wp\/v2\/types\/post"}],"author":[{"embeddable":true,"href":"https:\/\/contraluzcucuta.co\/index.php?rest_route=\/wp\/v2\/users\/1"}],"replies":[{"embeddable":true,"href":"https:\/\/contraluzcucuta.co\/index.php?rest_route=%2Fwp%2Fv2%2Fcomments&post=34618"}],"version-history":[{"count":2,"href":"https:\/\/contraluzcucuta.co\/index.php?rest_route=\/wp\/v2\/posts\/34618\/revisions"}],"predecessor-version":[{"id":34621,"href":"https:\/\/contraluzcucuta.co\/index.php?rest_route=\/wp\/v2\/posts\/34618\/revisions\/34621"}],"wp:featuredmedia":[{"embeddable":true,"href":"https:\/\/contraluzcucuta.co\/index.php?rest_route=\/wp\/v2\/media\/34619"}],"wp:attachment":[{"href":"https:\/\/contraluzcucuta.co\/index.php?rest_route=%2Fwp%2Fv2%2Fmedia&parent=34618"}],"wp:term":[{"taxonomy":"category","embeddable":true,"href":"https:\/\/contraluzcucuta.co\/index.php?rest_route=%2Fwp%2Fv2%2Fcategories&post=34618"},{"taxonomy":"post_tag","embeddable":true,"href":"https:\/\/contraluzcucuta.co\/index.php?rest_route=%2Fwp%2Fv2%2Ftags&post=34618"}],"curies":[{"name":"wp","href":"https:\/\/api.w.org\/{rel}","templated":true}]}}