{"id":34615,"date":"2019-08-14T20:42:43","date_gmt":"2019-08-15T01:42:43","guid":{"rendered":"http:\/\/contraluzcucuta.co\/?p=34615"},"modified":"2019-08-14T20:42:45","modified_gmt":"2019-08-15T01:42:45","slug":"%ef%bb%bffutbol-de-primera-sanguinetti-repitente-en-la-direccion-tecnica-motilona","status":"publish","type":"post","link":"https:\/\/contraluzcucuta.co\/?p=34615","title":{"rendered":"\ufeffF\u00daTBOL DE PRIMERA. Sanguinetti, repitente en la direcci\u00f3n t\u00e9cnica motilona"},"content":{"rendered":"\n<p class=\"wp-block-paragraph\" style=\"text-align:right\"><strong>C\u00daCUTA.-<\/strong> <em><strong>El t\u00e9cnico uruguayo Guillermo Oscar Sanguinetti, de 53 a\u00f1os, regresa al C\u00facuta Deportivo para terminar la tarea que comenz\u00f3 el argentino Pablo Garabello y que qued\u00f3 a medias. El cuadro motil\u00f3n ocupa la novena casilla, con 7 puntos, ha ganado dos partidos, empatado uno y perdidos dos. Marcha a 3 puntos del l\u00edder, Independiente Medell\u00edn.<\/strong><\/em><\/p>\n\n\n\n<p class=\"wp-block-paragraph\">El charr\u00faa pas\u00f3 por las toldas rojinegras en\nla temporada 2012 en remplazo de Oscar H\u00e9ctor Quintabani, quien dej\u00f3 al once\nlocal en la zona del descenso. Hoy, viene para asumir un reto similar y, en\nprimera instancia, alejar ese fantasma que tanto asusta a los aficionados\ncucute\u00f1os.<\/p>\n\n\n\n<p class=\"wp-block-paragraph\">En el 2013, a pesar de la campa\u00f1a del a\u00f1o\nanterior, renunci\u00f3. A la hora de despedirse de la afici\u00f3n aleg\u00f3 incumplimiento\nen la contrataci\u00f3n de refuerzos para tener mejor equipo en el campeonato.<\/p>\n\n\n\n<p class=\"wp-block-paragraph\">Sanguinetti se convierte en el tercer t\u00e9cnico\ndel C\u00facuta Deportivo en este a\u00f1o. La liga \u2013 1 la disput\u00f3 al mando de Sebasti\u00e1n\nM\u00e9ndez, quien no pudo continuar con el legado que le dej\u00f3 Lucas Pusineri.\nLuego, comenz\u00f3 la Liga \u2013 2 con Garabello, quien lleg\u00f3 precedido con los\npergaminos de haber sido asistente de N\u00e9stor P\u00e9kerman, en la Selecci\u00f3n Colombia.<\/p>\n\n\n\n<p class=\"wp-block-paragraph\">La exigencia del campeonato colombiano, el\nsusto por el descenso y la demanda de los hinchas por tener un plantel de primera\nmandaron al traste a los t\u00e9cnicos. Ahora, la oportunidad es para un repitente\nque conoce del comportamiento de directivos y espectadores. El primer examen\nser\u00e1 este s\u00e1bado, en casa, contra Jaguares, a las 5:30 de la tarde. <\/p>\n\n\n\n<p class=\"wp-block-paragraph\">Sanguinetti vendr\u00e1 acompa\u00f1ado del asistente\nt\u00e9cnico Dar\u00edo Aurelio y del preparador f\u00edsico Fernando Amoroso. En el departamento\nf\u00edsico continuar\u00e1 el experimentado Julio Charales, quien ha trabajado en las\n\u00faltimas temporadas con el cuadro fronterizo.<\/p>\n\n\n\n<p class=\"wp-block-paragraph\">La oficina de prensa del C\u00facuta Deportivo, en\nel comunicado divulgado ayer, se\u00f1al\u00f3 que \u201cel primer objetivo trazado es\nmantener a nuestro equipo rojinegro en la primera categor\u00eda del f\u00fatbol\nprofesional colombiano\u201d.<\/p>\n\n\n\n<p class=\"wp-block-paragraph\">El profesor Sanguinetti, en el 2014, alcanz\u00f3\nel t\u00edtulo de campe\u00f3n en el f\u00fatbol peruano al frente de Alianza Lima. Tres a\u00f1os\ndespu\u00e9s, se qued\u00f3 con el subt\u00edtulo en Ecuador. Recientemente, estuvo al frente\nde Independiente Santa Fe, en Colombia.<\/p>\n\n\n\n<p class=\"wp-block-paragraph\">\u201cBrindamos todo el apoyo y respaldo a este\nnuevo cuerpo t\u00e9cnico\u201d, se\u00f1al\u00f3 el comunicado oficial.<\/p>\n","protected":false},"excerpt":{"rendered":"<p>C\u00daCUTA.- El t\u00e9cnico uruguayo Guillermo Oscar Sanguinetti, de 53 a\u00f1os, regresa al C\u00facuta Deportivo para terminar la tarea que comenz\u00f3 el argentino Pablo Garabello y que qued\u00f3 a medias. El cuadro motil\u00f3n ocupa la novena casilla, con 7 puntos, ha ganado dos partidos, empatado uno y perdidos dos. Marcha a 3 puntos del l\u00edder, Independiente &hellip;<\/p>\n","protected":false},"author":1,"featured_media":34616,"comment_status":"open","ping_status":"open","sticky":false,"template":"","format":"standard","meta":{"footnotes":""},"categories":[28],"tags":[4378,615],"class_list":["post-34615","post","type-post","status-publish","format-standard","has-post-thumbnail","hentry","category-vistazo-deportivo","tag-cucuta-deportivo-2019","tag-guillermo-sanguinetti"],"_links":{"self":[{"href":"https:\/\/contraluzcucuta.co\/index.php?rest_route=\/wp\/v2\/posts\/34615","targetHints":{"allow":["GET"]}}],"collection":[{"href":"https:\/\/contraluzcucuta.co\/index.php?rest_route=\/wp\/v2\/posts"}],"about":[{"href":"https:\/\/contraluzcucuta.co\/index.php?rest_route=\/wp\/v2\/types\/post"}],"author":[{"embeddable":true,"href":"https:\/\/contraluzcucuta.co\/index.php?rest_route=\/wp\/v2\/users\/1"}],"replies":[{"embeddable":true,"href":"https:\/\/contraluzcucuta.co\/index.php?rest_route=%2Fwp%2Fv2%2Fcomments&post=34615"}],"version-history":[{"count":1,"href":"https:\/\/contraluzcucuta.co\/index.php?rest_route=\/wp\/v2\/posts\/34615\/revisions"}],"predecessor-version":[{"id":34617,"href":"https:\/\/contraluzcucuta.co\/index.php?rest_route=\/wp\/v2\/posts\/34615\/revisions\/34617"}],"wp:featuredmedia":[{"embeddable":true,"href":"https:\/\/contraluzcucuta.co\/index.php?rest_route=\/wp\/v2\/media\/34616"}],"wp:attachment":[{"href":"https:\/\/contraluzcucuta.co\/index.php?rest_route=%2Fwp%2Fv2%2Fmedia&parent=34615"}],"wp:term":[{"taxonomy":"category","embeddable":true,"href":"https:\/\/contraluzcucuta.co\/index.php?rest_route=%2Fwp%2Fv2%2Fcategories&post=34615"},{"taxonomy":"post_tag","embeddable":true,"href":"https:\/\/contraluzcucuta.co\/index.php?rest_route=%2Fwp%2Fv2%2Ftags&post=34615"}],"curies":[{"name":"wp","href":"https:\/\/api.w.org\/{rel}","templated":true}]}}