{"id":34612,"date":"2019-08-14T19:40:32","date_gmt":"2019-08-15T00:40:32","guid":{"rendered":"http:\/\/contraluzcucuta.co\/?p=34612"},"modified":"2019-08-14T19:40:34","modified_gmt":"2019-08-15T00:40:34","slug":"mano-a-mano-con-mociulsky-conocia-al-cucuta-por-la-semifinal-que-jugo-contra-boca","status":"publish","type":"post","link":"https:\/\/contraluzcucuta.co\/?p=34612","title":{"rendered":"MANO A MANO CON MOCIULSKY.  Conoc\u00eda al C\u00facuta  por la semifinal que jug\u00f3 contra Boca"},"content":{"rendered":"\n<p class=\"wp-block-paragraph\" style=\"text-align:right\"><strong>C\u00daCUTA.-<\/strong> <em><strong>Federico \u2018El Ruso\u2019 Mociulsky completa el d\u00fao de asistentes que conform\u00f3 Pablo Garabello, junto a Pablo Olgu\u00edn, para cumplir la dura tarea de mantener al C\u00facuta Deportivo en primera divisi\u00f3n. El argentino nacido en Buenos Aires habl\u00f3 de la carrera, la experiencia en C\u00facuta, la buena percepci\u00f3n de la gente y la motivaci\u00f3n m\u00e1s grande, su madre Ana, quien le inculco buenos valores y le dej\u00f3 una frase que define su vida. El lugar preferido en la ciudad es El Malec\u00f3n. <\/strong><\/em><\/p>\n\n\n\n<p class=\"wp-block-paragraph\">Esta semana, el grupo fue desvinculado del\ncuadro motil\u00f3n. <\/p>\n\n\n\n<p class=\"wp-block-paragraph\"><strong>\u00bfQui\u00e9n\nes Federico Mociulsky?<\/strong><\/p>\n\n\n\n<ul class=\"wp-block-list\"><li><em>Nac\u00ed en Buenos Aires, el 15 julio de 1989. Cumpl\u00ed 30 a\u00f1os\ncuando debut\u00e9 en la Liga, frente a Rionegro. Am\u00f3 el f\u00fatbol como profesi\u00f3n, y\nvaloro y amo a mi familia, mis amigos, la gente que me rodea. Soy selectivo con\nmis amistades y creo que de eso se trata la vida, de rodearse de personas\nbuenas que poseen los mismos valores que uno, estar siempre con quienes tienen\nnuestros afectos. Eso para m\u00ed es importante.<\/em><\/li><\/ul>\n\n\n\n<p class=\"wp-block-paragraph\"><strong>\u00bfQu\u00e9\nrecuerda de su infancia y qu\u00e9 tanto&nbsp;\ninfluy\u00f3 el futbol en esa etapa de su vida?<\/strong><\/p>\n\n\n\n<ul class=\"wp-block-list\"><li><em>Desde que tengo uso de raz\u00f3n pate\u00e9 una pelota. Recuerdo\nque mi padre me regalaba botines, era hincha de R\u00edver y ten\u00eda la ilusi\u00f3n que yo\napoyara al millonario, por eso me compraba los uniformes de \u2018la banda cruzada\u2019\ny de la selecci\u00f3n argentina. Despu\u00e9s, mi hermano y yo terminamos fan\u00e1ticos de\nAtlanta, por cuesti\u00f3n familiar. Mi abuelo fue uno de los socios fundadores del\nestadio y quiz\u00e1s por eso la sangre tir\u00f3 para ese lado. Mi familia es hincha de\nAtlanta, tenemos cari\u00f1o especial por el club y tuve la oportunidad de iniciar\nmi carrera profesional ah\u00ed. De mi ni\u00f1ez tengo los mejores recuerdos. A los 15\na\u00f1os, falleci\u00f3 mi madre por c\u00e1ncer de pulm\u00f3n y es la persona por la cual sigo y\nque ha dejado en m\u00ed los mejores valores y buena educaci\u00f3n. Me acompa\u00f1aba a mis\nentrenamientos, a mis juegos, con mis hermanos nunca supimos qui\u00e9n era el\npreferido, pero estoy contento de tener los padres que tuve. A mi madre la\nextra\u00f1o, la amo todos los d\u00edas. <\/em><\/li><\/ul>\n\n\n\n<p class=\"wp-block-paragraph\"><strong>\u00bfCu\u00e1l\nfue la mejor herencia que recuerda de su madre?<\/strong><\/p>\n\n\n\n<ul class=\"wp-block-list\"><li><em>Te hablo de mi madre e igualmente tengo que mencionar a\nmi padre. Desde chico los ve\u00eda como si fueran un equipo perfecto, como si fuese\nuna dupla t\u00e9cnica incre\u00edble. Mi mam\u00e1&nbsp; era\nalegre, de car\u00e1cter fuerte, respetuosa, nos inculcaba el estudio, la\nimportancia de decir gracias, buen d\u00eda, por favor, el tener empat\u00eda con los\ndem\u00e1s. Eso para nuestra vida es importante. Uno&nbsp;\nsiempre tiene que saber con qui\u00e9n habla, hay que ser cuidadoso y\nrespetuoso con el momento que vive la otra persona, quiz\u00e1s los buenos valores y\nser tolerantes fue lo m\u00e1s importante que me dejo mi vieja. <\/em><\/li><\/ul>\n\n\n\n<p class=\"wp-block-paragraph\"><strong>\u00bfDesde\nqu\u00e9 momento empieza el f\u00fatbol a convertirse en su estilo de vida y a verlo como\ncarrera profesional?<\/strong><\/p>\n\n\n\n<ul class=\"wp-block-list\"><li><em>No recuerdo haber tenido un punto de quiebre para tomar\nla decisi\u00f3n. Lo que s\u00ed tengo presente es que empec\u00e9 a competir con la pelota en\nbabyfutbol, que eran unas canchas peque\u00f1as de cinco para cinco ni\u00f1os. Arranqu\u00e9\nen equipos de barrio. Uno se quedaba toda la tarde en el club donde jugaba con\nlos dem\u00e1s pibes de la misma edad. Estaba con mi hermano que tambi\u00e9n jugaba, con\nmis padres, mi hermana era la que sufr\u00eda porque ten\u00eda que estar ah\u00ed el&nbsp; s\u00e1bado aunque no le gustara el f\u00fatbol. M\u00e1s\nadelante o al d\u00eda siguiente segu\u00edan las competencias en cancha de 11. Tengo los\nmejores recuerdos, porque estaba rodeado de familia y amigos. De a poco, sin\ndarme cuenta, empec\u00e9 con las inferiores de Atlanta, y muy r\u00e1pido me vino la\noportunidad de debutar con 17 a\u00f1os. En ese momento no era consciente de lo que\nviv\u00eda y me siento privilegiado de tener mi primer partido con la camiseta del\nclub que amo.<\/em><\/li><\/ul>\n\n\n\n<p class=\"wp-block-paragraph\"><strong>\u00bfQu\u00e9\nrecuerda de aquel primer partido como profesional?<\/strong><\/p>\n\n\n\n<ul class=\"wp-block-list\"><li><em>Debut\u00e9 el 19 de mayo de 2007, en cancha de Armenio, con\nla camiseta 14. Entr\u00e9 cuando faltaban 15 minutos para que se acabara el\npartido. No s\u00e9 si fue una mezcla de emoci\u00f3n o nervios que creo nunca volv\u00ed a\nsentir de la manera que lo hice en mi&nbsp;\nvida.&nbsp; Jugu\u00e9 15 minutos, pero para\nm\u00ed era como si hubiera jugado un partido completo y con alargue. Recuerdo que\ntermin\u00e9 ahogado, pero feliz de cumplir mi sue\u00f1o de jugar profesionalmente.<\/em><\/li><\/ul>\n\n\n\n<p class=\"wp-block-paragraph\"><strong>\u00bfEs\ncierto que usted conoci\u00f3 a Pablo Garabello cuando lo dirigi\u00f3 en las inferiores\nde Atlanta?<\/strong><\/p>\n\n\n\n<ul class=\"wp-block-list\"><li><em>S\u00ed, es cierto. Lleg\u00f3 cuando ten\u00eda 15 o 16 a\u00f1os. Yo estaba\nen el club desde el 2003, y en el 2006 me dirigi\u00f3 en la sexta categor\u00eda de Atlanta.\nEstuvimos casi un a\u00f1o bajo el mando de Garabello. Fue un a\u00f1o espectacular, era exigente\ny pasional, algo que nunca ha perdido m\u00e1s all\u00e1 de la gran carrera que tiene y\neso habla bien de \u00e9l. No renuncia a la esencia de lo que es cada uno. Conserva\nel sentimiento que uno le pone a la carrera o profesi\u00f3n.<\/em><\/li><\/ul>\n\n\n\n<p class=\"wp-block-paragraph\"><strong>\u00bfQu\u00e9\nrecuerda de su paso por Atlanta?<\/strong><\/p>\n\n\n\n<ul class=\"wp-block-list\"><li><em>En Atlanta tuve la oportunidad de participar en el\npartido con el que reinauguraron el estadio, porque durante mucho tiempo jugaba\nen estadios prestados debido a que la cancha estaba en construcci\u00f3n. Hab\u00eda un\nlleno total en el escenario, fue contra Espa\u00f1ol y ganamos 3-1. Particip\u00e9 en pocos\npartidos, logramos el ante\u00faltimo ascenso que hab\u00eda tenido el club. Recuerdo el\nd\u00eda a d\u00eda, los amigos. Atlanta es un equipo maravilloso y para m\u00ed es el mejor\ndel mundo. <\/em><\/li><\/ul>\n\n\n\n<p class=\"wp-block-paragraph\"><strong>\u00bfC\u00f3mo\nlleg\u00f3 al Maccabi Yaffo, de Israel?<\/strong><\/p>\n\n\n\n<ul class=\"wp-block-list\"><li><em>Tuve poca participaci\u00f3n&nbsp;\nen el torneo de ascenso y al estar joven, me hab\u00eda venido a buscar un\nempresario para llevarme a Turquia y otro para ir a Israel. Me decid\u00ed por\nIsrael. Estuve un a\u00f1o, fue muy&nbsp; bueno porque\nmadur\u00e9 como persona. Ten\u00eda&nbsp; 22 a\u00f1os y tuve\nla posibilidad de jugar afuera. Disfrut\u00e9 un mont\u00f3n, he conocido otro pa\u00eds, otra\nforma de vida, no es tan diferente como mucha gente piensa, pero si la cultura\nes interesante. <\/em><\/li><\/ul>\n\n\n\n<p class=\"wp-block-paragraph\"><strong>\u00bfSe le\ndificult\u00f3 la adaptaci\u00f3n a Israel\u00ed y a la cultura?<\/strong><\/p>\n\n\n\n<ul class=\"wp-block-list\"><li><em>No. Termin\u00e9 por entender el idioma. El t\u00e9cnico en aquel\nmomento era argentino, as\u00ed que no tuve problema y fue f\u00e1cil la adaptaci\u00f3n.\nIgual uno se arregla con el tiempo y el contexto se puede acomodar a uno. De\neso se trata la vida. Uno tiene que salir y afrontar las situaciones sin ning\u00fan\ntipo de excusas o limitaciones. Hay que sobreponerse a lo que la vida y el\nf\u00fatbol te ponen como prueba.<\/em><\/li><\/ul>\n\n\n\n<p class=\"wp-block-paragraph\"><strong>\u00bfC\u00f3mo\nlleg\u00f3 y qu\u00e9 recuerda del paso por Argentino, de Merlo?<\/strong><\/p>\n\n\n\n<ul class=\"wp-block-list\"><li><em>Despu\u00e9s de mi paso por Israel me qued\u00e9 en Buenos Aires. Al\nno concretarse nada para seguir en el pa\u00eds asi\u00e1tico recib\u00ed el llamado de\nArgentino de Merlo y firmo con ellos. Cuando llegu\u00e9 a Merlo encontr\u00e9 un equipo\nm\u00e1s humilde que Atlanta, era lindo, disfrut\u00e9 mucho mi estad\u00eda ah\u00ed. Estuve dos\nveces, en 2012 &#8211; 2013 y 2016. Es un club de gente buena, con los problemas\necon\u00f3micos t\u00edpicos de equipos del ascenso argentino, pero la verdad la pas\u00e9\nbien. <\/em><\/li><\/ul>\n\n\n\n<p class=\"wp-block-paragraph\"><strong>\u00bfQu\u00e9\nrecuerda del paso por Atl\u00e9tico Regina, en Federal B?<\/strong><\/p>\n\n\n\n<ul class=\"wp-block-list\"><li><em>Me llev\u00f3 un t\u00e9cnico que hab\u00eda tenido en Atlanta. Estuve\nah\u00ed un a\u00f1o. Hicimos buena campa\u00f1a, ten\u00edamos buen equipo, pasamos a segunda fase\nque para el club fue una haza\u00f1a. La gente en la ciudad nos trat\u00f3 bien. En\ncualquier lugar donde estuve conserv\u00e9 una amistad. <\/em><\/li><\/ul>\n\n\n\n<p class=\"wp-block-paragraph\"><strong>\u00bfQu\u00e9\nrecuerda del paso por Deportivo Madryn?<\/strong><\/p>\n\n\n\n<ul class=\"wp-block-list\"><li><em>Casualmente, jugamos con ellos el ascenso cuando vest\u00eda\nla camisa de Regina. Deportivo Madryn me llam\u00f3 para estar con ellos, firmo y\nfui durante un torneo. Despu\u00e9s, estuve lesionado, me dio pubalgia&nbsp; y jugu\u00e9 poco. El estado de \u00e1nimo del jugador\ncuando est\u00e1 parado cae. Tuve una experiencia desde lo humano muy buena, pero de\nlo deportivo no me llev\u00e9 nada.<\/em><\/li><\/ul>\n\n\n\n<p class=\"wp-block-paragraph\"><strong>\u00bfQu\u00e9\nrecuerda del \u00faltimo club, San Martin de Burzaco?<\/strong><\/p>\n\n\n\n<ul class=\"wp-block-list\"><li><em>San Martin es un club del ascenso en Primera C. Estuve\ndurante un a\u00f1o y no sab\u00eda que iba a hacer el \u00faltimo en mi carrera, porque me\npropusieron renovar y despu\u00e9s, por cuesti\u00f3n del t\u00e9cnico, cambi\u00f3 la decisi\u00f3n\ncuando hab\u00eda dado mi palabra. Ten\u00eda otra propuesta, pero la desech\u00e9, porque\nten\u00edamos un acuerdo. Se complic\u00f3 encontrar equipo, estuve seis meses parado,\nas\u00ed que di por terminada mi carrera. Opt\u00e9 por empezar a capacitarme en lo que\nme gustaba, que era la direcci\u00f3n t\u00e9cnica. Todo fue tan r\u00e1pido y la vida me puso\ncon mi primera experiencia como asistente en el club Liniers de Buenos Aires.<\/em><\/li><\/ul>\n\n\n\n<p class=\"wp-block-paragraph\"><strong>\u00bfEn\nd\u00f3nde se prepar\u00f3 para asumir su rol en la direcci\u00f3n t\u00e9cnica?<\/strong><\/p>\n\n\n\n<ul class=\"wp-block-list\"><li><em>En las escuelas de AFA, en la Asociaci\u00f3n de T\u00e9cnicos Argentinos.<\/em><\/li><\/ul>\n\n\n\n<p class=\"wp-block-paragraph\"><strong>\u00bfQu\u00e9\ndiferencia el f\u00fatbol argentino del resto del mundo?<\/strong><\/p>\n\n\n\n<ul class=\"wp-block-list\"><li><em>El f\u00fatbol argentino es ganar o morir en el tema deportivo.\nCuando lo vive desde chico, esa es la consigna, olvid\u00e1ndonos de las muertes injustificadas\npor aquellos que da\u00f1an el espect\u00e1culo. Cuando uno gana, puede caminar\ntranquilo, cobrar su sueldo con tranquilidad, para que un dirigente no te diga\nnada, es ganar para que un hincha no te robe o golpee a alguien de tu cercan\u00eda,\nes ganar y no hay de otra. Crecemos con esa consigna del exitismo y eso se\nrefleja a lo que es Argentina como pa\u00eds. Carecemos de procesos pol\u00edticos,\necon\u00f3micos, culturales. Lamentablemente, nos toca vivir all\u00e1 as\u00ed y eso es\nnormal. Cuando sales de tu casa es que te asombras y preguntas si era real todo\nlo que viviste siendo un jugador de ascenso. Pero si volviera a nacer y\nnuevamente me tocara vivir todo lo que hice, lo repetir\u00eda. <\/em><\/li><\/ul>\n\n\n\n<p class=\"wp-block-paragraph\"><strong>\u00bfC\u00f3mo\nlleg\u00f3 la posibilidad de Pablo Garabello para acompa\u00f1arlo a dirigir en el\nC\u00facuta?<\/strong><\/p>\n\n\n\n<ul class=\"wp-block-list\"><li><em>Nunca perd\u00ed la comunicaci\u00f3n con Pablo. \u00c9l estaba en el\nexterior y a pesar de eso el di\u00e1logo era constante. Nos pregunt\u00e1bamos como\nest\u00e1bamos y nos felicit\u00e1bamos por los logros de ambos. En diciembre hab\u00eda la\nposibilidad de venir, pero Pablo no pudo desvincularse de Pekerman. Cuando se\nlogr\u00f3 la oferta nos juntamos en Buenos aires los tres. A Pablo Olgu\u00edn si lo\nhab\u00eda escuchado, pero no lo conoc\u00eda personalmente. Sabia d\u00f3nde jugaba y yo\nten\u00eda conocimiento d\u00f3nde dirig\u00eda. Jam\u00e1s hubo un encuentro hasta aquel d\u00eda que\nnos reunimos y emprendimos este camino. Estamos felices con un ambiente de\ntrabajo bueno, tenemos mucha libertad y cada uno puede opinar y decir su punto\nde vista. Aunque la decisi\u00f3n final la tiene Pablo, tenemos derecho a debatir de\nlo que vemos y llegamos a un acuerdo en com\u00fan. Siempre hablamos de f\u00fatbol.<\/em><\/li><\/ul>\n\n\n\n<p class=\"wp-block-paragraph\"><strong>\u00bfCu\u00e1l\nfue su primera impresi\u00f3n al conocer a C\u00facuta y al equipo?<\/strong><\/p>\n\n\n\n<ul class=\"wp-block-list\"><li><em>Cuando llegu\u00e9 a la ciudad, lo primero que me llam\u00f3 la\natenci\u00f3n fue el calor que hace. Es terrible, pero es una ciudad linda. La gente\nnos trata espectacular, nos recibieron bien. El plantel nos recibi\u00f3 de buena\nmanera. Es un grupo dispuesto al trabajo, a cumplir objetivos, se entrega de manera\nadmirable a cada funci\u00f3n que se asigna y eso es respeto. Ellos lo tienen,\nporque trabajan de manera dedicada.<\/em><\/li><\/ul>\n\n\n\n<p class=\"wp-block-paragraph\"><strong>\u00bfQu\u00e9\nopina de la hinchada del C\u00facuta Deportivo?<\/strong><\/p>\n\n\n\n<ul class=\"wp-block-list\"><li><em>Es numerosa. Conoc\u00eda al C\u00facuta&nbsp; por la semifinal que jug\u00f3 contra Boca, en ese\nmomento ten\u00eda 16 a\u00f1os y recuerdo el partido del 3 a 1. Cuando se dio la\nposibilidad de venir, entr\u00e9 a internet y vi todo lo que el equipo mueve dentro\nde la ciudad.<\/em><\/li><\/ul>\n\n\n\n<p class=\"wp-block-paragraph\"><strong>\u00bfQu\u00e9\nextra\u00f1a de su pa\u00eds?<\/strong><\/p>\n\n\n\n<ul class=\"wp-block-list\"><li><em>Extra\u00f1o la locura de c\u00f3mo se vive el f\u00fatbol all\u00e1. No\npodr\u00eda vivir en otro lugar que no sea Buenos Aires, ese es mi lugar en el\nmundo, es de donde soy, es recordar los domingos el asado con mi padre, mi\nfamilia, ver a mi sobrino, la gente que me rodea. Todo eso extra\u00f1o.<\/em><\/li><\/ul>\n\n\n\n<p class=\"wp-block-paragraph\"><strong>\u00bfLa\ngente de C\u00facuta es\u2026?<\/strong><\/p>\n\n\n\n<ul class=\"wp-block-list\"><li><em>Exigente, porque entiende que tiene un equipo de gran\nconvocatoria y quiere planteles que est\u00e9n a la altura.<\/em><\/li><\/ul>\n\n\n\n<p class=\"wp-block-paragraph\"><strong>\u00bfEs\ncierto que es aficionado a los tatuajes?<\/strong><\/p>\n\n\n\n<ul class=\"wp-block-list\"><li><em>S\u00ed, me gustan. El primero que me hice fue el nombre de mi\nmadre, a los 17 a\u00f1os, se llama Ana, junto con la frase: \u201cTu esencia en m\u00ed, me\nhace vivir\u201d. Despu\u00e9s, hubo uno en el brazo, en la pierna, posteriormente me\ntatu\u00e9 todo el brazo con cosas que representan para m\u00ed la vida. Otro es una\nfrase dedicada de mi padre y as\u00ed sucesivamente.<\/em><\/li><\/ul>\n\n\n\n<p class=\"wp-block-paragraph\"><strong>\u00bfQu\u00e9 le\nagradece a la vida?<\/strong><\/p>\n\n\n\n<ul class=\"wp-block-list\"><li><em>Le agradezco a la vida por mi familia.<\/em><\/li><\/ul>\n\n\n\n<p class=\"wp-block-paragraph\"><strong>\u00bfPor\nqu\u00e9 el apodo de \u201cEl ruso\u201d?<\/strong><\/p>\n\n\n\n<ul class=\"wp-block-list\"><li><em>Por mi apellido. Mociulsky es de descendencia rusa y en\nAtlanta me lo pusieron y qued\u00f3.&nbsp;&nbsp;&nbsp;&nbsp;&nbsp; <\/em><\/li><\/ul>\n\n\n\n<p class=\"wp-block-paragraph\"><strong>\u00bfQu\u00e9 identifica\na un argentino en la calle?<\/strong><\/p>\n\n\n\n<ul class=\"wp-block-list\"><li><em>Su manera de hablar, de expresarse, que siempre lleva el\nmate. El argentino es \u00fanico, espont\u00e1neo. Los argentinos vivimos acelerados, a\nmil por hora.<\/em><\/li><\/ul>\n\n\n\n<p class=\"wp-block-paragraph\"><strong>\u00bfLugar\nfavorito de C\u00facuta?<\/strong><\/p>\n\n\n\n<ul class=\"wp-block-list\"><li><em>El Malec\u00f3n.<\/em><\/li><\/ul>\n\n\n\n<p class=\"wp-block-paragraph\"><strong>\u00bfSi\ntuviera a su mam\u00e1 &nbsp;de frente que le dir\u00eda\nhoy?<\/strong><\/p>\n\n\n\n<ul class=\"wp-block-list\"><li><em>Much\u00edsimas cosas, agradecerle, abrazarla, lo har\u00eda\nconocer a su nieto el hijo de mi hermano, poder darle un beso.<\/em><\/li><\/ul>\n\n\n\n<p class=\"wp-block-paragraph\"><strong>\u00bfC\u00f3mo\npodemos describir a Federico Mociulsky?<\/strong><\/p>\n\n\n\n<ul class=\"wp-block-list\"><li><em>Soy buena persona, de buen coraz\u00f3n, buen amigo, hermano,\nojal\u00e1 un t\u00edo. Una persona que ama al f\u00fatbol, que vive pasionalmente este\ndeporte y espera estar ligado durante toda la vida a la pelota. <\/em><\/li><\/ul>\n\n\n\n<p class=\"wp-block-paragraph\"><strong>JORDY\nORLANDO CRUZ<\/strong><\/p>\n","protected":false},"excerpt":{"rendered":"<p>C\u00daCUTA.- Federico \u2018El Ruso\u2019 Mociulsky completa el d\u00fao de asistentes que conform\u00f3 Pablo Garabello, junto a Pablo Olgu\u00edn, para cumplir la dura tarea de mantener al C\u00facuta Deportivo en primera divisi\u00f3n. El argentino nacido en Buenos Aires habl\u00f3 de la carrera, la experiencia en C\u00facuta, la buena percepci\u00f3n de la gente y la motivaci\u00f3n m\u00e1s &hellip;<\/p>\n","protected":false},"author":1,"featured_media":34613,"comment_status":"open","ping_status":"open","sticky":false,"template":"","format":"standard","meta":{"footnotes":""},"categories":[4,28],"tags":[4378,4642],"class_list":["post-34612","post","type-post","status-publish","format-standard","has-post-thumbnail","hentry","category-barra","category-vistazo-deportivo","tag-cucuta-deportivo-2019","tag-federico-mociulsky"],"_links":{"self":[{"href":"https:\/\/contraluzcucuta.co\/index.php?rest_route=\/wp\/v2\/posts\/34612","targetHints":{"allow":["GET"]}}],"collection":[{"href":"https:\/\/contraluzcucuta.co\/index.php?rest_route=\/wp\/v2\/posts"}],"about":[{"href":"https:\/\/contraluzcucuta.co\/index.php?rest_route=\/wp\/v2\/types\/post"}],"author":[{"embeddable":true,"href":"https:\/\/contraluzcucuta.co\/index.php?rest_route=\/wp\/v2\/users\/1"}],"replies":[{"embeddable":true,"href":"https:\/\/contraluzcucuta.co\/index.php?rest_route=%2Fwp%2Fv2%2Fcomments&post=34612"}],"version-history":[{"count":1,"href":"https:\/\/contraluzcucuta.co\/index.php?rest_route=\/wp\/v2\/posts\/34612\/revisions"}],"predecessor-version":[{"id":34614,"href":"https:\/\/contraluzcucuta.co\/index.php?rest_route=\/wp\/v2\/posts\/34612\/revisions\/34614"}],"wp:featuredmedia":[{"embeddable":true,"href":"https:\/\/contraluzcucuta.co\/index.php?rest_route=\/wp\/v2\/media\/34613"}],"wp:attachment":[{"href":"https:\/\/contraluzcucuta.co\/index.php?rest_route=%2Fwp%2Fv2%2Fmedia&parent=34612"}],"wp:term":[{"taxonomy":"category","embeddable":true,"href":"https:\/\/contraluzcucuta.co\/index.php?rest_route=%2Fwp%2Fv2%2Fcategories&post=34612"},{"taxonomy":"post_tag","embeddable":true,"href":"https:\/\/contraluzcucuta.co\/index.php?rest_route=%2Fwp%2Fv2%2Ftags&post=34612"}],"curies":[{"name":"wp","href":"https:\/\/api.w.org\/{rel}","templated":true}]}}