{"id":34608,"date":"2019-08-14T16:23:05","date_gmt":"2019-08-14T21:23:05","guid":{"rendered":"http:\/\/contraluzcucuta.co\/?p=34608"},"modified":"2019-08-14T16:24:15","modified_gmt":"2019-08-14T21:24:15","slug":"catatumbo-sostenible-resultados-significativos-en-planeacion-de-inversion-y-articulacion-de-esfuerzos","status":"publish","type":"post","link":"https:\/\/contraluzcucuta.co\/?p=34608","title":{"rendered":"CATATUMBO SOSTENIBLE. Resultados significativos en planeaci\u00f3n de inversi\u00f3n y articulaci\u00f3n de esfuerzos"},"content":{"rendered":"\n<p class=\"wp-block-paragraph\" style=\"text-align:right\"><strong>C\u00daCUTA<\/strong>.- <strong><em>La estrategia Catatumbo Sostenible, impulsada por el presidente Iv\u00e1n Duque, \u201ctiene resultados significativos\u201d, dijo el Consejero Presidencial para la Estabilizaci\u00f3n y la Consolidaci\u00f3n, Emilio Jos\u00e9 Archila. La apreciaci\u00f3n se hizo durante el lanzamiento del Pacto Bicentenario para Norte de Santander.<\/em><\/strong><\/p>\n\n\n\n<p class=\"wp-block-paragraph\">En materia de planeaci\u00f3n de la inversi\u00f3n y en\nla articulaci\u00f3n de esfuerzos entre los sectores p\u00fablico y privado se trabaja\npara sacar adelante la subregi\u00f3n, afectada por la violencia, los cultivos\nil\u00edcitos y la pobreza. La planeaci\u00f3n de la inversi\u00f3n a largo plazo ha sido\nrigurosa y juiciosa.<\/p>\n\n\n\n<p class=\"wp-block-paragraph\">\u201cHemos identificado cada uno de los pilares\nen materia de v\u00edas, acueducto, alcantarillado, energ\u00eda, infraestructura de\neducaci\u00f3n, infraestructura en salud\u201d, resalt\u00f3 el Consejero. La oficina trabaja\nen el cronograma exacto de lo que se va a hacer en los pr\u00f3ximos 15 a\u00f1os. Se espera\nque el calendario est\u00e9 listo en diciembre.<\/p>\n\n\n\n<p class=\"wp-block-paragraph\">Los avances han sido producto del trabajo adelantado\nen siete talleres de articulaci\u00f3n con los alcaldes de los municipios\nfocalizados y la Gobernaci\u00f3n de Norte de Santander. Los primeros avances en\nmejoramiento de v\u00edas terciarias y secundarias est\u00e1n en Hacar\u00ed, San Calixto, El\nTarra, Tib\u00fa y Convenci\u00f3n. La inversi\u00f3n demandada alcanza los $ 27.000 millones.<\/p>\n\n\n\n<p class=\"wp-block-paragraph\">\u201cEn el esquema de Obras por Impuestos tenemos\nla construcci\u00f3n de tres puentes vehiculares en la v\u00eda Astilleros-Tib\u00fa, con inversi\u00f3n\nde $ 32.000 millones\u201d, subray\u00f3 el Consejero sobre otro de los logros para la\nsubregi\u00f3n del Catatumbo.<\/p>\n\n\n\n<p class=\"wp-block-paragraph\">Tambi\u00e9n, se refiri\u00f3 a la inversi\u00f3n de $ 17.700\nmillones para la pavimentaci\u00f3n del tramo de seis kil\u00f3metros del corredor vial Tib\u00fa\n&#8211; El Tarra, mediante convenio firmado por la Agencia Nacional de\nInfraestructura (ANI) y la Gobernaci\u00f3n de Norte de Santander.<\/p>\n\n\n\n<p class=\"wp-block-paragraph\">Para el mejoramiento de v\u00edas terciarias en\nTeorama, El Tarra, El Carmen y Convenci\u00f3n, el Consejero hizo menci\u00f3n a la firma\nde convenios con Ecopetrol, que permitir\u00e1n la compra de maquinaria amarilla por\n$ 6.217 millones.<\/p>\n\n\n\n<p class=\"wp-block-paragraph\"><strong>1.- Electrificaci\u00f3n<\/strong><\/p>\n\n\n\n<p class=\"wp-block-paragraph\">Inversi\u00f3n de $ 60.000 millones en proyectos\nque beneficiar\u00e1n a 3558 hogares de 216 veredas del Catatumbo.<\/p>\n\n\n\n<p class=\"wp-block-paragraph\"><strong>2.- Agua\npotable.<\/strong><\/p>\n\n\n\n<p class=\"wp-block-paragraph\">En lo corrido del a\u00f1o se ha superado la meta planeada\ny se financiar\u00e1n 20 proyectos, que ascienden a $ 66.000 millones, con recursos\ndel Ocad Paz.<\/p>\n\n\n\n<p class=\"wp-block-paragraph\"><strong>3.- Programas\nPDET<\/strong><\/p>\n\n\n\n<p class=\"wp-block-paragraph\">Implementaci\u00f3n en El Catatumbo de los\nProgramas de Desarrollo con Enfoque Territorial (PDET).<\/p>\n\n\n\n<p class=\"wp-block-paragraph\">Seis de las ocho alcald\u00edas han adoptado la\nimplementaci\u00f3n de los PDET como pol\u00edtica p\u00fabica a largo plazo. Se han entregado\n61 obras y hay otras 31 obras en curso.<\/p>\n\n\n\n<p class=\"wp-block-paragraph\"><strong>4.- Recursos\nen educaci\u00f3n<\/strong><\/p>\n\n\n\n<p class=\"wp-block-paragraph\">Est\u00e1 pr\u00f3ximo a cerrarse el concurso especial\npara proveer cargos de directivos docentes y educadores en los municipios de El\nCatatumbo, con m\u00e1s de 800 plazas. Con el Ministerio de Educaci\u00f3n se\ncomprometieron recursos adicionales por $ 5000 millones para el Plan de\nAlimentaci\u00f3n Escolar (PAE), valor con el que se completaron m\u00e1s de $ 20.000\nmillones del Gobierno para ese programa.<\/p>\n\n\n\n<p class=\"wp-block-paragraph\"><strong>5.- Deporte\ny recreaci\u00f3n<\/strong><\/p>\n\n\n\n<p class=\"wp-block-paragraph\">Destinaci\u00f3n de $ 200 millones por parte de\nColdeportes para la organizaci\u00f3n de las olimpiadas de El Catatumbo.<\/p>\n\n\n\n<p class=\"wp-block-paragraph\"><strong>6.- Vivienda\nrural<\/strong><\/p>\n\n\n\n<p class=\"wp-block-paragraph\">Hay m\u00e1s de 2000 mejoramientos de vivienda que\nest\u00e1n en curso en Abrego, Oca\u00f1a, Convenci\u00f3n y Sardinata.<\/p>\n\n\n\n<p class=\"wp-block-paragraph\"><strong>7.- Salud<\/strong><\/p>\n\n\n\n<p class=\"wp-block-paragraph\">El Ministerio ha convertido a la subregi\u00f3n de\nEl Catatumbo en piloto de las jornadas de atenci\u00f3n extramural. Las EPS se\ncomprometieron a entregar medicamentos para los beneficiarios, sin importar el\nmunicipio de origen. A la fecha, se han efectuado 73 jornadas de atenci\u00f3n en\nlos municipios PDET del Catatumbo.<\/p>\n\n\n\n<p class=\"wp-block-paragraph\"><strong>8.- Articulaci\u00f3n\nde esfuerzos<\/strong><\/p>\n\n\n\n<p class=\"wp-block-paragraph\">Se concret\u00f3 una alianza con el sector privado\nen Norte de Santander, liderada por la Asociaci\u00f3n Nacional de Empresarios de\nColombia (Andi), con el fin de estabilizar la subregi\u00f3n de El Catatumbo,\nproceso en el participan Ecopetrol, la Comisi\u00f3n Regional de Competitividad y Centrales\nEl\u00e9ctricas de Norte de Santander.<\/p>\n\n\n\n<p class=\"wp-block-paragraph\">El Grupo de Cooperantes de Colombia (Gruc),\nque congrega a miembros de la comunidad internacional, trabaja coordinadamente\ncon el Gobierno para orientar la inversi\u00f3n en proyectos prioritarios en El\nCatatumbo. <\/p>\n","protected":false},"excerpt":{"rendered":"<p>C\u00daCUTA.- La estrategia Catatumbo Sostenible, impulsada por el presidente Iv\u00e1n Duque, \u201ctiene resultados significativos\u201d, dijo el Consejero Presidencial para la Estabilizaci\u00f3n y la Consolidaci\u00f3n, Emilio Jos\u00e9 Archila. La apreciaci\u00f3n se hizo durante el lanzamiento del Pacto Bicentenario para Norte de Santander. En materia de planeaci\u00f3n de la inversi\u00f3n y en la articulaci\u00f3n de esfuerzos entre &hellip;<\/p>\n","protected":false},"author":1,"featured_media":34609,"comment_status":"open","ping_status":"open","sticky":false,"template":"","format":"standard","meta":{"footnotes":""},"categories":[4,6],"tags":[4641,246,4638],"class_list":["post-34608","post","type-post","status-publish","format-standard","has-post-thumbnail","hentry","category-barra","category-ojo-avizor","tag-catatumbo-sostenible","tag-el-catatumbo","tag-presidencia-de-la-republica"],"_links":{"self":[{"href":"https:\/\/contraluzcucuta.co\/index.php?rest_route=\/wp\/v2\/posts\/34608","targetHints":{"allow":["GET"]}}],"collection":[{"href":"https:\/\/contraluzcucuta.co\/index.php?rest_route=\/wp\/v2\/posts"}],"about":[{"href":"https:\/\/contraluzcucuta.co\/index.php?rest_route=\/wp\/v2\/types\/post"}],"author":[{"embeddable":true,"href":"https:\/\/contraluzcucuta.co\/index.php?rest_route=\/wp\/v2\/users\/1"}],"replies":[{"embeddable":true,"href":"https:\/\/contraluzcucuta.co\/index.php?rest_route=%2Fwp%2Fv2%2Fcomments&post=34608"}],"version-history":[{"count":1,"href":"https:\/\/contraluzcucuta.co\/index.php?rest_route=\/wp\/v2\/posts\/34608\/revisions"}],"predecessor-version":[{"id":34610,"href":"https:\/\/contraluzcucuta.co\/index.php?rest_route=\/wp\/v2\/posts\/34608\/revisions\/34610"}],"wp:featuredmedia":[{"embeddable":true,"href":"https:\/\/contraluzcucuta.co\/index.php?rest_route=\/wp\/v2\/media\/34609"}],"wp:attachment":[{"href":"https:\/\/contraluzcucuta.co\/index.php?rest_route=%2Fwp%2Fv2%2Fmedia&parent=34608"}],"wp:term":[{"taxonomy":"category","embeddable":true,"href":"https:\/\/contraluzcucuta.co\/index.php?rest_route=%2Fwp%2Fv2%2Fcategories&post=34608"},{"taxonomy":"post_tag","embeddable":true,"href":"https:\/\/contraluzcucuta.co\/index.php?rest_route=%2Fwp%2Fv2%2Ftags&post=34608"}],"curies":[{"name":"wp","href":"https:\/\/api.w.org\/{rel}","templated":true}]}}