{"id":34601,"date":"2019-08-14T14:59:21","date_gmt":"2019-08-14T19:59:21","guid":{"rendered":"http:\/\/contraluzcucuta.co\/?p=34601"},"modified":"2019-08-14T14:59:23","modified_gmt":"2019-08-14T19:59:23","slug":"%ef%bb%bfcrisis-en-venezuela-gobierno-de-nicolas-maduro-reprime-al-ejercito-para-mantenerse-en-el-poder","status":"publish","type":"post","link":"https:\/\/contraluzcucuta.co\/?p=34601","title":{"rendered":"\ufeffCRISIS EN VENEZUELA. Gobierno de Nicol\u00e1s Maduro reprime al ej\u00e9rcito para mantenerse en el poder"},"content":{"rendered":"\n<p class=\"wp-block-paragraph\" style=\"text-align:right\"><strong><em>El mandatario venezolano a\u00fan cuenta con la\nlealtad de los principales l\u00edderes militares, pero existen denuncias de que ha\nusado el aparato represivo del Estado contra las fuerzas de seguridad para\nevitar una posible rebeli\u00f3n.<\/em><\/strong><\/p>\n\n\n\n<p class=\"wp-block-paragraph\"><strong>MARACAY,\nVenezuela<\/strong>\n\u2014 Una semana despu\u00e9s de que la agencia venezolana de inteligencia lo detuviera,\nel capit\u00e1n retirado de la Armada apareci\u00f3 destrozado ante un tribunal militar.\nEstaba en una silla de ruedas y mostraba signos de tortura.<\/p>\n\n\n\n<p class=\"wp-block-paragraph\">\u201cAuxilio\u201d, le dijo a su abogado.<\/p>\n\n\n\n<p class=\"wp-block-paragraph\">El capit\u00e1n Rafael Acosta muri\u00f3 ese d\u00eda. Fue\nenterrado el 10 de julio, tres semanas despu\u00e9s, en contra de los deseos de su\nesposa y rodeado de guardias de seguridad en una operaci\u00f3n controlada por el\ngobierno. Los cinco familiares a los que se les permiti\u00f3 asistir no pudieron\nverlo: el cuerpo estaba envuelto en un pl\u00e1stico marr\u00f3n.<\/p>\n\n\n\n<p class=\"wp-block-paragraph\">Seg\u00fan algunas secciones del informe de su\nautopsia, que fueron filtradas, Acosta sufri\u00f3 un traumatismo por fuerza\ncontundente y electrocuci\u00f3n, y las autoridades han admitido el uso de fuerza\nexcesiva en su caso. Su muerte evidencia que el gobierno del presidente Nicol\u00e1s\nMaduro ha usado un brutal aparato de represi\u00f3n contra sus propios militares, en\nun esfuerzo por mantener el control de las fuerzas armadas y, a trav\u00e9s de\nellas, del Estado.<\/p>\n\n\n\n<p class=\"wp-block-paragraph\">En reiteradas ocasiones, los principales\nl\u00edderes militares han declarado su lealtad al gobierno. Pero en los \u00faltimos dos\na\u00f1os, a medida que la econom\u00eda petrolera se derrumbaba y la mayor\u00eda de los\nvenezolanos empezaron a sufrir de una severa escasez de alimentos y medicinas,\nlas facciones dentro de las fuerzas de seguridad han ejecutado al menos cinco\noperaciones para derrocar o asesinar al mandatario.<\/p>\n\n\n\n<p class=\"wp-block-paragraph\">El gobierno afirma haber frustrado al menos\nuna docena m\u00e1s de complots en ese per\u00edodo, incluido un plan con el que Acosta y\notros cinco detenidos fueron vinculados.<\/p>\n\n\n\n<p class=\"wp-block-paragraph\">Los medios estatales definen esas amenazas,\nreales e imaginarias, como \u201cun golpe continuado\u201d. El Partido Socialista Unido\nde Venezuela (PSUV), la organizaci\u00f3n pol\u00edtica de Maduro, recurre a esa\nmentalidad de asedio para justificar la vigilancia constante, las detenciones\narbitrarias y las torturas hacia quienes considera sus enemigos, lo que incluye\na los 160.000 soldados de las fuerzas armadas de Venezuela, seg\u00fan han\ndenunciado las Naciones Unidas, las organizaciones de defensa de los derechos\nhumanos y los familiares de las v\u00edctimas.<\/p>\n\n\n\n<p class=\"wp-block-paragraph\">\u201cEl abuso contra los oficiales ha crecido\nporque representan una amenaza real para el gobierno de Maduro\u201d, dijo el\ngeneral Manuel Cristopher Figuera, exdirector de Inteligencia de Venezuela,\nquien desert\u00f3 en abril y habl\u00f3 desde Estados Unidos.<\/p>\n\n\n\n<p class=\"wp-block-paragraph\">Ahora hay 217 oficiales, entre activos y\nretirados, que se encuentran detenidos en las c\u00e1rceles venezolanas, incluidos 12\ngenerales, seg\u00fan la Coalici\u00f3n por los Derechos Humanos y la Democracia, organizaci\u00f3n\nsin fines de lucro con sede en Caracas que representa a varios de los efectivos\nmilitares arrestados.<\/p>\n\n\n\n<p class=\"wp-block-paragraph\">La coalici\u00f3n ha documentado 250 casos de\ntortura cometidos por las fuerzas de seguridad venezolanas contra oficiales\nmilitares, sus familiares y activistas de la oposici\u00f3n desde 2017. Muchas de\nlas v\u00edctimas han pasado a\u00f1os en la c\u00e1rcel sin juicio. Pocos han sido condenados\npor delitos y la mayor\u00eda ni siquiera han sido acusados, seg\u00fan la organizaci\u00f3n.<\/p>\n\n\n\n<p class=\"wp-block-paragraph\">\u201cMientras m\u00e1s d\u00e9biles son, m\u00e1s fuerte es la\ntortura contra la gente que consideran como amenazas\u201d, dijo Ana Leonor Acosta,\nabogada de la coalici\u00f3n. Acosta no est\u00e1 relacionada con el capit\u00e1n Acosta.<\/p>\n\n\n\n<p class=\"wp-block-paragraph\">Estos abusos fueron divulgados el mes pasado\ncuando Michelle Bachelet, alta comisionada para los Derechos Humanos de las\nNaciones Unidas, public\u00f3 un duro informe en el que se muestra que el gobierno\nvenezolano someti\u00f3 a prisioneros, que son opositores pol\u00edticos, a \u201cla\naplicaci\u00f3n de corriente el\u00e9ctrica, asfixia con bolsas de pl\u00e1stico, simulacros\nde ahogamiento, palizas, violencias sexuales, privaci\u00f3n de agua y comida,\nposturas forzadas y exposici\u00f3n a temperaturas extremas\u201d.<\/p>\n\n\n\n<p class=\"wp-block-paragraph\">Desde que Maduro asumi\u00f3 el cargo, Venezuela\nha perdido dos tercios de su producto interno bruto, seg\u00fan el Fondo Monetario\nInternacional. Las condiciones empeoraron despu\u00e9s de que el gobierno de Estados\nUnidos, indignado por la ret\u00f3rica y las t\u00e1cticas represivas de Maduro, respald\u00f3\na la oposici\u00f3n e impuso sanciones que paralizaron la industria petrolera.<\/p>\n\n\n\n<p class=\"wp-block-paragraph\">Naciones Unidas estima que cuatro millones de\nvenezolanos han salido del pa\u00eds por el grave deterioro en las condiciones de\nvida. Si bien Maduro ha tratado de garantizar la lealtad de los altos mandos\nmilitares con promociones y contratos lucrativos, los oficiales de rango medio\ny bajo y sus familias se ven cada vez m\u00e1s afectados por la crisis. Y eso genera\ninquietud en las filas castrenses.<\/p>\n\n\n\n<p class=\"wp-block-paragraph\">\u201cEl hambre lleg\u00f3 a los cuarteles y se\ninfectaron con disidencia\u201d, dijo Acosta, la abogada. \u201cLas fuerzas armadas est\u00e1n\nllenas de paranoia, desconfianza, y de la divisi\u00f3n entre los que apoyan a este\ngobierno y los que no\u201d.<\/p>\n\n\n\n<p class=\"wp-block-paragraph\">El Ministerio del Poder Popular para la\nComunicaci\u00f3n y la Informaci\u00f3n de Venezuela no respondi\u00f3 a las preguntas\nenviadas por The New York Times sobre las denuncias de tortura. La oficina del\nfiscal general, que maneja las investigaciones penales y de derechos humanos,\ndeclin\u00f3 hacer comentarios. En el pasado, el gobierno ha negado las acusaciones\nde tortura sistem\u00e1tica, atribuyendo algunos casos espec\u00edficos a excesos\ncometidos por la tropa.<\/p>\n\n\n\n<p class=\"wp-block-paragraph\">En el caso del capit\u00e1n Acosta, el gobierno\ndetuvo a los dos soldados de bajo rango que firmaron su orden de detenci\u00f3n.\nDiosdado Cabello, uno de los m\u00e1ximos dirigentes del PSUV, dijo que una\ninvestigaci\u00f3n del gobierno encontr\u00f3 que los soldados hab\u00edan usado fuerza\nexcesiva cuando el capit\u00e1n se resisti\u00f3 al arresto.<\/p>\n\n\n\n<p class=\"wp-block-paragraph\">\u201cEso tiene sus responsables, pero que eso sea\nuna pol\u00edtica de Estado, no lo es\u201d, dijo Cabello.<\/p>\n\n\n\n<p class=\"wp-block-paragraph\">Los cr\u00edticos del gobierno de Maduro creen que\nlos dos soldados son chivos expiatorios de las decisiones tomadas en el palacio\npresidencial.<\/p>\n\n\n\n<p class=\"wp-block-paragraph\">\u201cEso fue una decisi\u00f3n de Maduro. \u00c9l es quien\nmanda all\u00e1\u201d, dijo el general Figuera, exdirector de Inteligencia de Venezuela.\n\u201c\u00c9l es quien da las \u00f3rdenes\u201d.<\/p>\n\n\n\n<p class=\"wp-block-paragraph\">La familia del capit\u00e1n Acosta tambi\u00e9n cree\nque lo que sucedi\u00f3 forma parte de un patr\u00f3n de abusos cometidos por el Estado. \u201cEso\nes una cortina de humo\u201d, dijo la esposa del capit\u00e1n Acosta, Waleswka P\u00e9rez, en\nuna entrevista. \u201cLo que pas\u00f3 con mi esposo viene pasando hace mucho tiempo, y\nhay bastante temor, porque son capaces de hacer cualquier cosa\u201d.<\/p>\n\n\n\n<p class=\"wp-block-paragraph\">El creciente uso de m\u00e9todos de tortura\nresulta un cambio radical para un gobierno socialista que lleg\u00f3 al poder hace\ndos d\u00e9cadas y prometi\u00f3 eliminar los abusos contra los derechos humanos\ncometidos por sus predecesores. Maduro firm\u00f3 una ley contra la tortura en 2013,\npoco despu\u00e9s de asumir la presidencia tras la muerte de su predecesor y mentor,\nHugo Ch\u00e1vez.<\/p>\n\n\n\n<p class=\"wp-block-paragraph\">\u201cUn gobierno socialista tiene que ser un\ngobierno humanista, no puede estar torturando a nadie\u201d, dijo Ch\u00e1vez en 2006\ndurante la inauguraci\u00f3n de una escuela que lleva el nombre de Jorge Rodr\u00edguez, l\u00edder\nde la izquierda torturado y asesinado por las fuerzas de seguridad venezolanas\nen 1976.<\/p>\n\n\n\n<p class=\"wp-block-paragraph\">Los hijos de Rodr\u00edguez, Jorge y Delcy, se han\nconvertido en los principales asesores de Maduro y justifican la represi\u00f3n\npol\u00edtica del presidente. En un discurso televisado, Jorge Rodr\u00edguez afirm\u00f3 que\nAcosta y los otros hombres detenidos el mismo d\u00eda planearon asesinar a los\nl\u00edderes del gobierno. Tambi\u00e9n comparti\u00f3 un video que dijo que mostraba al\ncapit\u00e1n Acosta discutiendo los planes para un golpe de Estado.<\/p>\n\n\n\n<p class=\"wp-block-paragraph\">Para mantener a las fuerzas de seguridad bajo\ncontrol, Maduro ha recurrido a t\u00e1cticas cada vez m\u00e1s brutales, dijo Acosta, la\nabogada.<\/p>\n\n\n\n<p class=\"wp-block-paragraph\">Juan Carlos Caguaripano, capit\u00e1n de la\nGuardia Nacional que en 2017 dirigi\u00f3 un asalto fallido en una base militar, sufri\u00f3\nlesiones en los test\u00edculos debido a los golpes que recibi\u00f3 en la c\u00e1rcel, seg\u00fan\nafirman familiares y abogados. Caguaripano les dijo a sus abogados que gracias\na eso hubo una pausa en los interrogatorios porque sufri\u00f3 un fuerte sangrado.<\/p>\n\n\n\n<p class=\"wp-block-paragraph\">\u00d3scar P\u00e9rez, oficial de polic\u00eda que dirigi\u00f3\nuna peque\u00f1a unidad antigubernamental, recibi\u00f3 al menos quince disparos a\nquemarropa en enero de 2018 despu\u00e9s de haber dicho en repetidas oportunidades\nque se iba a rendir en medio de un tiroteo que transmiti\u00f3 en vivo por redes\nsociales.<\/p>\n\n\n\n<p class=\"wp-block-paragraph\">Andrik Carrizales, comandante de la Fuerza\nA\u00e9rea Venezolana, recibi\u00f3 un disparo en la cabeza por agentes de seguridad\ndespu\u00e9s de unirse a una operaci\u00f3n que buscaba controlar una f\u00e1brica de armas en\nMaracay el 30 de abril. Su abogado dijo que despu\u00e9s de rendirse, el mayor\nCarrizales fue esposado, lo forzaron a ponerse de rodillas y le dispararon a\ncorta distancia.<\/p>\n\n\n\n<p class=\"wp-block-paragraph\">Carrizales sobrevivi\u00f3 y fue detenido en un\nhospital militar, a pesar de haberse quedado ciego y presentar lesiones\npotencialmente mortales.<\/p>\n\n\n\n<p class=\"wp-block-paragraph\">\u201cA \u00e9l lo juzgan por rebeli\u00f3n, pero no juzgan\na sus victimarios\u201d, dijo su abogado, Mart\u00edn R\u00edos. \u201cEs una tortura sistem\u00e1tica\nen contra del mayor, para criminalizar la protesta, infundiendo terror y miedo\npara que la gente no acceda a los mecanismos de justicia ni denuncie\u201d.<\/p>\n\n\n\n<p class=\"wp-block-paragraph\">La importancia de esta ciudad en el mundo\nmilitar, la ha convertido en un semillero de conspiraciones. Fue desde aqu\u00ed que\nCh\u00e1vez, un comandante de paracaidistas, dio un golpe de Estado contra el\ngobierno democr\u00e1tico de Venezuela en 1992. Fracas\u00f3, pero siete a\u00f1os despu\u00e9s se\nconvirti\u00f3 en presidente. En 2002, los paracaidistas de Maracay se levantaron\nnuevamente, esta vez en un contragolpe para devolver al poder a Ch\u00e1vez, que\nhab\u00eda sido depuesto.<\/p>\n\n\n\n<p class=\"wp-block-paragraph\">Hoy, Maracay es el epicentro de las purgas\nmilitares de Maduro. Entre sus residentes estuvieron al menos cuatro de los\ncinco funcionarios de seguridad, activos y retirados, que fueron detenidos\njunto con el capit\u00e1n Acosta.<\/p>\n\n\n\n<p class=\"wp-block-paragraph\">Su prima, Carmen Acosta, quien es una de los\npocos miembros de su familia que pudo asistir al funeral, cree que es inocente.<\/p>\n\n\n\n<p class=\"wp-block-paragraph\">\u201cNi siquiera lo imputaron\u201d, dijo. \u201cMuri\u00f3\nindefenso, inocente y solo\u201d.<\/p>\n\n\n\n<p class=\"wp-block-paragraph\">Los abogados de derechos humanos dicen que\ncada vez es m\u00e1s dif\u00edcil documentar y denunciar casos de tortura en Venezuela.\nLa campa\u00f1a de miedo del gobierno se extiende mucho m\u00e1s all\u00e1 de los oficiales\nacusados, aterrorizando a sus familiares, representantes legales, asociados y\ncomunidades enteras.<\/p>\n\n\n\n<p class=\"wp-block-paragraph\">En Maracay, los familiares del capit\u00e1n Acosta\ndicen que viven con miedo. Su madre octogenaria se encuentra aterrorizada, por\nlo que ha decidido recluirse y se niega a ver incluso a parientes cercanos por\ntemor a que pueda ponerlos en peligro.<\/p>\n\n\n\n<p class=\"wp-block-paragraph\">Carmen Acosta dijo que decidi\u00f3 hablar con la\nprensa despu\u00e9s de varias semanas de angustia. \u201cSi nos quedamos callados, ellos\nganan\u201d, dijo, conteniendo las l\u00e1grimas. \u201cEso es lo que quieren: hacer que todos\nvivamos con miedo\u201d.<\/p>\n\n\n\n<p class=\"wp-block-paragraph\"><strong>ANATOLY\nKURMANAEV Y ISAYEN HERRERA<\/strong><\/p>\n\n\n\n<p class=\"wp-block-paragraph\">Gregoria D\u00edaz colabor\u00f3 con el reportaje desde\nMaracay, Mariana Mart\u00ednez, desde Caracas, y Jenny Carolina Gonz\u00e1lez, desde\nBogot\u00e1.<\/p>\n","protected":false},"excerpt":{"rendered":"<p>El mandatario venezolano a\u00fan cuenta con la lealtad de los principales l\u00edderes militares, pero existen denuncias de que ha usado el aparato represivo del Estado contra las fuerzas de seguridad para evitar una posible rebeli\u00f3n. MARACAY, Venezuela \u2014 Una semana despu\u00e9s de que la agencia venezolana de inteligencia lo detuviera, el capit\u00e1n retirado de la &hellip;<\/p>\n","protected":false},"author":1,"featured_media":34602,"comment_status":"open","ping_status":"open","sticky":false,"template":"","format":"standard","meta":{"footnotes":""},"categories":[1326,4],"tags":[1164,4640,682,3146],"class_list":["post-34601","post","type-post","status-publish","format-standard","has-post-thumbnail","hentry","category-crisis-en-venezuela-2","category-barra","tag-crisis-en-venezuela","tag-ejercito-venezolano","tag-nicolas-maduro","tag-nytimes"],"_links":{"self":[{"href":"https:\/\/contraluzcucuta.co\/index.php?rest_route=\/wp\/v2\/posts\/34601","targetHints":{"allow":["GET"]}}],"collection":[{"href":"https:\/\/contraluzcucuta.co\/index.php?rest_route=\/wp\/v2\/posts"}],"about":[{"href":"https:\/\/contraluzcucuta.co\/index.php?rest_route=\/wp\/v2\/types\/post"}],"author":[{"embeddable":true,"href":"https:\/\/contraluzcucuta.co\/index.php?rest_route=\/wp\/v2\/users\/1"}],"replies":[{"embeddable":true,"href":"https:\/\/contraluzcucuta.co\/index.php?rest_route=%2Fwp%2Fv2%2Fcomments&post=34601"}],"version-history":[{"count":1,"href":"https:\/\/contraluzcucuta.co\/index.php?rest_route=\/wp\/v2\/posts\/34601\/revisions"}],"predecessor-version":[{"id":34603,"href":"https:\/\/contraluzcucuta.co\/index.php?rest_route=\/wp\/v2\/posts\/34601\/revisions\/34603"}],"wp:featuredmedia":[{"embeddable":true,"href":"https:\/\/contraluzcucuta.co\/index.php?rest_route=\/wp\/v2\/media\/34602"}],"wp:attachment":[{"href":"https:\/\/contraluzcucuta.co\/index.php?rest_route=%2Fwp%2Fv2%2Fmedia&parent=34601"}],"wp:term":[{"taxonomy":"category","embeddable":true,"href":"https:\/\/contraluzcucuta.co\/index.php?rest_route=%2Fwp%2Fv2%2Fcategories&post=34601"},{"taxonomy":"post_tag","embeddable":true,"href":"https:\/\/contraluzcucuta.co\/index.php?rest_route=%2Fwp%2Fv2%2Ftags&post=34601"}],"curies":[{"name":"wp","href":"https:\/\/api.w.org\/{rel}","templated":true}]}}