{"id":34593,"date":"2019-08-12T12:29:38","date_gmt":"2019-08-12T17:29:38","guid":{"rendered":"http:\/\/contraluzcucuta.co\/?p=34593"},"modified":"2019-08-12T12:29:41","modified_gmt":"2019-08-12T17:29:41","slug":"%ef%bb%bfzoom-rojo-y-negro-cucuta-deportivo-equipo-sin-alma","status":"publish","type":"post","link":"https:\/\/contraluzcucuta.co\/?p=34593","title":{"rendered":"\ufeffZOOM ROJO Y NEGRO. C\u00facuta Deportivo, equipo sin alma"},"content":{"rendered":"\n<p class=\"wp-block-paragraph\">El C\u00facuta no encuentra salida para la crisis\ndeportiva. Ni un domingo de resurrecci\u00f3n, como lo hubiera podido ser el de\nayer&nbsp; frente al rival geogr\u00e1fico, nos\nalcanza para salvar lo poco que llevamos de semestre. <\/p>\n\n\n\n<p class=\"wp-block-paragraph\">No tan solo se pierde contra Bucaramanga, que\nven\u00eda con racha negativa, no ganaba hac\u00eda 10 partidos como locales, sino que da\nl\u00e1stima no aprovechar los momentos y las oportunidades. El C\u00facuta, por m\u00e1s que\nlo intent\u00f3 por el medio campo, solo logr\u00f3 generar huecos y errores en defensa.<\/p>\n\n\n\n<p class=\"wp-block-paragraph\">Camino al purgatorio, la derrota de ayer nos\ndeja a tan solo tres puntos del descenso. \u00bfIncre\u00edble, no? El baj\u00f3n deportivo no\nes factor de las \u00faltimas cinco fechas, el equipo desde que regres\u00f3 al torneo de\nla Primera A ha demostrado poco nivel f\u00edsico de los jugadores. Las lesiones, el\ndesgaste y los cambios abruptos de esquemas han provocado el descenso notorio. <\/p>\n\n\n\n<p class=\"wp-block-paragraph\">Para resucitar el alma de este plantel se\nnecesita un milagro de esos a los que el f\u00fatbol nos tiene acostumbrados, pero no\nsuceden sin los cambios necesarios. <\/p>\n\n\n\n<p class=\"wp-block-paragraph\">Quiz\u00e1s Garabello no era lo que necesit\u00e1bamos,\nno exigi\u00f3 mucho, no pidi\u00f3 n\u00f3mina, no le habla a la hinchada y ahora tiene los\nhuevos tan grandes de decir a los medios locales que no lo contrataron para\nquedar campe\u00f3n&#8230; que lo contrataron para no descender. <\/p>\n\n\n\n<p class=\"wp-block-paragraph\">Y ahora les exigen a los hinchas, a esos\nmismos que revienta la popular y que planean cada fecha de locales un\nrecibimiento o un repertorio de c\u00e1nticos para subir la motivaci\u00f3n del equipo, que\nno sean los t\u00edpicos aficionados de resultados&#8230; Como si Cadena nos hubiera\nregalado en estos a\u00f1os de presidencia un t\u00edtulo para sentirnos orgullosos de\nlas desdichas. <\/p>\n\n\n\n<p class=\"wp-block-paragraph\">Jos\u00e9 Augusto, ya no m\u00e1s, \u00bfel mismo cuento de\nhace un par de a\u00f1os? \u00bfD\u00f3nde est\u00e1n los refuerzos? \u00bfD\u00f3nde est\u00e1 el sic\u00f3logo\ndeportivo? \u00bfD\u00f3nde est\u00e1n los directores deportivos? Porque lo que tenemos como\nequipo no nos alcanza ni para salvar la dignidad.<\/p>\n\n\n\n<p class=\"wp-block-paragraph\"><strong>RUB\u00c9N\nCAF\u00da AGUDELO<\/strong><\/p>\n","protected":false},"excerpt":{"rendered":"<p>El C\u00facuta no encuentra salida para la crisis deportiva. Ni un domingo de resurrecci\u00f3n, como lo hubiera podido ser el de ayer&nbsp; frente al rival geogr\u00e1fico, nos alcanza para salvar lo poco que llevamos de semestre. No tan solo se pierde contra Bucaramanga, que ven\u00eda con racha negativa, no ganaba hac\u00eda 10 partidos como locales, &hellip;<\/p>\n","protected":false},"author":1,"featured_media":34594,"comment_status":"open","ping_status":"open","sticky":false,"template":"","format":"standard","meta":{"footnotes":""},"categories":[4,28],"tags":[307,4378,2509,4546],"class_list":["post-34593","post","type-post","status-publish","format-standard","has-post-thumbnail","hentry","category-barra","category-vistazo-deportivo","tag-clasico-del-oriente","tag-cucuta-deportivo-2019","tag-jose-augusto-cadena","tag-pablo-garabello"],"_links":{"self":[{"href":"https:\/\/contraluzcucuta.co\/index.php?rest_route=\/wp\/v2\/posts\/34593","targetHints":{"allow":["GET"]}}],"collection":[{"href":"https:\/\/contraluzcucuta.co\/index.php?rest_route=\/wp\/v2\/posts"}],"about":[{"href":"https:\/\/contraluzcucuta.co\/index.php?rest_route=\/wp\/v2\/types\/post"}],"author":[{"embeddable":true,"href":"https:\/\/contraluzcucuta.co\/index.php?rest_route=\/wp\/v2\/users\/1"}],"replies":[{"embeddable":true,"href":"https:\/\/contraluzcucuta.co\/index.php?rest_route=%2Fwp%2Fv2%2Fcomments&post=34593"}],"version-history":[{"count":1,"href":"https:\/\/contraluzcucuta.co\/index.php?rest_route=\/wp\/v2\/posts\/34593\/revisions"}],"predecessor-version":[{"id":34595,"href":"https:\/\/contraluzcucuta.co\/index.php?rest_route=\/wp\/v2\/posts\/34593\/revisions\/34595"}],"wp:featuredmedia":[{"embeddable":true,"href":"https:\/\/contraluzcucuta.co\/index.php?rest_route=\/wp\/v2\/media\/34594"}],"wp:attachment":[{"href":"https:\/\/contraluzcucuta.co\/index.php?rest_route=%2Fwp%2Fv2%2Fmedia&parent=34593"}],"wp:term":[{"taxonomy":"category","embeddable":true,"href":"https:\/\/contraluzcucuta.co\/index.php?rest_route=%2Fwp%2Fv2%2Fcategories&post=34593"},{"taxonomy":"post_tag","embeddable":true,"href":"https:\/\/contraluzcucuta.co\/index.php?rest_route=%2Fwp%2Fv2%2Ftags&post=34593"}],"curies":[{"name":"wp","href":"https:\/\/api.w.org\/{rel}","templated":true}]}}