{"id":34590,"date":"2019-08-12T11:08:46","date_gmt":"2019-08-12T16:08:46","guid":{"rendered":"http:\/\/contraluzcucuta.co\/?p=34590"},"modified":"2019-08-12T11:08:49","modified_gmt":"2019-08-12T16:08:49","slug":"notas-al-margen-carta-al-presidente-ivan-duque","status":"publish","type":"post","link":"https:\/\/contraluzcucuta.co\/?p=34590","title":{"rendered":"NOTAS AL MARGEN. Carta al presidente Iv\u00e1n Duque"},"content":{"rendered":"\n<p class=\"wp-block-paragraph\"><strong>Sr Presidente, Dr. <\/strong><\/p>\n\n\n\n<p class=\"wp-block-paragraph\"><strong>IV\u00c1N DUQUE M\u00c1RQUEZ<\/strong><\/p>\n\n\n\n<p class=\"wp-block-paragraph\"><strong>PRESIDENTE DE LA REP\u00daBLICA<\/strong><\/p>\n\n\n\n<p class=\"wp-block-paragraph\"><strong>BOGOT\u00c1.<\/strong><\/p>\n\n\n\n<p class=\"wp-block-paragraph\">Respetado Se\u00f1or Presidente:<\/p>\n\n\n\n<p class=\"wp-block-paragraph\">Motivado por los factores, circunstancias y situaciones que definen y\nconfluyen sobre esta zona socioecon\u00f3mica y pol\u00edtica, como es la que&nbsp; sintetiza, representa y est\u00e1&nbsp; ubicada en esta esquina de la Rep\u00fablica &#8211; que\ntiene a C\u00facuta como referencia &#8211; y,&nbsp; sobre\nla que confluyen acciones, anhelos, dificultades, esperanzas y prop\u00f3sitos de pobladores\ny permanentes visitantes, de la manera m\u00e1s respetuosa y esperando contribuir a\nlos prop\u00f3sitos de trasformaci\u00f3n y cambio&nbsp;\nque en su desarrollo y progreso lo animan, me atrevo &#8211; con la presente\nnota &#8211; &nbsp;a solicitar su atenci\u00f3n para\nprocurar la obtenci\u00f3n de gestiones y valoraciones encaminadas al logro de &nbsp;respaldos y apoyos para que esta ciudad y zona,\nde grandes perspectivas &#8211; por sus opciones en diferentes campos y actividades,\npese a los contratiempos y realidades de hoy \u2013 pueda, lo m\u00e1s pronto posible, el\nir superando las &nbsp;actuales dificultades y\notorgarle tanto a Colombia, como a Venezuela \u2013 por su vecindad e\ninterrelaciones &#8211; la oportunidad de reafirmar los prop\u00f3sitos y las consignas\nque dieron origen y aliento a la Independencia y al deseo de compartir\nesfuerzos con la creaci\u00f3n de La Gran Colombia, hace 200 a\u00f1os.<\/p>\n\n\n\n<p class=\"wp-block-paragraph\">Convencido, junto a muchos ciudadanos, del potencial que define y &nbsp;determina esta zona, por sus proyecciones&nbsp; binacionales y la favorabilidad de la\nubicaci\u00f3n geoestrat\u00e9gica y la oportunidad de estimular y fomentar la creaci\u00f3n\nde fuentes de empleo y la presencia y vigencia de organizaciones y empresas que\naprovechen, fortalezcan y ampl\u00eden las prerrogativas que en el orden industrial,\ncomercial y de servicios pueden establecerse, de la manera m\u00e1s sincera y\nencarecida solicitamos su atenci\u00f3n y apoyo para que la nueva Zona Econ\u00f3mica Especial\nque el Gobierno configurar\u00e1 y establecer\u00e1 pr\u00f3ximamente sea estudiada y\nreconocida en sus&nbsp; aut\u00e9nticas realidades\ny opciones lo m\u00e1s pronto posible para precisar, impulsar &nbsp;y &nbsp;coordinar esfuerzos, respondiendo &nbsp;inquietudes y precisando conceptos o\nestimativos sobre sus reales &nbsp;vivencias y\nposibilidades, teniendo en cuenta los recursos b\u00e1sicos y fundamentales,&nbsp; especialmente los&nbsp; h\u00eddricos y estimulantes que se&nbsp; requieren, as\u00ed como las interconexiones\nviales, f\u00e9rreas y a\u00e9reas, la creaci\u00f3n y apoyo de una entidad canalizadora, investigadora\ny&nbsp; promotora de lo referente a innovaciones,\nnuevas tecnolog\u00edas, emprendimientos y modernidad cient\u00edfica y que hemos\ndenominado Centro del Pensamiento y Desarrollo, Local, Regional y Fronterizo, iniciativa\nque cuenta con el deseo de contribuir al desarrollo&nbsp; y proyecci\u00f3n de organizaciones y\nestablecimientos representativos, como son universidades y asociaciones p\u00fablicas\ny privadas, interesadas en promover y dar vida a una visi\u00f3n de futuro firme y\nconsecuente.<\/p>\n\n\n\n<p class=\"wp-block-paragraph\">Me permito anotarle, de igual modo, que por intermedio de la doctora Martha\nLuc\u00eda Ram\u00edrez, vicepresidente de la Rep\u00fablica, y su equipo de funcionarios\ncooperadores, le hemos solicitado apoyo para la creaci\u00f3n del Ministerio de Fronteras\ny la Contralor\u00eda de Fronteras, teniendo en cuenta que la faja territorial\nfronteriza es del 53 % o sea m\u00e1s de la mitad de Colombia y el tradicional\ncentralismo debe igualmente superarse, en procura de la mayor unidad nacional.<\/p>\n\n\n\n<p class=\"wp-block-paragraph\">Quienes hemos actuado y tratado de hallar y configurar mecanismos de acci\u00f3n\ncompartida, igualmente expresamos que hemos dialogado con voceros fronterizos\ndel estado T\u00e1chira (Venezuela) y en ellos tambi\u00e9n hay inter\u00e9s por estos\nprospectos de acercamiento e integraci\u00f3n, que bien enfocados, analizados y\ndefinidos pueden llegar a constituir herramientas y puntos de apoyo dentro del\nproceso &#8211; siempre latiente &#8211; de las relaciones con Venezuela. Y, m\u00e1s, cuando la\npreocupaci\u00f3n por el porvenir de la hermana Rep\u00fablica es manifiesto, claro y\nevidente, en todos los sectores.<\/p>\n\n\n\n<p class=\"wp-block-paragraph\">Estimando que podr\u00edamos conjugar esfuerzos para desarrollar un encuentro que\ndinamice y d\u00e9 vigencia a lo expuesto &#8211;&nbsp; contando\ncon su presencia y la de invitados especiales &#8211; ofrecemos nuestro m\u00e1s decidido\nconcurso y apoyo para lo que sea menester y est\u00e9 dentro de nuestras opciones y posibilidades.\n<\/p>\n\n\n\n<p class=\"wp-block-paragraph\">Hemos querido ser concretos, porque as\u00ed lo requiere &#8211; &nbsp;y con urgencia &#8211; la tem\u00e1tica de los casos que\nnos ocupan y porque conociendo de sus m\u00faltiples ocupaciones, esta podr\u00eda transformarse\nen un auxiliar de grandes proyecciones y motivaciones, en la gran tarea que lo\nha convocado con el concurso de Colombia, para su progreso y desarrollo.<\/p>\n\n\n\n<p class=\"wp-block-paragraph\">Se\u00f1or Presidente, nos suscribimos con toda consideraci\u00f3n y a la espera de\nsus determinaciones, seguros y convencidos de que ser\u00e1n de gran acierto y\ndinamismo.<\/p>\n\n\n\n<p class=\"wp-block-paragraph\">Atentamente,<\/p>\n\n\n\n<p class=\"wp-block-paragraph\"><strong>JOSE NEIRA REY <\/strong><\/p>\n\n\n\n<p class=\"wp-block-paragraph\"><strong>Presidente Corporaci\u00f3n Fronteras de Colombia (colfronteras).<\/strong><\/p>\n\n\n\n<p class=\"wp-block-paragraph\"><strong>jneirarey@hotmail.com<\/strong><\/p>\n","protected":false},"excerpt":{"rendered":"<p>Sr Presidente, Dr. IV\u00c1N DUQUE M\u00c1RQUEZ PRESIDENTE DE LA REP\u00daBLICA BOGOT\u00c1. Respetado Se\u00f1or Presidente: Motivado por los factores, circunstancias y situaciones que definen y confluyen sobre esta zona socioecon\u00f3mica y pol\u00edtica, como es la que&nbsp; sintetiza, representa y est\u00e1&nbsp; ubicada en esta esquina de la Rep\u00fablica &#8211; que tiene a C\u00facuta como referencia &#8211; y,&nbsp; &hellip;<\/p>\n","protected":false},"author":1,"featured_media":34591,"comment_status":"open","ping_status":"open","sticky":false,"template":"","format":"standard","meta":{"footnotes":""},"categories":[14,4],"tags":[1759,4339],"class_list":["post-34590","post","type-post","status-publish","format-standard","has-post-thumbnail","hentry","category-articulistas","category-barra","tag-jose-neira-notas-al-margen","tag-presidente-ivan-duque"],"_links":{"self":[{"href":"https:\/\/contraluzcucuta.co\/index.php?rest_route=\/wp\/v2\/posts\/34590","targetHints":{"allow":["GET"]}}],"collection":[{"href":"https:\/\/contraluzcucuta.co\/index.php?rest_route=\/wp\/v2\/posts"}],"about":[{"href":"https:\/\/contraluzcucuta.co\/index.php?rest_route=\/wp\/v2\/types\/post"}],"author":[{"embeddable":true,"href":"https:\/\/contraluzcucuta.co\/index.php?rest_route=\/wp\/v2\/users\/1"}],"replies":[{"embeddable":true,"href":"https:\/\/contraluzcucuta.co\/index.php?rest_route=%2Fwp%2Fv2%2Fcomments&post=34590"}],"version-history":[{"count":1,"href":"https:\/\/contraluzcucuta.co\/index.php?rest_route=\/wp\/v2\/posts\/34590\/revisions"}],"predecessor-version":[{"id":34592,"href":"https:\/\/contraluzcucuta.co\/index.php?rest_route=\/wp\/v2\/posts\/34590\/revisions\/34592"}],"wp:featuredmedia":[{"embeddable":true,"href":"https:\/\/contraluzcucuta.co\/index.php?rest_route=\/wp\/v2\/media\/34591"}],"wp:attachment":[{"href":"https:\/\/contraluzcucuta.co\/index.php?rest_route=%2Fwp%2Fv2%2Fmedia&parent=34590"}],"wp:term":[{"taxonomy":"category","embeddable":true,"href":"https:\/\/contraluzcucuta.co\/index.php?rest_route=%2Fwp%2Fv2%2Fcategories&post=34590"},{"taxonomy":"post_tag","embeddable":true,"href":"https:\/\/contraluzcucuta.co\/index.php?rest_route=%2Fwp%2Fv2%2Ftags&post=34590"}],"curies":[{"name":"wp","href":"https:\/\/api.w.org\/{rel}","templated":true}]}}