{"id":34555,"date":"2019-08-04T17:23:01","date_gmt":"2019-08-04T22:23:01","guid":{"rendered":"http:\/\/contraluzcucuta.co\/?p=34555"},"modified":"2019-08-04T17:23:04","modified_gmt":"2019-08-04T22:23:04","slug":"%ef%bb%bfballet-al-parque-otra-manera-de-expresion-y-de-intercambio-cultural","status":"publish","type":"post","link":"https:\/\/contraluzcucuta.co\/?p=34555","title":{"rendered":"\ufeff\u2018BALLET AL PARQUE\u2019. Otra manera de expresi\u00f3n y de intercambio cultural"},"content":{"rendered":"\n<p class=\"wp-block-paragraph\" style=\"text-align:right\"><strong>C\u00daCUTA.<\/strong>&#8211; <strong><em>450 bailarines profesionales de Bulgaria, Cuba, Suiza, Italia, Panam\u00e1, M\u00e9xico y Venezuela, y 48 escuelas nacionales de Bogot\u00e1, Medell\u00edn, Cali, Manizales, Barranquilla, Pereira y Oca\u00f1a, se alistan para participar en la s\u00e9ptima versi\u00f3n del Festival Internacional de \u2018Ballet al Parque.<\/em><\/strong><\/p>\n\n\n\n<p class=\"wp-block-paragraph\">El objetivo del espect\u00e1culo es fomentar el\nturismo y las artes esc\u00e9nicas en la capital de Norte de Santander. &nbsp;La actividad cultural llega a C\u00facuta con apoyo\ndel Ministerio de Cultura y la Gobernaci\u00f3n de Norte de Santander. Se llevar\u00e1 a\ncabo del 16 al 18 de agosto.<\/p>\n\n\n\n<p class=\"wp-block-paragraph\">Trinidad Pacheco Bayona, fundador y director\ngeneral del Festival Internacional de Ballet, &nbsp;eligi\u00f3 a esta ciudad como sede del encuentro. \u201cEste\nes un espacio art\u00edstico que busca fomentar el arte del ballet cl\u00e1sico, otra manera\nde expresi\u00f3n, de intercambio cultural y de experiencias maravillosas\u201d.<\/p>\n\n\n\n<p class=\"wp-block-paragraph\">Los nortesantandereanos podr\u00e1n apreciar y\ndisfrutar el festival en la biblioteca p\u00fablica Julio P\u00e9rez Ferrero, la\nUniversidad Libre, Unicentro y &nbsp;Teatro\nZulima. La entrada ser\u00e1 gratuita. <\/p>\n","protected":false},"excerpt":{"rendered":"<p>C\u00daCUTA.&#8211; 450 bailarines profesionales de Bulgaria, Cuba, Suiza, Italia, Panam\u00e1, M\u00e9xico y Venezuela, y 48 escuelas nacionales de Bogot\u00e1, Medell\u00edn, Cali, Manizales, Barranquilla, Pereira y Oca\u00f1a, se alistan para participar en la s\u00e9ptima versi\u00f3n del Festival Internacional de \u2018Ballet al Parque. El objetivo del espect\u00e1culo es fomentar el turismo y las artes esc\u00e9nicas en la &hellip;<\/p>\n","protected":false},"author":1,"featured_media":34556,"comment_status":"open","ping_status":"open","sticky":false,"template":"","format":"standard","meta":{"footnotes":""},"categories":[4,37],"tags":[4630,4629],"class_list":["post-34555","post","type-post","status-publish","format-standard","has-post-thumbnail","hentry","category-barra","category-paseo-cultural","tag-bailarines-profesionales","tag-ballet-al-parque"],"_links":{"self":[{"href":"https:\/\/contraluzcucuta.co\/index.php?rest_route=\/wp\/v2\/posts\/34555","targetHints":{"allow":["GET"]}}],"collection":[{"href":"https:\/\/contraluzcucuta.co\/index.php?rest_route=\/wp\/v2\/posts"}],"about":[{"href":"https:\/\/contraluzcucuta.co\/index.php?rest_route=\/wp\/v2\/types\/post"}],"author":[{"embeddable":true,"href":"https:\/\/contraluzcucuta.co\/index.php?rest_route=\/wp\/v2\/users\/1"}],"replies":[{"embeddable":true,"href":"https:\/\/contraluzcucuta.co\/index.php?rest_route=%2Fwp%2Fv2%2Fcomments&post=34555"}],"version-history":[{"count":1,"href":"https:\/\/contraluzcucuta.co\/index.php?rest_route=\/wp\/v2\/posts\/34555\/revisions"}],"predecessor-version":[{"id":34557,"href":"https:\/\/contraluzcucuta.co\/index.php?rest_route=\/wp\/v2\/posts\/34555\/revisions\/34557"}],"wp:featuredmedia":[{"embeddable":true,"href":"https:\/\/contraluzcucuta.co\/index.php?rest_route=\/wp\/v2\/media\/34556"}],"wp:attachment":[{"href":"https:\/\/contraluzcucuta.co\/index.php?rest_route=%2Fwp%2Fv2%2Fmedia&parent=34555"}],"wp:term":[{"taxonomy":"category","embeddable":true,"href":"https:\/\/contraluzcucuta.co\/index.php?rest_route=%2Fwp%2Fv2%2Fcategories&post=34555"},{"taxonomy":"post_tag","embeddable":true,"href":"https:\/\/contraluzcucuta.co\/index.php?rest_route=%2Fwp%2Fv2%2Ftags&post=34555"}],"curies":[{"name":"wp","href":"https:\/\/api.w.org\/{rel}","templated":true}]}}