{"id":34551,"date":"2019-08-04T16:44:42","date_gmt":"2019-08-04T21:44:42","guid":{"rendered":"http:\/\/contraluzcucuta.co\/?p=34551"},"modified":"2019-08-04T20:37:39","modified_gmt":"2019-08-05T01:37:39","slug":"tema-del-dia-el-general-santander-desocupado-el-cucuta-deportivo-no-atrae-a-la-aficion-culpa-de-quien","status":"publish","type":"post","link":"https:\/\/contraluzcucuta.co\/?p=34551","title":{"rendered":"TEMA DEL D\u00cdA. El General Santander, desocupado. El C\u00facuta Deportivo no atrae a la afici\u00f3n. \u00bfCulpa de qui\u00e9n?"},"content":{"rendered":"\n<p class=\"wp-block-paragraph\" style=\"text-align:right\"><strong>C\u00daCUTA.-<\/strong> <strong><em>El otrora \u2018fort\u00edn rojinegro\u2019 se vio este domingo desocupado para el partido C\u00facuta Deportivo \u2013 Once Caldas. Los aficionados, en las primeras fechas de la Liga del f\u00fatbol profesional colombiano, se han ausentado de los grader\u00edos. El espect\u00e1culo pierde de esta manera a la parte fundamental para su desarrollo, los espectadores.<\/em><\/strong><\/p>\n\n\n\n<p class=\"wp-block-paragraph\">La revista <a href=\"http:\/\/www.ocntraluzcucuta.co\">www.contraluzcucuta.co<\/a> pregunt\u00f3 de qui\u00e9n en la culpa de que el General Santander muestre esa cara de tristeza que no le conocen en el resto del pa\u00eds. El once motil\u00f3n no atrae a la afici\u00f3n a cada partido \u00bfpor qu\u00e9? Estas son algunas de las respuestas entregadas en Facebook:<\/p>\n\n\n\n<p class=\"wp-block-paragraph\"><strong>1.-\nRuben Cafu Agudelo <\/strong><\/p>\n\n\n\n<p class=\"wp-block-paragraph\">&#8211; Profesor, desgraciadamente, no hay equipo.\nLa gente no se aguanta una n\u00f3mina de segunda divisi\u00f3n. La bandeja sur siempre\nest\u00e1 presente, pero son 20.000 (pesos) qu\u00e9 hay sacar para ver un empate, no es\njusto. El segundo tiempo de ayer fue una verg\u00fcenza.<\/p>\n\n\n\n<p class=\"wp-block-paragraph\"><strong>2.-\nCarlos Eduardo Meneses Pabon <\/strong><\/p>\n\n\n\n<p class=\"wp-block-paragraph\">&#8211; Se a\u00fanan muchas cosas. Falta de marketing,\nn\u00f3mina muy regular, boleteria costosa y un espect\u00e1culo muy bajo.<\/p>\n\n\n\n<p class=\"wp-block-paragraph\"><strong>3.-\nAndres Martin Ramirez Mejia <\/strong><\/p>\n\n\n\n<p class=\"wp-block-paragraph\">&#8211; Empate con olor a B. Ni un solo refuerzo,\nfalta de mercadeo e incentivos, la gente ya no come cuento. Es hora de que se\nempiece a preocupar (si es que se preocupa, al fin y al cabo la platica le\nllega completa) al due\u00f1o.<\/p>\n\n\n\n<p class=\"wp-block-paragraph\"><strong>4.-\nHelmer Aurelio Ramirez Blanco <\/strong><\/p>\n\n\n\n<p class=\"wp-block-paragraph\">&#8230; Cadena&#8230;&#8230;&#8230;<\/p>\n\n\n\n<p class=\"wp-block-paragraph\"><strong>5.-\nAlfredo Campos <\/strong><\/p>\n\n\n\n<p class=\"wp-block-paragraph\">&#8211; La taquilla es muy costosa.<\/p>\n\n\n\n<p class=\"wp-block-paragraph\"><strong>6.-\nHarold Sierra <\/strong><\/p>\n\n\n\n<p class=\"wp-block-paragraph\">Augusto Cadena, mercenario del f\u00fatbol<\/p>\n\n\n\n<p class=\"wp-block-paragraph\"><strong>7.-\nMiled Antonio Perez Toro <\/strong><\/p>\n\n\n\n<p class=\"wp-block-paragraph\">&#8211; CADENA cree que la afici\u00f3n del C\u00facuta somos\nest\u00fapidos y no sabemos de f\u00fatbol y de finanzas. Se la est\u00e1 llevando toda cuando\narma equipitos como \u00e9ste que no juega a nada y no tiene buenos jugadores. Uno\nquiere al C\u00facuta pero regarle la plata a \u00e9ste vivo y mercader del futbol, \u00a1mamola!<\/p>\n\n\n\n<p class=\"wp-block-paragraph\"><strong>8.-\nLeamsy Becerra Rueda Cadena. <\/strong><\/p>\n\n\n\n<p class=\"wp-block-paragraph\">&#8211; El negocio es la B<\/p>\n\n\n\n<p class=\"wp-block-paragraph\"><strong>9.-\nFredy Alberto Lara Greco <\/strong><\/p>\n\n\n\n<p class=\"wp-block-paragraph\">&#8211; Yo pienso que la afici\u00f3n de C\u00facuta dej\u00f3 de\nser la mejor hace a\u00f1osss y ya es afici\u00f3n de B, cuando se empez\u00f3 bien el\nsemestre pasado tampoco acompa\u00f1aron, excusas de una afici\u00f3n que tambi\u00e9n\ndescendi\u00f3 hace lustrosss.<\/p>\n\n\n\n<p class=\"wp-block-paragraph\"><strong>10.-\nCarlos Mauricio Morales Acevedo <\/strong><\/p>\n\n\n\n<p class=\"wp-block-paragraph\">&#8211; La gente prefiere verlo en la comodidad del\nhogar en alta definici\u00f3n.<\/p>\n\n\n\n<p class=\"wp-block-paragraph\"><strong>11.-\nNelly Colmenares<\/strong><\/p>\n\n\n\n<p class=\"wp-block-paragraph\">&#8211; Malos hinchas. Solo cuando est\u00e1n arriba los acompa\u00f1an y sacan pecho. A los equipos se debe acompa\u00f1ar en las buenas y las malas.<\/p>\n\n\n\n<p class=\"wp-block-paragraph\">12.-  <a href=\"https:\/\/www.facebook.com\/fredy.f.hernandez.9\"><strong>Fredy Fernando Parada Hernandez<\/strong><\/a><strong>\u00a0<\/strong><\/p>\n\n\n\n<ul class=\"wp-block-list\"><li>Vamos bien. 7 puntos de 12. Hay que ir al estadio masivamente. <\/li><\/ul>\n","protected":false},"excerpt":{"rendered":"<p>C\u00daCUTA.- El otrora \u2018fort\u00edn rojinegro\u2019 se vio este domingo desocupado para el partido C\u00facuta Deportivo \u2013 Once Caldas. Los aficionados, en las primeras fechas de la Liga del f\u00fatbol profesional colombiano, se han ausentado de los grader\u00edos. El espect\u00e1culo pierde de esta manera a la parte fundamental para su desarrollo, los espectadores. La revista www.contraluzcucuta.co &hellip;<\/p>\n","protected":false},"author":1,"featured_media":34552,"comment_status":"open","ping_status":"open","sticky":false,"template":"","format":"standard","meta":{"footnotes":""},"categories":[4,4529],"tags":[4378,1166,3860,2509],"class_list":["post-34551","post","type-post","status-publish","format-standard","has-post-thumbnail","hentry","category-barra","category-tema-del-dia","tag-cucuta-deportivo-2019","tag-estadio-general-santander","tag-hinchas-motilones","tag-jose-augusto-cadena"],"_links":{"self":[{"href":"https:\/\/contraluzcucuta.co\/index.php?rest_route=\/wp\/v2\/posts\/34551","targetHints":{"allow":["GET"]}}],"collection":[{"href":"https:\/\/contraluzcucuta.co\/index.php?rest_route=\/wp\/v2\/posts"}],"about":[{"href":"https:\/\/contraluzcucuta.co\/index.php?rest_route=\/wp\/v2\/types\/post"}],"author":[{"embeddable":true,"href":"https:\/\/contraluzcucuta.co\/index.php?rest_route=\/wp\/v2\/users\/1"}],"replies":[{"embeddable":true,"href":"https:\/\/contraluzcucuta.co\/index.php?rest_route=%2Fwp%2Fv2%2Fcomments&post=34551"}],"version-history":[{"count":2,"href":"https:\/\/contraluzcucuta.co\/index.php?rest_route=\/wp\/v2\/posts\/34551\/revisions"}],"predecessor-version":[{"id":34558,"href":"https:\/\/contraluzcucuta.co\/index.php?rest_route=\/wp\/v2\/posts\/34551\/revisions\/34558"}],"wp:featuredmedia":[{"embeddable":true,"href":"https:\/\/contraluzcucuta.co\/index.php?rest_route=\/wp\/v2\/media\/34552"}],"wp:attachment":[{"href":"https:\/\/contraluzcucuta.co\/index.php?rest_route=%2Fwp%2Fv2%2Fmedia&parent=34551"}],"wp:term":[{"taxonomy":"category","embeddable":true,"href":"https:\/\/contraluzcucuta.co\/index.php?rest_route=%2Fwp%2Fv2%2Fcategories&post=34551"},{"taxonomy":"post_tag","embeddable":true,"href":"https:\/\/contraluzcucuta.co\/index.php?rest_route=%2Fwp%2Fv2%2Ftags&post=34551"}],"curies":[{"name":"wp","href":"https:\/\/api.w.org\/{rel}","templated":true}]}}