{"id":34548,"date":"2019-07-30T20:07:56","date_gmt":"2019-07-31T01:07:56","guid":{"rendered":"http:\/\/contraluzcucuta.co\/?p=34548"},"modified":"2019-07-30T20:07:59","modified_gmt":"2019-07-31T01:07:59","slug":"operacion-escudo-ofensiva-contra-el-crimen-organizado-en-norte-de-santander","status":"publish","type":"post","link":"https:\/\/contraluzcucuta.co\/?p=34548","title":{"rendered":"OPERACI\u00d3N \u2018ESCUDO\u2019. Ofensiva contra el crimen organizado en Norte de Santander"},"content":{"rendered":"\n<p class=\"wp-block-paragraph\"><strong>C\u00daCUTA.-<\/strong> Ciento cuarentaitr\u00e9s\ncapturados, en 47 operaciones y 104 allanamientos; tres toneladas de\nestupefacientes incautadas y 26 toneladas de mercanc\u00eda de contrabando\naprehendidas, es el resultado de la operaci\u00f3n \u2018Escudo\u2019, efectuada durante los\n\u00faltimos 15 d\u00edas en Norte de Santander.<\/p>\n\n\n\n<p class=\"wp-block-paragraph\">En la intervenci\u00f3n, por primera vez, se\narticularon en la regi\u00f3n y de manera conjunta la Fiscal\u00eda General de la Naci\u00f3n,\nlas Fuerzas Militares y la Polic\u00eda, con apoyo de la Judicatura.&nbsp; <\/p>\n\n\n\n<p class=\"wp-block-paragraph\">El fin de la operaci\u00f3n era contrarrestar la\namenaza delincuencial generada por las econom\u00edas il\u00edcitas y estructuras\ncriminales que tendr\u00edan relaci\u00f3n con agresiones a l\u00edderes sociales y homicidios\nen el departamento, y la subregi\u00f3n de El Catatumbo. Participaron m\u00e1s de mil\nintegrantes de las fuerzas en conjunto con la Fiscal\u00eda.&nbsp; <\/p>\n\n\n\n<p class=\"wp-block-paragraph\">Por denuncia de la ciudadan\u00eda fueron\ndesarticuladas cinco organizaciones delincuenciales. Destaca \u2018Tren de Arugua\u2019, de\ncar\u00e1cter trasnacional, conformada por venezolanos que intentaron posicionarse\nsin \u00e9xito en la zona de frontera. <\/p>\n\n\n\n<p class=\"wp-block-paragraph\">Las acciones buscan avanzar en la judicializaci\u00f3n\nde las organizaciones criminales que tienen relaci\u00f3n con el contexto de\nviolencia en el marco del cual se presentan amenazas y ataques a l\u00edderes\nsociales y defensores de derechos humanos, y homicidios<\/p>\n\n\n\n<p class=\"wp-block-paragraph\"><strong>Balance<\/strong><\/p>\n\n\n\n<p class=\"wp-block-paragraph\">La estructura m\u00e1s afectada fue el Eln (26\ncapturas), seguida por \u2018Los Rastrojos\u2019 (13 capturas), \u2018Los Pelusos\u2019 (6\ncapturas) y el Grupo Armado Organizado Residual 33 (5 capturas). <\/p>\n\n\n\n<p class=\"wp-block-paragraph\">Del total de capturados (143), se cumplieron 103\npor \u00f3rdenes judiciales producto de procesos investigativos y 40 en flagrancia. <\/p>\n\n\n\n<p class=\"wp-block-paragraph\">La \u2018Operaci\u00f3n Escudo\u2019 golpe\u00f3 a las\norganizaciones dedicadas al robo de hidrocarburos, miner\u00eda ilegal y narcotr\u00e1fico,\ny permiti\u00f3 la incautaci\u00f3n de tres toneladas de coca\u00edna.<\/p>\n\n\n\n<p class=\"wp-block-paragraph\">Catorce municipios de Norte de Santander resultaron\nbeneficiados con la acci\u00f3n institucional, que abarc\u00f3 el 90 % del territorio de\nEl Catatumbo. <\/p>\n\n\n\n<p class=\"wp-block-paragraph\">&nbsp;Este modelo\nde intervenci\u00f3n de la Fiscal\u00eda General de la Naci\u00f3n, las Fuerzas Militares y la\nPolic\u00eda, en colaboraci\u00f3n con la Judicatura, se pondr\u00e1 en marcha en otros puntos\ndel pa\u00eds donde hacen presencia los grupos del crimen organizado y las econom\u00edas\nil\u00edcitas que afectan a la comunidad, los l\u00edderes sociales y los defensores de\nderechos humanos. <\/p>\n","protected":false},"excerpt":{"rendered":"<p>C\u00daCUTA.- Ciento cuarentaitr\u00e9s capturados, en 47 operaciones y 104 allanamientos; tres toneladas de estupefacientes incautadas y 26 toneladas de mercanc\u00eda de contrabando aprehendidas, es el resultado de la operaci\u00f3n \u2018Escudo\u2019, efectuada durante los \u00faltimos 15 d\u00edas en Norte de Santander. En la intervenci\u00f3n, por primera vez, se articularon en la regi\u00f3n y de manera conjunta &hellip;<\/p>\n","protected":false},"author":1,"featured_media":34549,"comment_status":"open","ping_status":"open","sticky":false,"template":"","format":"standard","meta":{"footnotes":""},"categories":[11,4],"tags":[4628,726],"class_list":["post-34548","post","type-post","status-publish","format-standard","has-post-thumbnail","hentry","category-cronica-roja","category-barra","tag-operacion-escudo","tag-policia-de-colombia"],"_links":{"self":[{"href":"https:\/\/contraluzcucuta.co\/index.php?rest_route=\/wp\/v2\/posts\/34548","targetHints":{"allow":["GET"]}}],"collection":[{"href":"https:\/\/contraluzcucuta.co\/index.php?rest_route=\/wp\/v2\/posts"}],"about":[{"href":"https:\/\/contraluzcucuta.co\/index.php?rest_route=\/wp\/v2\/types\/post"}],"author":[{"embeddable":true,"href":"https:\/\/contraluzcucuta.co\/index.php?rest_route=\/wp\/v2\/users\/1"}],"replies":[{"embeddable":true,"href":"https:\/\/contraluzcucuta.co\/index.php?rest_route=%2Fwp%2Fv2%2Fcomments&post=34548"}],"version-history":[{"count":1,"href":"https:\/\/contraluzcucuta.co\/index.php?rest_route=\/wp\/v2\/posts\/34548\/revisions"}],"predecessor-version":[{"id":34550,"href":"https:\/\/contraluzcucuta.co\/index.php?rest_route=\/wp\/v2\/posts\/34548\/revisions\/34550"}],"wp:featuredmedia":[{"embeddable":true,"href":"https:\/\/contraluzcucuta.co\/index.php?rest_route=\/wp\/v2\/media\/34549"}],"wp:attachment":[{"href":"https:\/\/contraluzcucuta.co\/index.php?rest_route=%2Fwp%2Fv2%2Fmedia&parent=34548"}],"wp:term":[{"taxonomy":"category","embeddable":true,"href":"https:\/\/contraluzcucuta.co\/index.php?rest_route=%2Fwp%2Fv2%2Fcategories&post=34548"},{"taxonomy":"post_tag","embeddable":true,"href":"https:\/\/contraluzcucuta.co\/index.php?rest_route=%2Fwp%2Fv2%2Ftags&post=34548"}],"curies":[{"name":"wp","href":"https:\/\/api.w.org\/{rel}","templated":true}]}}