{"id":34545,"date":"2019-07-29T22:25:28","date_gmt":"2019-07-30T03:25:28","guid":{"rendered":"http:\/\/contraluzcucuta.co\/?p=34545"},"modified":"2019-07-29T22:25:31","modified_gmt":"2019-07-30T03:25:31","slug":"licencia-ambiental-ani-destraba-autopista-4g-bucaramanga-pamplona","status":"publish","type":"post","link":"https:\/\/contraluzcucuta.co\/?p=34545","title":{"rendered":"LICENCIA AMBIENTAL. ANI destraba Autopista 4G Bucaramanga \u2013 Pamplona"},"content":{"rendered":"\n<p class=\"wp-block-paragraph\" style=\"text-align:right\"><strong>BUCARAMANGA<\/strong>.- <strong><em>Las acciones coordinadas del Gobierno y la Comisi\u00f3n Intersectorial para los proyectos de infraestructura de transporte lograr dar v\u00eda libre a la licencia ambiental que permite que el proyecto de Cuarta Generaci\u00f3n, Bucaramanga \u2013 Pamplona. El trayecto concesionado por la Agencia Nacional de Infraestructura (ANI) quedar\u00e1 ejecutoriado, lo que garantiza, de manera inmediata, el inici\u00f3 de las obras de la Conectante C1-C2, conocidas como la variante de Bucaramanga.<\/em><\/strong><\/p>\n\n\n\n<p class=\"wp-block-paragraph\">\u201cCon esta licencia ambiental activamos un\nnuevo proyecto m\u00e1s de las Autopistas de 4G\u201d, asegur\u00f3 la ministra de Transporte,\n\u00c1ngela Mar\u00eda Orozco. \u201cEstamos llegando como Gobierno a las regiones con logros\nque conectan\u201d. Activar las obras en este corredor es vital para disminuir los\nproblemas actuales en la movilidad de la zona metropolitana de Bucaramanga.<\/p>\n\n\n\n<p class=\"wp-block-paragraph\">En ese sentido, la licencia ambiental\ncorresponde a la unidad funcional 1 del proyecto y consiste en la construcci\u00f3n\nde una calzada sencilla de 14,6 kil\u00f3metros, con 22 puentes, 2 intercambiadores\nuno a nivel y otro a desnivel, al igual que las obras hidr\u00e1ulicas de drenaje,\nentre otras.<\/p>\n\n\n\n<p class=\"wp-block-paragraph\">La concesi\u00f3n Bucaramanga- Pamplona tiene como\nobjetivo garantizar la adecuada conexi\u00f3n entre los municipios de Santander y\nNorte de Santander. Igualmente, disminuir\u00e1 los tiempos de viaje del centro del\npa\u00eds a C\u00facuta y la frontera con Venezuela.<\/p>\n\n\n\n<p class=\"wp-block-paragraph\">El tiempo de ejecuci\u00f3n de las obras del\nproyecto ser\u00e1 de 34 meses aproximadamente y tendr\u00e1n una inversi\u00f3n de $ 1,7\nbillones. La longitud del proyecto es de 133,4 kil\u00f3metros y conectar\u00e1 al centro\ndel pa\u00eds con C\u00facuta a trav\u00e9s del proyecto de 4G, Pamplona \u2013 C\u00facuta, que tambi\u00e9n\nest\u00e1 en ejecuci\u00f3n.&nbsp; <\/p>\n\n\n\n<p class=\"wp-block-paragraph\">Con las obras de este proyecto, la Agencia\nNacional de Infraestructura completar\u00e1 la reactivaci\u00f3n de 22 proyectos del\nprograma de las Autopistas de 4G y continuar\u00e1 trabajando en buscar soluciones\ndefinitivas a los 7 restantes.<\/p>\n","protected":false},"excerpt":{"rendered":"<p>BUCARAMANGA.- Las acciones coordinadas del Gobierno y la Comisi\u00f3n Intersectorial para los proyectos de infraestructura de transporte lograr dar v\u00eda libre a la licencia ambiental que permite que el proyecto de Cuarta Generaci\u00f3n, Bucaramanga \u2013 Pamplona. El trayecto concesionado por la Agencia Nacional de Infraestructura (ANI) quedar\u00e1 ejecutoriado, lo que garantiza, de manera inmediata, el &hellip;<\/p>\n","protected":false},"author":1,"featured_media":34546,"comment_status":"open","ping_status":"open","sticky":false,"template":"","format":"standard","meta":{"footnotes":""},"categories":[45,4],"tags":[487,4627],"class_list":["post-34545","post","type-post","status-publish","format-standard","has-post-thumbnail","hentry","category-destacado","category-barra","tag-ani","tag-autopistas-de-4-g"],"_links":{"self":[{"href":"https:\/\/contraluzcucuta.co\/index.php?rest_route=\/wp\/v2\/posts\/34545","targetHints":{"allow":["GET"]}}],"collection":[{"href":"https:\/\/contraluzcucuta.co\/index.php?rest_route=\/wp\/v2\/posts"}],"about":[{"href":"https:\/\/contraluzcucuta.co\/index.php?rest_route=\/wp\/v2\/types\/post"}],"author":[{"embeddable":true,"href":"https:\/\/contraluzcucuta.co\/index.php?rest_route=\/wp\/v2\/users\/1"}],"replies":[{"embeddable":true,"href":"https:\/\/contraluzcucuta.co\/index.php?rest_route=%2Fwp%2Fv2%2Fcomments&post=34545"}],"version-history":[{"count":1,"href":"https:\/\/contraluzcucuta.co\/index.php?rest_route=\/wp\/v2\/posts\/34545\/revisions"}],"predecessor-version":[{"id":34547,"href":"https:\/\/contraluzcucuta.co\/index.php?rest_route=\/wp\/v2\/posts\/34545\/revisions\/34547"}],"wp:featuredmedia":[{"embeddable":true,"href":"https:\/\/contraluzcucuta.co\/index.php?rest_route=\/wp\/v2\/media\/34546"}],"wp:attachment":[{"href":"https:\/\/contraluzcucuta.co\/index.php?rest_route=%2Fwp%2Fv2%2Fmedia&parent=34545"}],"wp:term":[{"taxonomy":"category","embeddable":true,"href":"https:\/\/contraluzcucuta.co\/index.php?rest_route=%2Fwp%2Fv2%2Fcategories&post=34545"},{"taxonomy":"post_tag","embeddable":true,"href":"https:\/\/contraluzcucuta.co\/index.php?rest_route=%2Fwp%2Fv2%2Ftags&post=34545"}],"curies":[{"name":"wp","href":"https:\/\/api.w.org\/{rel}","templated":true}]}}