{"id":34539,"date":"2019-07-29T22:03:09","date_gmt":"2019-07-30T03:03:09","guid":{"rendered":"http:\/\/contraluzcucuta.co\/?p=34539"},"modified":"2019-07-29T22:03:11","modified_gmt":"2019-07-30T03:03:11","slug":"%ef%bb%bfpilaton-norte-de-santander-recolecto-480-kilos-de-pilas-y-baterias-usadas","status":"publish","type":"post","link":"https:\/\/contraluzcucuta.co\/?p=34539","title":{"rendered":"\ufeffPILAT\u00d3N. Norte de Santander recolect\u00f3 480 kilos de pilas y bater\u00edas usadas"},"content":{"rendered":"\n<p class=\"wp-block-paragraph\"><strong>C\u00daCUTA.-<\/strong> La cultura del\nadecuado manejo y disposici\u00f3n final de las bater\u00edas y pilas usadas toma fuerza\nen Norte de Santander. En la jornada de recolecci\u00f3n \u2018Pilat\u00f3n\u2019 se recaudaron 480\nkilos. La cifra super\u00f3 la meta de 200 kilos estimada para el evento. <\/p>\n\n\n\n<p class=\"wp-block-paragraph\">Para la actividad se dispusieron tres puntos\nde recolecci\u00f3n: <\/p>\n\n\n\n<p class=\"wp-block-paragraph\">1.- El complejo hist\u00f3rico de Oca\u00f1a<\/p>\n\n\n\n<p class=\"wp-block-paragraph\">2.- La Alcald\u00eda de Villa del Rosario<\/p>\n\n\n\n<p class=\"wp-block-paragraph\">3.- La Secretar\u00eda de Educaci\u00f3n del\nDepartamento. <\/p>\n\n\n\n<p class=\"wp-block-paragraph\">En el primer punto se reunieron 97,2 kilos;\nen el segundo 43 kilos y en el \u00faltimo 340 kilos. <\/p>\n\n\n\n<p class=\"wp-block-paragraph\">La participaci\u00f3n estuvo liderada por los\nestablecimientos educativos de Durania, Los Patios, Cucutilla, Toledo, Villa\ndel Rosario, Oca\u00f1a, La Playa de Bel\u00e9n, El Zulia y Ragonvalia. <\/p>\n\n\n\n<p class=\"wp-block-paragraph\">La instituci\u00f3n educativa que m\u00e1s pilas y\nbater\u00edas recaud\u00f3 fue La Presentaci\u00f3n de Oca\u00f1a, con 61,6 kilos. Al frente de la\njornada estuvieron la rectora Maritza Torres y las estudiantes Mariana Ariza y\nMar\u00eda Jos\u00e9 S\u00e1nchez.<\/p>\n\n\n\n<p class=\"wp-block-paragraph\">\u201cEstamos contentos, porque los estudiantes y\nla ciudadan\u00eda han respondido a esta iniciativa. Esperamos a final de a\u00f1o\nsuperar la meta que tenemos como departamento de 1000 kilos\u201d, dijo Myriam Ortega, secretaria\nde Educaci\u00f3n de Norte de Santander.<\/p>\n\n\n\n<p class=\"wp-block-paragraph\">Lo importante de la actividad es la generaci\u00f3n\nde conciencia sobre la responsabilidad que de conservar el medio ambiente. Durante\nla jornada los asistentes disfrutaron de conferencias, actividades l\u00fadicas y\nmuestras culturales. <\/p>\n","protected":false},"excerpt":{"rendered":"<p>C\u00daCUTA.- La cultura del adecuado manejo y disposici\u00f3n final de las bater\u00edas y pilas usadas toma fuerza en Norte de Santander. En la jornada de recolecci\u00f3n \u2018Pilat\u00f3n\u2019 se recaudaron 480 kilos. La cifra super\u00f3 la meta de 200 kilos estimada para el evento. Para la actividad se dispusieron tres puntos de recolecci\u00f3n: 1.- El complejo &hellip;<\/p>\n","protected":false},"author":1,"featured_media":34540,"comment_status":"open","ping_status":"open","sticky":false,"template":"","format":"standard","meta":{"footnotes":""},"categories":[4,32],"tags":[2963,4626],"class_list":["post-34539","post","type-post","status-publish","format-standard","has-post-thumbnail","hentry","category-barra","category-recorrido-por-la-region","tag-medio-ambiente-en-norte-de-santander","tag-pilaton"],"_links":{"self":[{"href":"https:\/\/contraluzcucuta.co\/index.php?rest_route=\/wp\/v2\/posts\/34539","targetHints":{"allow":["GET"]}}],"collection":[{"href":"https:\/\/contraluzcucuta.co\/index.php?rest_route=\/wp\/v2\/posts"}],"about":[{"href":"https:\/\/contraluzcucuta.co\/index.php?rest_route=\/wp\/v2\/types\/post"}],"author":[{"embeddable":true,"href":"https:\/\/contraluzcucuta.co\/index.php?rest_route=\/wp\/v2\/users\/1"}],"replies":[{"embeddable":true,"href":"https:\/\/contraluzcucuta.co\/index.php?rest_route=%2Fwp%2Fv2%2Fcomments&post=34539"}],"version-history":[{"count":1,"href":"https:\/\/contraluzcucuta.co\/index.php?rest_route=\/wp\/v2\/posts\/34539\/revisions"}],"predecessor-version":[{"id":34541,"href":"https:\/\/contraluzcucuta.co\/index.php?rest_route=\/wp\/v2\/posts\/34539\/revisions\/34541"}],"wp:featuredmedia":[{"embeddable":true,"href":"https:\/\/contraluzcucuta.co\/index.php?rest_route=\/wp\/v2\/media\/34540"}],"wp:attachment":[{"href":"https:\/\/contraluzcucuta.co\/index.php?rest_route=%2Fwp%2Fv2%2Fmedia&parent=34539"}],"wp:term":[{"taxonomy":"category","embeddable":true,"href":"https:\/\/contraluzcucuta.co\/index.php?rest_route=%2Fwp%2Fv2%2Fcategories&post=34539"},{"taxonomy":"post_tag","embeddable":true,"href":"https:\/\/contraluzcucuta.co\/index.php?rest_route=%2Fwp%2Fv2%2Ftags&post=34539"}],"curies":[{"name":"wp","href":"https:\/\/api.w.org\/{rel}","templated":true}]}}