{"id":34530,"date":"2019-07-29T11:14:26","date_gmt":"2019-07-29T16:14:26","guid":{"rendered":"http:\/\/contraluzcucuta.co\/?p=34530"},"modified":"2019-07-29T11:14:29","modified_gmt":"2019-07-29T16:14:29","slug":"egan-bernal-el-nino-de-la-bicicleta-amarilla-gano-el-tour-de-francia","status":"publish","type":"post","link":"https:\/\/contraluzcucuta.co\/?p=34530","title":{"rendered":"EGAN BERNAL. El ni\u00f1o de la bicicleta amarilla gan\u00f3 el Tour de Francia"},"content":{"rendered":"\n<p class=\"wp-block-paragraph\" style=\"text-align:right\"><strong>BOGOT\u00c1 \u2014<\/strong> <em><strong>Con 22 a\u00f1os y 196 d\u00edas, el ciclista colombiano Egan Bernal es el campe\u00f3n m\u00e1s joven del Tour de Francia desde 1909 y el primer ganador latinoamericano en toda la historia de la competencia. Colombia persegu\u00eda este triunfo desde 1975, cuando Cochise Rodr\u00edguez, una vieja gloria del deporte nacional, debut\u00f3 en la vuelta ciclista m\u00e1s importante del mundo y lleg\u00f3 en el puesto 27.<\/strong><\/em><\/p>\n\n\n\n<p class=\"wp-block-paragraph\">La primera bicicleta de Bernal era amarilla,\ncomo el maillot de l\u00edder que visti\u00f3 este domingo en Par\u00eds durante su\npremiaci\u00f3n. Entre las decenas de ciclistas colombianos que han disputado esta\ncarrera, solo otros dos hab\u00edan vestido la prenda durante los pocos d\u00edas que\nlideraron esta competencia. <\/p>\n\n\n\n<p class=\"wp-block-paragraph\">Bernal es el primero que la conserva hasta\nllegar al podio. \u201cEl triunfo no es solo m\u00edo, sino de todo un pa\u00eds. Hace unos\na\u00f1os mir\u00e1bamos el Tour por televisi\u00f3n y era algo imposible\u201d, dijo conmovido\nante las c\u00e1maras, despu\u00e9s de completar la pen\u00faltima etapa de la gran vuelta.<\/p>\n\n\n\n<p class=\"wp-block-paragraph\">El momento decisivo ocurri\u00f3 en la etapa 19,\nen la que los ciclistas deb\u00edan enfrentar dos ascensos de monta\u00f1a antes de\nalcanzar la meta. En la subida al Col de l\u2019Iseran, el paso pavimentado m\u00e1s alto\nde los Alpes, a 2764 metros de altura, Bernal decidi\u00f3 atacar al entonces l\u00edder\nde la carrera, el franc\u00e9s Julian Alaphilippe, quien aventajaba al colombiano\npor un minuto y 30 segundos.<\/p>\n\n\n\n<p class=\"wp-block-paragraph\">Bernal, un escalador dotado como la mayor\u00eda\nde ciclistas colombianos, cruz\u00f3 el alto en solitario y empez\u00f3 un descenso que\nlo llevar\u00eda a la subida final. Pero un alud bloque\u00f3 la carretera y los\norganizadores del Tour dieron por terminada la etapa. Antes de lo esperado,\nEgan Bernal era el nuevo l\u00edder, con 45 segundos de ventaja sobre el corredor\nfranc\u00e9s.<\/p>\n\n\n\n<p class=\"wp-block-paragraph\">El nuevo campe\u00f3n naci\u00f3 en Zipaquir\u00e1, una\npeque\u00f1a ciudad industrial y agr\u00edcola ubicada al norte de Bogot\u00e1. Su padre,\nGerm\u00e1n, trabajaba como guardia de seguridad; su madre, Flor Marina,\nseleccionaba claveles en los cultivos que pueblan la sabana en la periferia de la\ncapital colombiana.<\/p>\n\n\n\n<p class=\"wp-block-paragraph\">Ah\u00ed, junto a la cordillera donde miles de\nciclistas entrenan cada d\u00eda, naci\u00f3 tambi\u00e9n Efra\u00edn \u2018el Zipa\u2019 Forero, primer\nganador de la Vuelta a Colombia en 1951. Forero corri\u00f3 en 1953 la Route de\nFrance, una competencia para aficionados que ya no existe. De este modo, la\nvictoria de Bernal en el Tour de Francia cierra un ciclo deportivo que une el\ngermen dom\u00e9stico del ciclismo colombiano y su m\u00e1ximo triunfo internacional. <\/p>\n\n\n\n<p class=\"wp-block-paragraph\">Egan Bernal lleg\u00f3 con ocho a\u00f1os y una pesada\nbicicleta de monta\u00f1ismo al Instituto Municipal de Deportes de Zipaquir\u00e1. Fabio\nRodr\u00edguez, su entrenador de entonces, lo describe como un ni\u00f1o com\u00fan, sin\nninguna virtud que lo distinguiera del resto. \u201cYa sab\u00eda montarse, pero no m\u00e1s.\nA medida que fue mejorando hizo podios en el departamento y despu\u00e9s a nivel\nnacional\u201d, recuerda Rodr\u00edguez.<\/p>\n\n\n\n<p class=\"wp-block-paragraph\">Pero el ni\u00f1o ten\u00eda ambici\u00f3n. Cuando ganaba\nuna copa empezaba a planear la siguiente. \u201cPensaba siempre en ir escalando.\nEgan es un talento total, muy completo y muy fuerte mentalmente. Todo eso lo\nhace diferente ahora\u201d, dice Rodr\u00edguez<\/p>\n\n\n\n<p class=\"wp-block-paragraph\">El ciclismo exige una enorme fortaleza f\u00edsica\ny psicol\u00f3gica. La victoria en una carrera de tres semanas implica estrategia y\ntrabajo de equipo; pero en el fondo, cada corredor lucha contra s\u00ed mismo y\nlibra batallas individuales que lo llevan muy lejos en su desaf\u00edo contra el\ndolor. Los ciclistas del Tour deben ingerir entre seis mil y nueve mil calor\u00edas\ndiarias, porque invierten en cada jornada el doble de calor\u00edas necesario para\ncorrer una marat\u00f3n. Ese ritmo de exigencia deben sostenerlo durante veinti\u00fan\nd\u00edas.<\/p>\n\n\n\n<p class=\"wp-block-paragraph\">Cuando viajan por carreteras a alta velocidad\ny cruzan monta\u00f1as entre abismos, los ciclistas profesionales se exponen a\nriesgos constantes. En el \u00faltimo a\u00f1o, Bernal sufri\u00f3 tres ca\u00eddas y fue sometido\na operaciones de clav\u00edcula, nariz, p\u00f3mulos y mand\u00edbula. En un accidente\nmientras corr\u00eda la cl\u00e1sica de San Sebasti\u00e1n, en Espa\u00f1a, perdi\u00f3 varios dientes.\nEste a\u00f1o, a principios de mayo, el ciclista se preparaba para correr el Giro de\nItalia, la segunda vuelta m\u00e1s importante del calendario internacional, cuando\nun nuevo accidente lo inmoviliz\u00f3 por varias semanas. As\u00ed perdi\u00f3 la oportunidad\nde correr en Italia, pero pudo prepararse para disputar el Tour como uno de los\nfavoritos.<\/p>\n\n\n\n<p class=\"wp-block-paragraph\"><strong>Lleg\u00f3\nla bestia<\/strong><\/p>\n\n\n\n<p class=\"wp-block-paragraph\">Egan Bernal empez\u00f3 su carrera deportiva en el\nciclismo de monta\u00f1a, a los 14 a\u00f1os, impulsado por Pablo Mazuera, un entrenador\ny mecenas que viaj\u00f3 con \u00e9l a varias competencias dentro y fuera de Colombia.\n\u201c\u00c9l siempre quer\u00eda m\u00e1s y juntos trabaj\u00e1bamos paso a paso para encadenar una\nvida deportiva muy organizada. Desde peque\u00f1o fue una persona muy comprometida,\nsiempre quiso estar enfocado en el deporte\u201d, dice Mazuera.<\/p>\n\n\n\n<p class=\"wp-block-paragraph\">Entre 2011 y 2015, Bernal gan\u00f3 medalla de\nplata, categor\u00eda j\u00fanior, en el Campeonato Mundial de ciclismo de monta\u00f1a y\nmedalla de bronce en el Campeonato Panamericano de Brasil. En 2016 pensaba\ncompetir en los Juegos Ol\u00edmpicos dentro de esa categor\u00eda, cuando su rumbo\ncambi\u00f3. Gianni Savio, veterano director en el equipo Androni\nGiocattolli-Sidermec de ciclismo de ruta, lo contrat\u00f3 por cuatro a\u00f1os despu\u00e9s\nde verlo subir monta\u00f1as como si fuera en una moto. <\/p>\n\n\n\n<p class=\"wp-block-paragraph\">En las pruebas f\u00edsicas que le hicieron antes\nde firmar el contrato, Bernal marc\u00f3 un consumo de ox\u00edgeno m\u00e1ximo de 88,8\nmililitros por kilogramo de peso. Chris Froome, cuatro veces ganador del Tour y\ncompa\u00f1ero de equipo de Bernal, marc\u00f3 84,6 a su misma edad. El colombiano creci\u00f3\nen una altura cercana a los tres mil metros sobre el nivel del mar. Cuando\ncompite en alturas menores, como las de Europa, su sangre transporta el ox\u00edgeno\nde manera m\u00e1s eficiente hacia los m\u00fasculos y su cuerpo acusa la fatiga un poco\nm\u00e1s tarde.<\/p>\n\n\n\n<p class=\"wp-block-paragraph\">As\u00ed, gracias al ojo entrenado de Gianni\nSavio, el joven corredor pas\u00f3 al ciclismo de ruta, en el que hay m\u00e1s dinero de\nlos anunciantes, m\u00e1s estructura y m\u00e1s carreras para aprovechar el talento.\nCuando firm\u00f3 aquel primer contrato, el diario deportivo Marca vaticin\u00f3 su \u00e9xito\ny lo anunci\u00f3 como \u201cla bestia que viene\u201d.<\/p>\n\n\n\n<p class=\"wp-block-paragraph\">Pero Savio conserv\u00f3 a Bernal solo por dos\na\u00f1os, hasta que fue comprado por el Team Sky, el equipo m\u00e1s costoso y ganador\ndel World Tour, la primera divisi\u00f3n del ciclismo. El Sky cambi\u00f3 de patrocinador\ny ahora se llama Ineos, pero es la misma n\u00f3mina que ha ganado siete veces el\nTour de Francia en los \u00faltimos diez a\u00f1os.<\/p>\n\n\n\n<p class=\"wp-block-paragraph\">Bernal, seg\u00fan recuerda su mentor, quer\u00eda\npedalear y nada m\u00e1s. Viv\u00eda con la mente enfocada en un futuro deportivo que\nve\u00eda con placer y anhelo. \u201cTen\u00eda claro que quer\u00eda ser un gran ciclista.\nApostarle a \u00e9l no era dif\u00edcil porque se ve\u00eda el compromiso y los resultados\u201d,\ndijo Mazuera en entrevista con The New York Times en Espa\u00f1ol, mientras viajaba\nen auto rumbo a Par\u00eds.<\/p>\n\n\n\n<p class=\"wp-block-paragraph\">\u201cTodo ha ocurrido muy r\u00e1pido en los \u00faltimos\ncuatro a\u00f1os. Ahora Egan ha ganado la mejor carrera del mundo y no es f\u00e1cil\ntodav\u00eda digerirlo; darnos cuenta de lo que hemos logrado todos alrededor de su\ncarrera\u201d, dijo Mazuera. El nuevo reto de Bernal, lo tiene claro uno de sus\ndescubridores, es mantenerse. \u201cA futuro hay que pensar en el compromiso de todo\nlo que viene despu\u00e9s del Tour\u201d, dijo.<\/p>\n\n\n\n<p class=\"wp-block-paragraph\"><strong>La sal\nde la tierra<\/strong><\/p>\n\n\n\n<p class=\"wp-block-paragraph\">Como guardia de seguridad, Germ\u00e1n Bernal, el\npadre de Egan, trabaj\u00f3 un tiempo en la Catedral de Sal, una antigua mina\nconvertida en iglesia, que desde hace a\u00f1os es el principal atractivo tur\u00edstico\nde Zipaquir\u00e1. Flor Marina, su madre, sol\u00eda darle ramos de flores a Egan, el\nhijo mayor, para que las vendiera y ayudara con el ingreso familiar. Los\nvecinos apoyaban la carrera incipiente del ni\u00f1o comprando claveles que no\nnecesitaban.<\/p>\n\n\n\n<p class=\"wp-block-paragraph\">Matt Rendell, comentarista deportivo y autor\ndel libro Reyes de las monta\u00f1as, que cuenta la historia del ciclismo\ncolombiano, reflexiona sobre el origen campesino y popular del nuevo campe\u00f3n\ndel Tour. \u201cEstos muchachos colombianos son tan maduros f\u00edsica y\npsicol\u00f3gicamente por el trabajo en el campo. El campesino crece con dolores\ndiarios que forman parte de la realidad. Por eso resiste, porque vive con eso\u201d,\ndijo Rendell de camino hacia Par\u00eds para cubrir la premiaci\u00f3n.<\/p>\n\n\n\n<p class=\"wp-block-paragraph\">Rendell lamenta un poco que el vencedor del\nTour no haya sido Nairo Quintana, el ciclista colombiano m\u00e1s ganador de todos\nlos tiempos, a quien solo le falta esa victoria para completar las tres grandes\nvueltas del mundo, junto al Giro de Italia y la Vuelta a Espa\u00f1a. Entre ambos\ndeportistas, Rendell encuentra similitudes. \u201cEgan es muy parecido a Nairo\ncuando ten\u00eda 22 a\u00f1os: un fen\u00f3meno de fuerza, muy bueno en la monta\u00f1a. Pero Egan\ntiene el equipo que Nairo nunca tuvo. Tambi\u00e9n tiene hambre y madurez. Y no\ntiene miedo de ganar\u201d, dijo.<\/p>\n\n\n\n<p class=\"wp-block-paragraph\">En las entrevistas, Bernal habla con\ninteligencia y razona con claridad. En una entrevista reciente admiti\u00f3 que al\ncruzar la meta de la pen\u00faltima etapa entendi\u00f3 que ser\u00eda el ganador en Par\u00eds.\n\u201cMierda, creo que gan\u00e9 el Tour de Francia\u201d, dijo a la televisi\u00f3n. Bernal habla\ningl\u00e9s e italiano y tiene el mejor discurso del ciclismo colombiano,\nprobablemente porque pudo estudiar becado unos semestres de periodismo antes de\ndejarlo para enfocarse en la bicicleta. \u201cTiene una cabeza dura y bien puesta\u201d,\ndijo Rendell.<\/p>\n\n\n\n<p class=\"wp-block-paragraph\">Egan Bernal pudo ganar el Tour de Francia\npara Colombia debido a su talento extraordinario, pero tambi\u00e9n gracias al\ncamino que abrieron ciclistas como Lucho Herrera y Fabio Parra a fines de los\na\u00f1os ochenta, y otros que vinieron despu\u00e9s. Y, sobre todo, como resultado de\nuna gran estructura bien engranada: el Team Ineos, patrocinado por una empresa\nqu\u00edmica del Reino Unido, que apost\u00f3 por sus posibilidades en esa gran vuelta.\nEl puntero original de la escuadra este a\u00f1o era Geraint Thomas, campe\u00f3n en\n2018. Pero al llegar a los Alpes el corredor brit\u00e1nico no pudo seguir el ritmo\nde Bernal y trabaj\u00f3 los \u00faltimos d\u00edas de la carrera para apoyar al nuevo l\u00edder.<\/p>\n\n\n\n<p class=\"wp-block-paragraph\">Colombia exporta ciclistas de \u00e9lite cada vez\nen mayor cantidad, pero el pa\u00eds carece de un sistema vigoroso y confiable de\nacompa\u00f1amiento deportivo. Fallas en la Federaci\u00f3n Colombiana de Ciclismo y\nesc\u00e1ndalos recientes de dopaje han revelado la crisis que golpea a un deporte\nque es tambi\u00e9n la gran pasi\u00f3n nacional.<\/p>\n\n\n\n<p class=\"wp-block-paragraph\">Varios corredores locales que compiten con\nequipos internacionales han creado sus propios equipos y fundaciones en el\npa\u00eds. \u201cHay mucha desconfianza con la Federaci\u00f3n y el Estado. Ellos mismos son\nlos guardianes del ciclismo en Colombia\u201d, dijo Rendell. Con la experiencia a\ncuestas de campesinos, independientes y casi siempre relegados, los pedalistas han\napostado a su propia capacidad, sin confiar en la institucionalidad o esperar\nalgo de ella.<\/p>\n\n\n\n<p class=\"wp-block-paragraph\">La victoria en Par\u00eds, para algunos\nentendidos, puede marcar el inicio de una nueva era en el ciclismo\ninternacional. Una nueva \u00e9poca dominada ahora por Colombia, un pa\u00eds que logr\u00f3,\npor primera vez, meter a tres corredores entre los primeros ocho de la\nclasificaci\u00f3n general este a\u00f1o, entre un total de 176 atletas en competencia.<\/p>\n\n\n\n<p class=\"wp-block-paragraph\">Durante todo el Tour de Francia, Egan Bernal\nllev\u00f3 el dorsal n\u00famero dos, aunque en la pr\u00e1ctica, despu\u00e9s de recorrer m\u00e1s de\ntres mil kil\u00f3metros, termin\u00f3 como el n\u00famero uno. Su paisano y colega Rigoberto\nUr\u00e1n, subcampe\u00f3n en 2017, resumi\u00f3 bien la situaci\u00f3n al final de la vuelta: \u201cLa\ncarretera siempre te pone en tu lugar\u201d.<\/p>\n\n\n\n<p class=\"wp-block-paragraph\"><strong>SINAR\nALVARADO<\/strong><\/p>\n","protected":false},"excerpt":{"rendered":"<p>BOGOT\u00c1 \u2014 Con 22 a\u00f1os y 196 d\u00edas, el ciclista colombiano Egan Bernal es el campe\u00f3n m\u00e1s joven del Tour de Francia desde 1909 y el primer ganador latinoamericano en toda la historia de la competencia. Colombia persegu\u00eda este triunfo desde 1975, cuando Cochise Rodr\u00edguez, una vieja gloria del deporte nacional, debut\u00f3 en la vuelta &hellip;<\/p>\n","protected":false},"author":1,"featured_media":34531,"comment_status":"open","ping_status":"open","sticky":false,"template":"","format":"standard","meta":{"footnotes":""},"categories":[4,28],"tags":[3021,4622,3020],"class_list":["post-34530","post","type-post","status-publish","format-standard","has-post-thumbnail","hentry","category-barra","category-vistazo-deportivo","tag-ciclismo-colombiano","tag-egan-bernal","tag-tour-de-francia"],"_links":{"self":[{"href":"https:\/\/contraluzcucuta.co\/index.php?rest_route=\/wp\/v2\/posts\/34530","targetHints":{"allow":["GET"]}}],"collection":[{"href":"https:\/\/contraluzcucuta.co\/index.php?rest_route=\/wp\/v2\/posts"}],"about":[{"href":"https:\/\/contraluzcucuta.co\/index.php?rest_route=\/wp\/v2\/types\/post"}],"author":[{"embeddable":true,"href":"https:\/\/contraluzcucuta.co\/index.php?rest_route=\/wp\/v2\/users\/1"}],"replies":[{"embeddable":true,"href":"https:\/\/contraluzcucuta.co\/index.php?rest_route=%2Fwp%2Fv2%2Fcomments&post=34530"}],"version-history":[{"count":1,"href":"https:\/\/contraluzcucuta.co\/index.php?rest_route=\/wp\/v2\/posts\/34530\/revisions"}],"predecessor-version":[{"id":34532,"href":"https:\/\/contraluzcucuta.co\/index.php?rest_route=\/wp\/v2\/posts\/34530\/revisions\/34532"}],"wp:featuredmedia":[{"embeddable":true,"href":"https:\/\/contraluzcucuta.co\/index.php?rest_route=\/wp\/v2\/media\/34531"}],"wp:attachment":[{"href":"https:\/\/contraluzcucuta.co\/index.php?rest_route=%2Fwp%2Fv2%2Fmedia&parent=34530"}],"wp:term":[{"taxonomy":"category","embeddable":true,"href":"https:\/\/contraluzcucuta.co\/index.php?rest_route=%2Fwp%2Fv2%2Fcategories&post=34530"},{"taxonomy":"post_tag","embeddable":true,"href":"https:\/\/contraluzcucuta.co\/index.php?rest_route=%2Fwp%2Fv2%2Ftags&post=34530"}],"curies":[{"name":"wp","href":"https:\/\/api.w.org\/{rel}","templated":true}]}}