{"id":34524,"date":"2019-07-26T21:16:09","date_gmt":"2019-07-27T02:16:09","guid":{"rendered":"http:\/\/contraluzcucuta.co\/?p=34524"},"modified":"2019-07-26T21:16:12","modified_gmt":"2019-07-27T02:16:12","slug":"%ef%bb%bffutbol-de-primera-cucuta-deportivo-quiere-mantener-la-racha-ganadora","status":"publish","type":"post","link":"https:\/\/contraluzcucuta.co\/?p=34524","title":{"rendered":"\ufeffF\u00daTBOL DE PRIMERA. C\u00facuta Deportivo quiere mantener la racha ganadora"},"content":{"rendered":"\n<p class=\"wp-block-paragraph\"><strong>C\u00daCUTA.-<\/strong> Los aficionados\ncucute\u00f1os no quieren entusiasmarse de nuevo con el comienzo de la Liga del\nf\u00fatbol profesional colombiano. A\u00fan no mascullen lo ocurrido en el primer semestre\ny conservan el sinsabor por haberse quedado el C\u00facuta Deportivo fuera de los\nocho mejores clubes del pa\u00eds. El despegue de la campa\u00f1a result\u00f3 impecable, pero\na la mitad del recorrido se desinflaron las ilusiones.<\/p>\n\n\n\n<p class=\"wp-block-paragraph\">En esta segunda parte del a\u00f1o miran con calma\nlos dos triunfos alcanzados por los motilones contra R\u00edo Negro y Santa Fe. No\nhan lanzado las campanas al vuelo, ni quieren anticiparse a la quema de p\u00f3lvora,\nporque tienen el recuerdo fresco en la mente.<\/p>\n\n\n\n<p class=\"wp-block-paragraph\">Los refuerzos, incluido el relevo en el\ncuerpo t\u00e9cnico, despertaron un m\u00ednimo de entusiasmo entre los hinchas, que no\nhan intentado, siquiera, comprar la nueva camiseta y mantienen limpia la \u00faltima\no la pen\u00faltima o la antepen\u00faltima versi\u00f3n. Importan el rojo y el negro, no la\nmoda que impone el patrocinador para ganar unos pesos.<\/p>\n\n\n\n<p class=\"wp-block-paragraph\">El once motil\u00f3n comparte la segunda posici\u00f3n\ncon Cali, del conocido Lucas Pusineri, y Medell\u00edn, con seis puntos. Am\u00e9rica es\nl\u00edder, con siete unidades. Esos n\u00fameros regresan a la cabeza de los seguidores\nmotilones y vuelven las im\u00e1genes que daban cuenta del liderato motil\u00f3n, con\nmemes como respaldo: \u2018saluden al l\u00edder\u2019.<\/p>\n\n\n\n<p class=\"wp-block-paragraph\">El siguiente rival es Envigado. De nuevo los\nrojinegros se desplazan a Antioquia en procura del tercer triunfo en l\u00ednea. No\ncaer\u00eda mal, aunque por ah\u00ed deambulan algunos aficionados rogando a Dios que\npierda para que no siga encopetado y engre\u00eddo como en la \u00faltima campa\u00f1a.<\/p>\n\n\n\n<p class=\"wp-block-paragraph\">El partido ser\u00e1 dirigido por el central John\nA. Ospina (Quind\u00edo), acompa\u00f1ado por Dionisio Ruiz (C\u00f3rdoba), Javier Motta (Cundinamarca)\ny \u00d3scar G\u00f3mez (Antioquia).<\/p>\n\n\n\n<p class=\"wp-block-paragraph\">Algunos datos entregados por la Dimayor,\nacerca del encuentro, son los siguientes:<\/p>\n\n\n\n<p class=\"wp-block-paragraph\">1.- Envigado mantiene un invicto de 10\npartidos como local ante C\u00facuta en Liga Aguila (5V 5E). La \u00faltima derrota fue\nen mayo de 2006 (1-2).<\/p>\n\n\n\n<p class=\"wp-block-paragraph\">2.- Envigado abri\u00f3 el marcador en los \u00faltimos\ntres partidos de local en Primera A. Solo logr\u00f3 ganar uno: 4-0 contra Atl\u00e9tico\nNacional; 1-1 con Uni\u00f3n Magdalena y 1-1 frente a Deportivo Pasto.<\/p>\n\n\n\n<p class=\"wp-block-paragraph\">3.- C\u00facuta gan\u00f3 los \u00faltimos tres partidos de Liga,\nalgo que no lograba en una misma temporada de Primera A desde 2010, cuando gan\u00f3\nel \u00faltimo juego del Apertura y los primeros tres del Finalizaci\u00f3n.<\/p>\n\n\n\n<p class=\"wp-block-paragraph\">4.- Envigado es el \u00fanico equipo que ha\nanotado de cabeza, pierna derecha y pierna izquierda en el Finalizaci\u00f3n 2019.<\/p>\n\n\n\n<p class=\"wp-block-paragraph\">5.- Mat\u00edas P\u00e9rez ha participado en tres de\nlos cuatro goles del C\u00facuta en el Finalizaci\u00f3n 2019, con una anotaci\u00f3n y dos\nasistencias. Solo Juan Ignacio Dinenno, de Deportivo Cali, particip\u00f3 en tantos\ngoles en las primeras dos jornadas.<\/p>\n","protected":false},"excerpt":{"rendered":"<p>C\u00daCUTA.- Los aficionados cucute\u00f1os no quieren entusiasmarse de nuevo con el comienzo de la Liga del f\u00fatbol profesional colombiano. A\u00fan no mascullen lo ocurrido en el primer semestre y conservan el sinsabor por haberse quedado el C\u00facuta Deportivo fuera de los ocho mejores clubes del pa\u00eds. El despegue de la campa\u00f1a result\u00f3 impecable, pero a &hellip;<\/p>\n","protected":false},"author":1,"featured_media":34525,"comment_status":"open","ping_status":"open","sticky":false,"template":"","format":"standard","meta":{"footnotes":""},"categories":[4,28],"tags":[4378,1880,4412],"class_list":["post-34524","post","type-post","status-publish","format-standard","has-post-thumbnail","hentry","category-barra","category-vistazo-deportivo","tag-cucuta-deportivo-2019","tag-envigado-futbol-club","tag-liga-aguila-2019"],"_links":{"self":[{"href":"https:\/\/contraluzcucuta.co\/index.php?rest_route=\/wp\/v2\/posts\/34524","targetHints":{"allow":["GET"]}}],"collection":[{"href":"https:\/\/contraluzcucuta.co\/index.php?rest_route=\/wp\/v2\/posts"}],"about":[{"href":"https:\/\/contraluzcucuta.co\/index.php?rest_route=\/wp\/v2\/types\/post"}],"author":[{"embeddable":true,"href":"https:\/\/contraluzcucuta.co\/index.php?rest_route=\/wp\/v2\/users\/1"}],"replies":[{"embeddable":true,"href":"https:\/\/contraluzcucuta.co\/index.php?rest_route=%2Fwp%2Fv2%2Fcomments&post=34524"}],"version-history":[{"count":1,"href":"https:\/\/contraluzcucuta.co\/index.php?rest_route=\/wp\/v2\/posts\/34524\/revisions"}],"predecessor-version":[{"id":34526,"href":"https:\/\/contraluzcucuta.co\/index.php?rest_route=\/wp\/v2\/posts\/34524\/revisions\/34526"}],"wp:featuredmedia":[{"embeddable":true,"href":"https:\/\/contraluzcucuta.co\/index.php?rest_route=\/wp\/v2\/media\/34525"}],"wp:attachment":[{"href":"https:\/\/contraluzcucuta.co\/index.php?rest_route=%2Fwp%2Fv2%2Fmedia&parent=34524"}],"wp:term":[{"taxonomy":"category","embeddable":true,"href":"https:\/\/contraluzcucuta.co\/index.php?rest_route=%2Fwp%2Fv2%2Fcategories&post=34524"},{"taxonomy":"post_tag","embeddable":true,"href":"https:\/\/contraluzcucuta.co\/index.php?rest_route=%2Fwp%2Fv2%2Ftags&post=34524"}],"curies":[{"name":"wp","href":"https:\/\/api.w.org\/{rel}","templated":true}]}}