{"id":34521,"date":"2019-07-26T20:36:26","date_gmt":"2019-07-27T01:36:26","guid":{"rendered":"http:\/\/contraluzcucuta.co\/?p=34521"},"modified":"2019-07-26T20:36:28","modified_gmt":"2019-07-27T01:36:28","slug":"%ef%bb%bftema-del-dia-hace-seis-meses-guaido-asumio-la-presidencia-en-que-ha-cambiado-venezuela","status":"publish","type":"post","link":"https:\/\/contraluzcucuta.co\/?p=34521","title":{"rendered":"\ufeffTEMA DEL D\u00cdA. Hace seis meses Guaid\u00f3 asumi\u00f3 la presidencia. \u00bfEn qu\u00e9 ha cambiado Venezuela?"},"content":{"rendered":"\n<p class=\"wp-block-paragraph\"><strong>C\u00daCUTA.-<\/strong> El 23 de julio, el\nJuan Guaid\u00f3 anunci\u00f3 que asum\u00eda la presidencia de la rep\u00fablica en Venezuela para\nsacar del palacio de Miraflores al enquistado Nicol\u00e1s Maduro. Ha pasado medio\na\u00f1o desde ese acto p\u00fablico y m\u00e1s de medio centenar de pa\u00edses anunciaron respaldo\nal presidente interino. A ra\u00edz de la conmemoraci\u00f3n, la revista <a href=\"http:\/\/www.contraluzcucuta.co\">www.contraluzcucuta.co<\/a> consulto a los\nlectores \u2018Hace seis meses Guaid\u00f3 asumi\u00f3 la presidencia. \u00bfEn qu\u00e9 ha cambiado\nVenezuela?\u2019. Estos son algunos de los comentarios recibidos, otros no se\npublican por considerarse groseros y ofensivos:<\/p>\n\n\n\n<p class=\"wp-block-paragraph\"><strong>1.- Neidy\nGonz\u00e1lez<\/strong><\/p>\n\n\n\n<p class=\"wp-block-paragraph\">&#8211; En nada est\u00e1 mucho peor. La falsa oposici\u00f3n\nno le importa el pueblo.<\/p>\n\n\n\n<p class=\"wp-block-paragraph\"><strong>2.- Gala\nMarcela Pe\u00f1a<\/strong><\/p>\n\n\n\n<p class=\"wp-block-paragraph\">&#8211; Oh Rafa&#8230; \u00bfCu\u00e1ndo asumi\u00f3 la presidencia?\nJejejejejejjejejeje<\/p>\n\n\n\n<p class=\"wp-block-paragraph\"><strong>3.- Fattoria\nAlfareros<\/strong><\/p>\n\n\n\n<p class=\"wp-block-paragraph\">&#8211; Como que no. Ya \u2018Chavurro\u2019 se va en 15\nsemanas.<\/p>\n\n\n\n<p class=\"wp-block-paragraph\"><strong>4.- Jairo\nEduardo Oviedo M. <\/strong><\/p>\n\n\n\n<p class=\"wp-block-paragraph\">&#8211; \u00bfLa Presidencia de&#8230;? <\/p>\n\n\n\n<p class=\"wp-block-paragraph\"><strong>5.- Lucrecia\nMar\u00edn Bohada<\/strong><\/p>\n\n\n\n<p class=\"wp-block-paragraph\">&#8211; \u00a1Ay dios! La misma mierda no ha cambiado\nnada y el pueblo cada d\u00eda m\u00e1s migrando<\/p>\n\n\n\n<p class=\"wp-block-paragraph\"><strong>6.- <\/strong><strong>Martha\nFl\u00f3rez<\/strong><\/p>\n\n\n\n<p class=\"wp-block-paragraph\">&#8211; No lo han dejado ser presidente. Pero s\u00ed ha\nhecho mucho. Est\u00e9n pendientes de todo lo que est\u00e1 haciendo y no se dediquen a\nfomentar el descontento en los venezolanos. Sean una fuerza positiva como\ncomunicadores que son.<\/p>\n\n\n\n<p class=\"wp-block-paragraph\"><strong>7.- Miled\nAntonio P\u00e9rez Toro<\/strong><\/p>\n\n\n\n<p class=\"wp-block-paragraph\">&#8211; Con esa clase de \u2018narcodictadores\u2019 que\nconforman el r\u00e9gimen chavista no puede cambiar nada. Todo cada d\u00eda ser\u00e1 peor,\nporque esos seres solo les importa apoderarse de las riquezas y saquear el pa\u00eds\nhasta destruirlo completamente. <\/p>\n\n\n\n<p class=\"wp-block-paragraph\"><strong>8.- Mario\nRam\u00edrez <\/strong><\/p>\n\n\n\n<p class=\"wp-block-paragraph\">&#8211; Rafa, te admir\u00e9 como colega \u00bfahora qu\u00e9 pasa?<\/p>\n\n\n\n<p class=\"wp-block-paragraph\"><strong>9.- Jes\u00fas\nAlfonso Ram\u00edrez Ayala<\/strong><\/p>\n\n\n\n<p class=\"wp-block-paragraph\">&#8211; Comentarios desatinados&#8230; Todo a su debido\ntiempo o es que Maduro lo tiene contento.<\/p>\n\n\n\n<p class=\"wp-block-paragraph\"><strong>10.- Mar\u00eda\nGlacier Pab\u00f3n D\u00edaz<\/strong><\/p>\n\n\n\n<p class=\"wp-block-paragraph\">&#8211; En nada. La misma pendejada, los mismos\npedazo de mierda all\u00e1 en el gobierno que jam\u00e1s se ir\u00e1n. A este muchacho le pas\u00f3\nel cuarto de hora que tuvo y nada ha cambiado. Lo \u00fanico es que no lo ha podido\nmandar preso como siempre hace Maduro con qui\u00e9n lo molesta.<\/p>\n\n\n\n<p class=\"wp-block-paragraph\"><strong>11.- Luis\nAlberto G\u00f3mez Forero<\/strong><\/p>\n\n\n\n<p class=\"wp-block-paragraph\">&#8211; Ha logrado el desconocimiento internacional\na nivel continental del r\u00e9gimen criminal y tirano de Maduro.<\/p>\n\n\n\n<p class=\"wp-block-paragraph\"><strong>12.- Ismael\nSierra<\/strong><\/p>\n\n\n\n<p class=\"wp-block-paragraph\">&#8211; Lamentablemente, no es reconocido\ninternacionalmente. Para m\u00ed, no es presidente.<\/p>\n\n\n\n<p class=\"wp-block-paragraph\"><strong>13.- Nubi\nLobo<\/strong>\n\n&#8211; Est\u00e1 un pel\u00edn\ndesinformado, Rafael\n\n\n\n<\/p>\n","protected":false},"excerpt":{"rendered":"<p>C\u00daCUTA.- El 23 de julio, el Juan Guaid\u00f3 anunci\u00f3 que asum\u00eda la presidencia de la rep\u00fablica en Venezuela para sacar del palacio de Miraflores al enquistado Nicol\u00e1s Maduro. Ha pasado medio a\u00f1o desde ese acto p\u00fablico y m\u00e1s de medio centenar de pa\u00edses anunciaron respaldo al presidente interino. A ra\u00edz de la conmemoraci\u00f3n, la revista &hellip;<\/p>\n","protected":false},"author":1,"featured_media":34522,"comment_status":"open","ping_status":"open","sticky":false,"template":"","format":"standard","meta":{"footnotes":""},"categories":[4,4529],"tags":[4621,1164,4424],"class_list":["post-34521","post","type-post","status-publish","format-standard","has-post-thumbnail","hentry","category-barra","category-tema-del-dia","tag-23-de-enero-en-venezuela","tag-crisis-en-venezuela","tag-juan-guaido"],"_links":{"self":[{"href":"https:\/\/contraluzcucuta.co\/index.php?rest_route=\/wp\/v2\/posts\/34521","targetHints":{"allow":["GET"]}}],"collection":[{"href":"https:\/\/contraluzcucuta.co\/index.php?rest_route=\/wp\/v2\/posts"}],"about":[{"href":"https:\/\/contraluzcucuta.co\/index.php?rest_route=\/wp\/v2\/types\/post"}],"author":[{"embeddable":true,"href":"https:\/\/contraluzcucuta.co\/index.php?rest_route=\/wp\/v2\/users\/1"}],"replies":[{"embeddable":true,"href":"https:\/\/contraluzcucuta.co\/index.php?rest_route=%2Fwp%2Fv2%2Fcomments&post=34521"}],"version-history":[{"count":1,"href":"https:\/\/contraluzcucuta.co\/index.php?rest_route=\/wp\/v2\/posts\/34521\/revisions"}],"predecessor-version":[{"id":34523,"href":"https:\/\/contraluzcucuta.co\/index.php?rest_route=\/wp\/v2\/posts\/34521\/revisions\/34523"}],"wp:featuredmedia":[{"embeddable":true,"href":"https:\/\/contraluzcucuta.co\/index.php?rest_route=\/wp\/v2\/media\/34522"}],"wp:attachment":[{"href":"https:\/\/contraluzcucuta.co\/index.php?rest_route=%2Fwp%2Fv2%2Fmedia&parent=34521"}],"wp:term":[{"taxonomy":"category","embeddable":true,"href":"https:\/\/contraluzcucuta.co\/index.php?rest_route=%2Fwp%2Fv2%2Fcategories&post=34521"},{"taxonomy":"post_tag","embeddable":true,"href":"https:\/\/contraluzcucuta.co\/index.php?rest_route=%2Fwp%2Fv2%2Ftags&post=34521"}],"curies":[{"name":"wp","href":"https:\/\/api.w.org\/{rel}","templated":true}]}}