{"id":34518,"date":"2019-07-26T20:03:14","date_gmt":"2019-07-27T01:03:14","guid":{"rendered":"http:\/\/contraluzcucuta.co\/?p=34518"},"modified":"2019-07-26T20:03:16","modified_gmt":"2019-07-27T01:03:16","slug":"inseguridad-empresarial-comerciantes-afectados-por-extorsion-y-robo-continuo","status":"publish","type":"post","link":"https:\/\/contraluzcucuta.co\/?p=34518","title":{"rendered":"INSEGURIDAD EMPRESARIAL. Comerciantes afectados por extorsi\u00f3n y robo continuo"},"content":{"rendered":"\n<p class=\"wp-block-paragraph\"><strong>C\u00daCUTA.-<\/strong> El gremio de los\ncomerciantes solicit\u00f3 a las autoridades judiciales mayor presencia en los\nestablecimientos de la ciudad por la llegada de casos de extorsi\u00f3n y el robo\ncontinuo. Estos delitos amenazan la estabilidad empresarial.<\/p>\n\n\n\n<p class=\"wp-block-paragraph\">El sector de v\u00edveres, abarrotes y\nsupermercados solicit\u00f3 a Fenalco emprender las labores conducentes a mitigar los\nriesgos a los que est\u00e1n expuestos mediante llamadas extorsivas y amenazas.<\/p>\n\n\n\n<p class=\"wp-block-paragraph\">El robo a los establecimientos se ha convertido\nen el dolor de cabeza para los propietarios. Denunciaron que ni siquiera\ndisponiendo de personal para garantizar la seguridad logran bajar la ocurrencia\nde 5 a 10 robos diarios. Los delincuentes menoscaban la tranquilidad y afectan\nel patrimonio de los propietarios.<\/p>\n\n\n\n<p class=\"wp-block-paragraph\">Fenalco ha informado acerca del encuentro con\nla Polic\u00eda Metropolitana para que la comunidad empresarial participe en el foro\nsobre seguridad ciudadana.<\/p>\n\n\n\n<p class=\"wp-block-paragraph\">El objetivo es dise\u00f1ar, junto con las autoridades\nlocales, el plan de acci\u00f3n que mitigue los efectos de la situaci\u00f3n que perjudica\nel normal desarrollo de las actividades econ\u00f3micas.<\/p>\n\n\n\n<p class=\"wp-block-paragraph\">La ciudad no puede desdibujarse por los\nproblemas econ\u00f3micos y sociales que se tienen en la zona, puntualiz\u00f3 Fenalco.<\/p>\n","protected":false},"excerpt":{"rendered":"<p>C\u00daCUTA.- El gremio de los comerciantes solicit\u00f3 a las autoridades judiciales mayor presencia en los establecimientos de la ciudad por la llegada de casos de extorsi\u00f3n y el robo continuo. Estos delitos amenazan la estabilidad empresarial. El sector de v\u00edveres, abarrotes y supermercados solicit\u00f3 a Fenalco emprender las labores conducentes a mitigar los riesgos a &hellip;<\/p>\n","protected":false},"author":1,"featured_media":34519,"comment_status":"open","ping_status":"open","sticky":false,"template":"","format":"standard","meta":{"footnotes":""},"categories":[11,4],"tags":[1295,1526,3524],"class_list":["post-34518","post","type-post","status-publish","format-standard","has-post-thumbnail","hentry","category-cronica-roja","category-barra","tag-comercio-cucuteno","tag-fenalco-norte-de-santander","tag-inseguridad-en-cucuta"],"_links":{"self":[{"href":"https:\/\/contraluzcucuta.co\/index.php?rest_route=\/wp\/v2\/posts\/34518","targetHints":{"allow":["GET"]}}],"collection":[{"href":"https:\/\/contraluzcucuta.co\/index.php?rest_route=\/wp\/v2\/posts"}],"about":[{"href":"https:\/\/contraluzcucuta.co\/index.php?rest_route=\/wp\/v2\/types\/post"}],"author":[{"embeddable":true,"href":"https:\/\/contraluzcucuta.co\/index.php?rest_route=\/wp\/v2\/users\/1"}],"replies":[{"embeddable":true,"href":"https:\/\/contraluzcucuta.co\/index.php?rest_route=%2Fwp%2Fv2%2Fcomments&post=34518"}],"version-history":[{"count":1,"href":"https:\/\/contraluzcucuta.co\/index.php?rest_route=\/wp\/v2\/posts\/34518\/revisions"}],"predecessor-version":[{"id":34520,"href":"https:\/\/contraluzcucuta.co\/index.php?rest_route=\/wp\/v2\/posts\/34518\/revisions\/34520"}],"wp:featuredmedia":[{"embeddable":true,"href":"https:\/\/contraluzcucuta.co\/index.php?rest_route=\/wp\/v2\/media\/34519"}],"wp:attachment":[{"href":"https:\/\/contraluzcucuta.co\/index.php?rest_route=%2Fwp%2Fv2%2Fmedia&parent=34518"}],"wp:term":[{"taxonomy":"category","embeddable":true,"href":"https:\/\/contraluzcucuta.co\/index.php?rest_route=%2Fwp%2Fv2%2Fcategories&post=34518"},{"taxonomy":"post_tag","embeddable":true,"href":"https:\/\/contraluzcucuta.co\/index.php?rest_route=%2Fwp%2Fv2%2Ftags&post=34518"}],"curies":[{"name":"wp","href":"https:\/\/api.w.org\/{rel}","templated":true}]}}