{"id":34505,"date":"2019-07-15T21:20:52","date_gmt":"2019-07-16T02:20:52","guid":{"rendered":"http:\/\/contraluzcucuta.co\/?p=34505"},"modified":"2019-07-15T21:20:55","modified_gmt":"2019-07-16T02:20:55","slug":"mano-a-mano-con-miguel-nino-el-futbol-no-tiene-sabados-ni-domingos-ni-festivos","status":"publish","type":"post","link":"https:\/\/contraluzcucuta.co\/?p=34505","title":{"rendered":"MANO A MANO CON MIGUEL NI\u00d1O. El f\u00fatbol no tiene s\u00e1bados, ni domingos, ni festivos."},"content":{"rendered":"\n<p class=\"wp-block-paragraph\">Miguel Ni\u00f1o, bogotano, se considera apasionado\ndel deporte, especialmente del f\u00fatbol. Procede de una familia dedicada a la\nmedicina y llega con amplia experiencia para aportar al cuidado y la prevenci\u00f3n\nde la plantilla del C\u00facuta Deportivo, en este semestre.&nbsp; Habl\u00f3 sobre su vida, la trayectoria, las\nlesiones que ha asumido y de otros asuntos que guarda este hombre experimentado.<\/p>\n\n\n\n<p class=\"wp-block-paragraph\"><strong>\u00bfQui\u00e9n\nes Miguel Ni\u00f1o?<\/strong><\/p>\n\n\n\n<ul class=\"wp-block-list\"><li><em>Nac\u00ed en Bogot\u00e1, mi familia paterna es de Paipa (Boyac\u00e1) y\nla materna, de la zona de Sumapaz (Cundinamarca). Mi padre estudi\u00f3 medicina en\nla Universidad Javeriana, trabaj\u00f3 como m\u00e9dico general y fue director de varios\nhospitales en Cundinamarca y Boyac\u00e1. Mi madre era enfermera, se conocieron y\nformaron el hogar, se radicaron en Bogot\u00e1, donde nacimos. Tengo cuatro hermanas,\nsoy el \u00fanico hijo var\u00f3n. Estudi\u00e9 en el Seminario de Duitama y me gustaban los\ntemas de biolog\u00eda y matem\u00e1ticas. Entr\u00e9 a estudiar medicina en la Javeriana, termin\u00e9\nmi carrera como cirujano. Hice el internado en el hospital de Chiquinquir\u00e1 y\nluego me fui para Medina (Cundinamarca). <\/em><\/li><\/ul>\n\n\n\n<p class=\"wp-block-paragraph\"><strong>\u00bfPor\nqu\u00e9 la medicina y el deporte en su vida?<\/strong><\/p>\n\n\n\n<ul class=\"wp-block-list\"><li><em>Crec\u00ed en el entorno de la medicina, en los hospitales. Mi\npadre quer\u00eda que entr\u00e1ramos por el \u00e1rea de la salud. La menor no quiso, estudi\u00f3\nadministraci\u00f3n de empresas. Mi hermana mayor es odont\u00f3loga; la otra es enferma,\nestoy yo que soy m\u00e9dico cirujano; otra es terapeuta.&nbsp; Cuando lleg\u00f3 el momento de la especializaci\u00f3n\nten\u00eda dos opciones, la cardiolog\u00eda o medicina deportiva, que apenas empezaba en\nel pa\u00eds, eso fue hace 20 a\u00f1os. Estudi\u00e9 en la Universidad del Bosque. Fueron 3\na\u00f1os. <\/em><\/li><\/ul>\n\n\n\n<p class=\"wp-block-paragraph\"><strong>\u00bfTuvo\ndificultades econ\u00f3micas a la hora de iniciar la carrera de medicina?<\/strong><\/p>\n\n\n\n<ul class=\"wp-block-list\"><li><em>Tanto mi familia paterna como materna ven\u00edan del campo. A\nmi abuelo lo asesinaron en la \u00e9poca de la violencia, por eso a mi abuela, mi\nmadre y mis t\u00edas les toc\u00f3 emigrar para Bogot\u00e1, perdieron las fincas en Sumapaz.\nMi padre por eso nos sac\u00f3 con mucho esfuerzo adelante, sin ning\u00fan lujo, pero procuraba\nque no nos faltara nada, que tuvi\u00e9ramos lo m\u00ednimo. Eso nos ayud\u00f3 a valorar cada\ncosa. Cuando termin\u00e9 mi carrera y ven\u00eda la especializaci\u00f3n todos los gastos\ncorrieron por cuenta m\u00eda. Trabajaba horario corrido en urgencias. Nunca me falt\u00f3\nnada ni pas\u00e9 necesidades gracias a Dios.<\/em><\/li><\/ul>\n\n\n\n<p class=\"wp-block-paragraph\"><strong>\u00bfCu\u00e1l\nfue el primer equipo de f\u00fatbol profesional que le dio la oportunidad de debutar\ncomo m\u00e9dico? <\/strong><\/p>\n\n\n\n<ul class=\"wp-block-list\"><li><em>Ten\u00eda trabajo estable en Bogot\u00e1, me desempe\u00f1aba como\nm\u00e9dico de planta en urgencias. En el tercer a\u00f1o de mi especializaci\u00f3n recib\u00ed\nuna llamada del m\u00e9dico del Deportivo Cali, el doctor Fernando Motta, necesitaba\ndos m\u00e9dicos para las inferiores del cuadro azucarero. Hab\u00eda llamado a un chico\nque hab\u00eda terminado su carrera en la Universidad de Antioquia y alguien le dio\nmi n\u00famero y le comentaron que me estaba yendo bien en la especializaci\u00f3n. En\nese momento hac\u00eda las pasant\u00edas en Millonarios. Le dije que me faltaban seis\nmeses para graduarme y respondi\u00f3 que no importaba. Fue el club en el que debut\u00e9\ncomo m\u00e9dico profesional. Trabaj\u00e9 con las divisiones inferiores, estaba como\nt\u00e9cnico Fernando \u2018Pecoso\u2019 Castro y Cheche\nHern\u00e1ndez como asistente. <\/em><\/li><\/ul>\n\n\n\n<p class=\"wp-block-paragraph\"><strong>\u00bfC\u00f3mo llega la oportunidad de estar con&nbsp; Am\u00e9rica de Cali?<\/strong><strong><\/strong><\/p>\n\n\n\n<ul class=\"wp-block-list\"><li><em>En el Deportivo Cali hicimos un buen trabajo, organizamos\nel restaurante &nbsp;escolar y las\nvaloraciones en las divisiones inferiores. Recib\u00ed una llamada del presidente\ndel Am\u00e9rica, en esa \u00e9poca (1996), \u00c1lvaro Mu\u00f1oz Castro, y la oferta para organizar\nlas divisiones inferiores. Desde el punto de vista m\u00e9dico quer\u00edan reproducir lo\nque hab\u00eda hecho en Deportivo Cali. &nbsp;Dur\u00e9\n6 a\u00f1os con Am\u00e9rica y cuando el doctor H\u00e9ctor Fabio Cruz iba a selecci\u00f3n yo\nestaba con el plantel profesional. <\/em><\/li><\/ul>\n\n\n\n<p class=\"wp-block-paragraph\"><strong>\u00bfQu\u00e9\nrecuerda de su primer partido profesional como m\u00e9dico?<\/strong><\/p>\n\n\n\n<ul class=\"wp-block-list\"><li><em>Fue en el Campin, de visitante, era Millonarios contra\nCali. Recuerdo que en alguna falta o decisi\u00f3n arbitral casi me peleo con el\nm\u00e9dico Juan Carlos Galvis, del equipo azul. Ah\u00ed aprend\u00ed lo que es la pasi\u00f3n del\nf\u00fatbol en cada partido. Uno pelea y defiende el club donde labora, ah\u00ed uno\nentiende que todos vamos por el triunfo. <\/em><\/li><\/ul>\n\n\n\n<p class=\"wp-block-paragraph\"><strong>\u00bfDespu\u00e9s\nde su paso por Cali y Am\u00e9rica, donde fue el siguiente destino laboral?<\/strong><\/p>\n\n\n\n<ul class=\"wp-block-list\"><li><em>Cambi\u00e9 un poco mi ambiente. Acept\u00e9 una oferta de Coldeportes\nen el Centro de Alto Rendimiento de Bogot\u00e1. Ah\u00ed aprend\u00ed de fisiolog\u00eda, de\ncontrol bioqu\u00edmico, experiment\u00e9 y adquir\u00ed conocimientos sobre otros deportes,\nfui m\u00e9dico de taekwondo, karate, lucha, yudo. Casi completo el ciclo ol\u00edmpico,\nestuve en Juegos Bolivarianos, Sudamericanos, Centroamericanos, Panamericanos.\nLamentablemente, cuando ten\u00eda varios deportistas clasificados a los Juegos\nOl\u00edmpicos en Atenas por un tema pol\u00edtico y administrativo me bajaron de esos Juegos.&nbsp; <\/em><\/li><\/ul>\n\n\n\n<p class=\"wp-block-paragraph\"><strong>\u00bfPor\nqu\u00e9 lleg\u00f3 a Independiente Santa Fe?<\/strong><\/p>\n\n\n\n<ul class=\"wp-block-list\"><li><em>El objetivo en Coldeportes era estar en los Ol\u00edmpicos, y\nen vista de que no pude asistir,&nbsp; tom\u00e9 la\noportunidad de ir a Santa Fe. En ese momento estaba el profesor Jaime de la\nPava con&nbsp; quien hab\u00eda compartido t\u00edtulos\nen Am\u00e9rica. Decid\u00ed dejar un mundo que conten\u00eda intrigas, pol\u00edtica, era el\ndeporte asociado de Coldeportes y el Comit\u00e9 Ol\u00edmpico. Por eso retorn\u00e9 al f\u00fatbol\ncon el equipo cardenal. <\/em><\/li><\/ul>\n\n\n\n<p class=\"wp-block-paragraph\"><strong>\u00bfC\u00f3mo\nlleg\u00f3 y qu\u00e9 recuerda del paso por Academia F.C?<\/strong><\/p>\n\n\n\n<ul class=\"wp-block-list\"><li><em>Recib\u00ed la propuesta de Compensar, que hab\u00eda sacado un\nequipo de f\u00fatbol, antes ten\u00edan divisiones inferiores, las cuales atend\u00eda y\ndespu\u00e9s formaron Academia F.C. Fue un proyecto atractivo, interesante, con la\nfinalidad de llevar ese equipo a primera divisi\u00f3n en 5 a\u00f1os. A los 3 a\u00f1os\ntuvimos la oportunidad de disputar semifinales y finales, una con Pereira y la\nperdimos, otra con Envigado y luego contra Real Cartagena, tambi\u00e9n salimos\nderrotados. Tal vez falt\u00f3 experiencia en los t\u00e9cnicos, pero en l\u00edneas generales\nfue un bonito proyecto. <\/em><\/li><\/ul>\n\n\n\n<p class=\"wp-block-paragraph\"><strong>\u00bfC\u00f3mo fue\nel paso a la Federaci\u00f3n Colombiana de F\u00fatbol?<\/strong><\/p>\n\n\n\n<ul class=\"wp-block-list\"><li><em>Estaba en un torneo infantil de f\u00fatbol en Cartagena y\nrecib\u00ed una llamada de la Federaci\u00f3n. Me dijeron que me presentara a entrevista\ncon el presidente Luis Bedoya y el profesor Jorge Luis Pinto, eso ocurri\u00f3 en el\n2007. Nunca los hab\u00eda visto.&nbsp; Pinto manejaba\nun tema fuerte y exigente en cuando a la disciplina, y as\u00ed empec\u00e9. Luego lleg\u00f3\nEduardo Lara y cambi\u00f3 el cuerpo m\u00e9dico. Posteriormente, \u2018Bolillo\u2019 G\u00f3mez dirig\u00eda\na Santa Fe y tom\u00f3 las riendas de la selecci\u00f3n, hizo un cambio y el cuerpo\nm\u00e9dico del equipo cardenal era el mismo para Colombia. Nos mantuvimos con\nLeonel y despu\u00e9s la llegada de Pekerman. <\/em><\/li><\/ul>\n\n\n\n<p class=\"wp-block-paragraph\"><strong>\u00bfC\u00f3mo\ntom\u00f3 la llegada de Jos\u00e9 N\u00e9stor Pekerman a la selecci\u00f3n?<\/strong><\/p>\n\n\n\n<ul class=\"wp-block-list\"><li><em>En el 2012, lleg\u00f3 Jos\u00e9 N\u00e9stor Pekerman, y aspiraba a tener\nun tipo de entrevistas con \u00e9l y que decidiera cu\u00e1l de los dos m\u00e9dicos quer\u00eda\ntener a su lado. Quer\u00eda traer un doctor argentino, legalmente era complicado,\nporque ten\u00eda que convalidar el t\u00edtulo, sacar la licencia. Lastimosamente nunca\nse present\u00f3 la oportunidad de hablar con ese cuerpo t\u00e9cnico que eran Pekerman,\nGarabello, Camps, simplemente no se dieron los espacios para conocerlos. Para\nm\u00ed fue desmotivador. En septiembre de 2012, present\u00e9 mi carta de renuncia,\nsent\u00ed que hab\u00eda cumplido un ciclo y me retir\u00e9 del f\u00fatbol para regresar al\ndeporte asociado y al instituto de recreaci\u00f3n y deporte para dirigir la parte\nmedica durante 4 a\u00f1os. <\/em><\/li><\/ul>\n\n\n\n<p class=\"wp-block-paragraph\"><strong>\u00bfQu\u00e9 es\nlo m\u00e1s dif\u00edcil de esta profesi\u00f3n?<\/strong><\/p>\n\n\n\n<ul class=\"wp-block-list\"><li><em>A veces, es mantener buenas relaciones humanas, entender a\nlos dem\u00e1s y conservar un excelente ambiente laboral. Eso es lo m\u00e1s dif\u00edcil,\nentender al ser humano.<\/em><\/li><\/ul>\n\n\n\n<p class=\"wp-block-paragraph\"><strong>\u00bfQu\u00e9\nsacrificios ha hecho durante su carrera?<\/strong><\/p>\n\n\n\n<ul class=\"wp-block-list\"><li><em>Nunca tuve sacrificios, m\u00e1s bien los llamo inversiones. El\ntiempo es de lo que m\u00e1s he invertido para los deportistas y ese tiempo se lo\nquita&nbsp; a uno mismo o a la familia. El\ndeporte es apasionante, el f\u00fatbol no tiene s\u00e1bados, ni domingos, ni festivos,\nde pronto tienes un descanso el martes, pero los ni\u00f1os estudian y no tienes\ntiempo de compartir con ellos. Esa es la parte m\u00e1s dif\u00edcil. Quiz\u00e1s eso es lo\nque mucha gente no comprende, mientras unos descansan o se recrean, pasan\ntiempo con la familia, para los deportistas y quienes laboramos en el \u00e1mbito\ndel deporte son d\u00edas de trabajo y no puedes ver a tus seres queridos. <\/em><\/li><\/ul>\n\n\n\n<p class=\"wp-block-paragraph\"><strong>\u00bfCu\u00e1les\nhan sido las tres lesiones m\u00e1s fuertes que le ha tocado vivir?<\/strong><\/p>\n\n\n\n<p class=\"wp-block-paragraph\"><em>&#8211; TRES.\nUna fractura de tibia de un jugador de Primera C, que le marc\u00f3 la salida temprana\ndel futbol. Por lo general esa lesi\u00f3n es tr\u00e1gica y fuerte. <\/em><\/p>\n\n\n\n<p class=\"wp-block-paragraph\"><em>&#8211; DOS. En\nel mundial Femenino de Mayores, Catalina Usme tuvo una lesi\u00f3n de cruzado\nanterior, de ligamentos y meniscos. Estaba en Alemania y en plena competencia\nle ocurri\u00f3. <\/em><\/p>\n\n\n\n<p class=\"wp-block-paragraph\"><em>&#8211; UNO. La\nm\u00e1s dura, fue la fractura de cara de un chico de la Academia Compensar. Tambi\u00e9n\npas\u00e9 un susto grande con otro jugador de Academia durante una pr\u00e1ctica. Se\ndesplom\u00f3 y tuvo par\u00e1lisis de medio cuerpo. El jugador se retir\u00f3 temprano de su\ncarrera futbolista. <\/em><\/p>\n\n\n\n<p class=\"wp-block-paragraph\"><strong>\u00bfEn qu\u00e9\nha cambiado la medicina deportiva?<\/strong><\/p>\n\n\n\n<ul class=\"wp-block-list\"><li><em>Antes, hac\u00edamos mucho ojo cl\u00ednico; ahora, sigue siendo\nimportante la cl\u00ednica para ver al jugador, ver el gesto, examinarlo, pero hay\nherramientas que nos ayudan a hacer control de las cargas del entrenamiento. En\nla parte de la bioqu\u00edmica controlamos par\u00e1metros, hormonas, sangre. En antropom\u00e9trica\ncontrolamos la grasa y la masa muscular, utilizamos los chalecos GPS donde\nmiramos la distancia recorrida, el n\u00famero de piques que hace el jugador, el\npromedio de velocidad. Igualmente, monitores para seguir la condici\u00f3n cardiaca.\nLa tecnolog\u00eda se aplica al f\u00fatbol para prevenir lesiones y optimizar el\nrendimiento.<\/em><\/li><\/ul>\n\n\n\n<p class=\"wp-block-paragraph\"><strong>\u00bfQu\u00e9\ntal le va con la docencia universitaria?<\/strong><\/p>\n\n\n\n<ul class=\"wp-block-list\"><li><em>Me gusta esa experiencia. He trabajo en m\u00faltiples universidades\ncomo docente y directivo. Fui profesor en la Escuela Nacional del Deporte, en\nla Universidad Mar\u00eda Cano (Cali), en la Santo Tom\u00e1s (Bogot\u00e1), la Javeriana, El\nBosque y en la Sergio Arboleda, en la direcci\u00f3n&nbsp;\ndel programa de cultura f\u00edsica y salud.<\/em><\/li><\/ul>\n\n\n\n<p class=\"wp-block-paragraph\"><strong>\u00bfC\u00f3mo\npodemos describir a Miguel Ni\u00f1o?<\/strong><\/p>\n\n\n\n<ul class=\"wp-block-list\"><li>Soy un apasionado dedicado\na mi tarea, en este caso al f\u00fatbol, al C\u00facuta. En un entrenamiento o un partido\nse me olvida el resto. Trato ser justo y acad\u00e9mico. No me gusta improvisar.\nVivo enamorado de la medicina y del deporte, especialmente del f\u00fatbol.&nbsp;&nbsp; <\/li><\/ul>\n\n\n\n<p class=\"wp-block-paragraph\"><strong>JORDY\nORLANDO CRUZ <\/strong><\/p>\n","protected":false},"excerpt":{"rendered":"<p>Miguel Ni\u00f1o, bogotano, se considera apasionado del deporte, especialmente del f\u00fatbol. Procede de una familia dedicada a la medicina y llega con amplia experiencia para aportar al cuidado y la prevenci\u00f3n de la plantilla del C\u00facuta Deportivo, en este semestre.&nbsp; Habl\u00f3 sobre su vida, la trayectoria, las lesiones que ha asumido y de otros asuntos &hellip;<\/p>\n","protected":false},"author":1,"featured_media":34506,"comment_status":"open","ping_status":"open","sticky":false,"template":"","format":"standard","meta":{"footnotes":""},"categories":[4,28],"tags":[4378,4618,4617],"class_list":["post-34505","post","type-post","status-publish","format-standard","has-post-thumbnail","hentry","category-barra","category-vistazo-deportivo","tag-cucuta-deportivo-2019","tag-medicina-deportiva","tag-miguel-nino"],"_links":{"self":[{"href":"https:\/\/contraluzcucuta.co\/index.php?rest_route=\/wp\/v2\/posts\/34505","targetHints":{"allow":["GET"]}}],"collection":[{"href":"https:\/\/contraluzcucuta.co\/index.php?rest_route=\/wp\/v2\/posts"}],"about":[{"href":"https:\/\/contraluzcucuta.co\/index.php?rest_route=\/wp\/v2\/types\/post"}],"author":[{"embeddable":true,"href":"https:\/\/contraluzcucuta.co\/index.php?rest_route=\/wp\/v2\/users\/1"}],"replies":[{"embeddable":true,"href":"https:\/\/contraluzcucuta.co\/index.php?rest_route=%2Fwp%2Fv2%2Fcomments&post=34505"}],"version-history":[{"count":1,"href":"https:\/\/contraluzcucuta.co\/index.php?rest_route=\/wp\/v2\/posts\/34505\/revisions"}],"predecessor-version":[{"id":34507,"href":"https:\/\/contraluzcucuta.co\/index.php?rest_route=\/wp\/v2\/posts\/34505\/revisions\/34507"}],"wp:featuredmedia":[{"embeddable":true,"href":"https:\/\/contraluzcucuta.co\/index.php?rest_route=\/wp\/v2\/media\/34506"}],"wp:attachment":[{"href":"https:\/\/contraluzcucuta.co\/index.php?rest_route=%2Fwp%2Fv2%2Fmedia&parent=34505"}],"wp:term":[{"taxonomy":"category","embeddable":true,"href":"https:\/\/contraluzcucuta.co\/index.php?rest_route=%2Fwp%2Fv2%2Fcategories&post=34505"},{"taxonomy":"post_tag","embeddable":true,"href":"https:\/\/contraluzcucuta.co\/index.php?rest_route=%2Fwp%2Fv2%2Ftags&post=34505"}],"curies":[{"name":"wp","href":"https:\/\/api.w.org\/{rel}","templated":true}]}}