{"id":34502,"date":"2019-07-15T20:15:19","date_gmt":"2019-07-16T01:15:19","guid":{"rendered":"http:\/\/contraluzcucuta.co\/?p=34502"},"modified":"2019-07-15T20:15:21","modified_gmt":"2019-07-16T01:15:21","slug":"feria-de-cucuta-decretadas-tardes-civicas-para-el-desarrollo-del-carnaval","status":"publish","type":"post","link":"https:\/\/contraluzcucuta.co\/?p=34502","title":{"rendered":"FERIA DE C\u00daCUTA. Decretadas tardes c\u00edvicas para el desarrollo del carnaval"},"content":{"rendered":"\n<p class=\"wp-block-paragraph\" style=\"text-align:right\"><strong>C\u00daCUTA.<\/strong>&#8211; <strong><em>El desfile de carrozas, este mi\u00e9rcoles, marca la apertura de la cuarta versi\u00f3n de la Feria de C\u00facuta. Las fiestas se extender\u00e1n hasta el domingo, y comprender\u00e1n actividades culturales, conciertos, cabalgatas y reinado. El alcalde C\u00e9sar Rojas, para permitir la participaci\u00f3n de los cucute\u00f1os, decret\u00f3 tardes c\u00edvicas del 17 al 19 de julio.<\/em><\/strong><\/p>\n\n\n\n<p class=\"wp-block-paragraph\">Se espera que m\u00e1s de 40.000 cucute\u00f1os y\nvisitantes disfruten de esta celebraci\u00f3n carnavalesca. Las ediciones anteriores\nhan generado hasta 5000 empleos indirectos, lo que ha favorecido a la econom\u00eda local.\nEste a\u00f1o, los empresarios de la ciudad se han vinculado al desarrollo de la\nferia.<\/p>\n\n\n\n<p class=\"wp-block-paragraph\">El alcalde Rojas destac\u00f3 la importancia de los\neventos culturales que se llevar\u00e1n a cabo en el carnaval del duende. Del 17 al\n21 de julio, habr\u00e1 cierre parcial y total de v\u00edas para permitir el recorrido de\ncomparsas, carrozas, cabalgatas y desfiles. <\/p>\n\n\n\n<p class=\"wp-block-paragraph\">El comandante de la polic\u00eda metropolitana coronel\nJos\u00e9 Luis Palomino, explic\u00f3 lo relacionado con la seguridad en las calles\ndurante las festividades. Las tardes c\u00edvicas estar\u00e1n comprendidas entre las 2:00\ny las 6:00 de la tarde, para darle la oportunidad a la comunidad de que se\nintegre y viva la alegr\u00eda de la Feria.<\/p>\n\n\n\n<p class=\"wp-block-paragraph\">C\u00e9sar Rojas, en los cuatro a\u00f1os de gobierno, impuls\u00f3\nel renacimiento de las fiestas cucute\u00f1as para posicionar a la perla del norte\ncomo escenario de grandes eventos.<\/p>\n\n\n\n<p class=\"wp-block-paragraph\">&#8220;El valor agregado de la Feria de C\u00facuta\nes que creamos en lo nuestro para&nbsp; posicionar\na la ciudad\u201d, dijo el Alcalde. Invit\u00f3 al pr\u00f3ximo alcalde, que ser\u00e1 elegido el\n27 de octubre, para que siga con esta tradici\u00f3n. Solicit\u00f3 al gobierno central que\nle d\u00e9 la importancia de carnaval como en otras ciudades del pa\u00eds. <\/p>\n\n\n\n<p class=\"wp-block-paragraph\">\u201cHay muchos cucute\u00f1os que quieren participar activamente\nen estos eventos y es momento de hacerlo&#8221;, agreg\u00f3 el alcalde Rojas.<\/p>\n\n\n\n<p class=\"wp-block-paragraph\">Las siguientes son algunas de las actividades\nque se cumplir\u00e1n en los pr\u00f3ximos d\u00edas:<\/p>\n\n\n\n<p class=\"wp-block-paragraph\">1.- Desfile de Carrozas. &#8220;Carnaval del\nDuende&#8221;.&nbsp;&nbsp;&nbsp;&nbsp;&nbsp; 4:00 de la tarde del\nmi\u00e9rcoles. 17 de julio.&nbsp;&nbsp;&nbsp;&nbsp; Salida del Parque\nLineal y llegada a El Malec\u00f3n.<\/p>\n\n\n\n<p class=\"wp-block-paragraph\">2.- Serenata a C\u00facuta. 7:00 de la noche en El Malec\u00f3n.<\/p>\n\n\n\n<p class=\"wp-block-paragraph\">3.- Feria Artesanal y Empresarial. 11:00 de\nla ma\u00f1ana a 11:00 de la noche, en El Malec\u00f3n.<\/p>\n\n\n\n<p class=\"wp-block-paragraph\">4.- Tropiconcierto.&nbsp;&nbsp;&nbsp;&nbsp;&nbsp; 8:00 de la noche en El &nbsp;&nbsp;&nbsp;&nbsp;&nbsp;&nbsp;&nbsp; Malec\u00f3n.<\/p>\n","protected":false},"excerpt":{"rendered":"<p>C\u00daCUTA.&#8211; El desfile de carrozas, este mi\u00e9rcoles, marca la apertura de la cuarta versi\u00f3n de la Feria de C\u00facuta. Las fiestas se extender\u00e1n hasta el domingo, y comprender\u00e1n actividades culturales, conciertos, cabalgatas y reinado. El alcalde C\u00e9sar Rojas, para permitir la participaci\u00f3n de los cucute\u00f1os, decret\u00f3 tardes c\u00edvicas del 17 al 19 de julio. Se &hellip;<\/p>\n","protected":false},"author":1,"featured_media":34503,"comment_status":"open","ping_status":"open","sticky":false,"template":"","format":"standard","meta":{"footnotes":""},"categories":[2625,4],"tags":[536,3029],"class_list":["post-34502","post","type-post","status-publish","format-standard","has-post-thumbnail","hentry","category-alcaldia-de-cucuta","category-barra","tag-desfile-de-carrozas-en-cucuta","tag-feria-de-cucuta"],"_links":{"self":[{"href":"https:\/\/contraluzcucuta.co\/index.php?rest_route=\/wp\/v2\/posts\/34502","targetHints":{"allow":["GET"]}}],"collection":[{"href":"https:\/\/contraluzcucuta.co\/index.php?rest_route=\/wp\/v2\/posts"}],"about":[{"href":"https:\/\/contraluzcucuta.co\/index.php?rest_route=\/wp\/v2\/types\/post"}],"author":[{"embeddable":true,"href":"https:\/\/contraluzcucuta.co\/index.php?rest_route=\/wp\/v2\/users\/1"}],"replies":[{"embeddable":true,"href":"https:\/\/contraluzcucuta.co\/index.php?rest_route=%2Fwp%2Fv2%2Fcomments&post=34502"}],"version-history":[{"count":1,"href":"https:\/\/contraluzcucuta.co\/index.php?rest_route=\/wp\/v2\/posts\/34502\/revisions"}],"predecessor-version":[{"id":34504,"href":"https:\/\/contraluzcucuta.co\/index.php?rest_route=\/wp\/v2\/posts\/34502\/revisions\/34504"}],"wp:featuredmedia":[{"embeddable":true,"href":"https:\/\/contraluzcucuta.co\/index.php?rest_route=\/wp\/v2\/media\/34503"}],"wp:attachment":[{"href":"https:\/\/contraluzcucuta.co\/index.php?rest_route=%2Fwp%2Fv2%2Fmedia&parent=34502"}],"wp:term":[{"taxonomy":"category","embeddable":true,"href":"https:\/\/contraluzcucuta.co\/index.php?rest_route=%2Fwp%2Fv2%2Fcategories&post=34502"},{"taxonomy":"post_tag","embeddable":true,"href":"https:\/\/contraluzcucuta.co\/index.php?rest_route=%2Fwp%2Fv2%2Ftags&post=34502"}],"curies":[{"name":"wp","href":"https:\/\/api.w.org\/{rel}","templated":true}]}}