{"id":34473,"date":"2019-07-07T19:28:57","date_gmt":"2019-07-08T00:28:57","guid":{"rendered":"http:\/\/contraluzcucuta.co\/?p=34473"},"modified":"2019-07-07T19:29:00","modified_gmt":"2019-07-08T00:29:00","slug":"%ef%bb%bfferia-de-cucuta-circuitos-culturales-festival-sinfonico-y-reinado","status":"publish","type":"post","link":"https:\/\/contraluzcucuta.co\/?p=34473","title":{"rendered":"\ufeffFERIA DE C\u00daCUTA. Circuitos culturales, festival sinf\u00f3nico y reinado"},"content":{"rendered":"\n<p class=\"wp-block-paragraph\" style=\"text-align:right\"><strong>C\u00daCUTA.-<\/strong> <strong><em>La cuarta versi\u00f3n de la Feria de C\u00facuta permitir\u00e1 a cucute\u00f1os y visitantes disfrutar de actividades y eventos culturales de diversa \u00edndole. El espacio de preferia se extender\u00e1 hasta el 16 de julio y ser\u00e1 el abrebocas de lo que se vivir\u00e1 del 17 al 21 de este mes, en la Perla del Norte.<\/em><\/strong><\/p>\n\n\n\n<p class=\"wp-block-paragraph\">El recorrido de los circuitos culturales y la\nferia infantil, por las 10 comunas y dos corregimientos, durar\u00e1 12 d\u00edas. La\nversi\u00f3n 56 de la feria agropecuaria y equina y Expo de Todo ser\u00e1n otros de los\neventos destacados en la antesala.<\/p>\n\n\n\n<p class=\"wp-block-paragraph\">Las candidatas al t\u00edtulo de Se\u00f1orita C\u00facuta\nse vestir\u00e1n de gala para recibir a los invitados de los barrios aleda\u00f1os, y se\nconvertir\u00e1 en la ventana abierta para mostrar a la ciudad y promover las\ncomunas y los corregimientos. La elecci\u00f3n y coronaci\u00f3n de la nueva reina se\nhar\u00e1 en el remate de la Feria.<\/p>\n\n\n\n<p class=\"wp-block-paragraph\">La feria agropecuaria, desarrollada en el Ecoparque,\npermiti\u00f3 observar exposiciones ganaderas, artesanales, mercado campesino y encuentros\n&nbsp;musicales<\/p>\n\n\n\n<p class=\"wp-block-paragraph\">La programaci\u00f3n general incluye:<\/p>\n\n\n\n<p class=\"wp-block-paragraph\">CIRCUITOS CULTURALES<\/p>\n\n\n\n<p class=\"wp-block-paragraph\">5 al 16 de julio. De 4:00 de la tarde&nbsp; a 8:00 de la noche.<\/p>\n\n\n\n<p class=\"wp-block-paragraph\">Comunas de la ciudad<\/p>\n\n\n\n<p class=\"wp-block-paragraph\">FESTIVAL SINF\u00d3NICO<\/p>\n\n\n\n<p class=\"wp-block-paragraph\">10 de julio<\/p>\n\n\n\n<p class=\"wp-block-paragraph\">4:00 de la tarde<\/p>\n\n\n\n<p class=\"wp-block-paragraph\">Teatro Municipal<\/p>\n\n\n\n<p class=\"wp-block-paragraph\">VISITA INSTITUCIONAL<\/p>\n\n\n\n<p class=\"wp-block-paragraph\">12 de julio<\/p>\n\n\n\n<p class=\"wp-block-paragraph\">3:00 de la tarde<\/p>\n\n\n\n<p class=\"wp-block-paragraph\">Centro Comercial Oit\u00ed<\/p>\n\n\n\n<p class=\"wp-block-paragraph\">EXPODETODO<\/p>\n\n\n\n<p class=\"wp-block-paragraph\">12 al 14 de julio<\/p>\n\n\n\n<p class=\"wp-block-paragraph\">Todo el d\u00eda<\/p>\n\n\n\n<p class=\"wp-block-paragraph\">Centro Comercial Jard\u00edn Plaza<\/p>\n\n\n\n<p class=\"wp-block-paragraph\">LA LUCI\u00c9RNAGA<\/p>\n\n\n\n<p class=\"wp-block-paragraph\">13 de Julio<\/p>\n\n\n\n<p class=\"wp-block-paragraph\">7:00 de la noche<\/p>\n\n\n\n<p class=\"wp-block-paragraph\">Las Cascadas de El Malec\u00f3n<\/p>\n\n\n\n<p class=\"wp-block-paragraph\">EL COMERCIO SE VISTE DE FERIA<\/p>\n\n\n\n<p class=\"wp-block-paragraph\">16 de julio<\/p>\n\n\n\n<p class=\"wp-block-paragraph\">10:00 de la noche<\/p>\n\n\n\n<p class=\"wp-block-paragraph\">Comercio de C\u00facuta<\/p>\n","protected":false},"excerpt":{"rendered":"<p>C\u00daCUTA.- La cuarta versi\u00f3n de la Feria de C\u00facuta permitir\u00e1 a cucute\u00f1os y visitantes disfrutar de actividades y eventos culturales de diversa \u00edndole. El espacio de preferia se extender\u00e1 hasta el 16 de julio y ser\u00e1 el abrebocas de lo que se vivir\u00e1 del 17 al 21 de este mes, en la Perla del Norte. &hellip;<\/p>\n","protected":false},"author":1,"featured_media":34474,"comment_status":"open","ping_status":"open","sticky":false,"template":"","format":"standard","meta":{"footnotes":""},"categories":[2625,4],"tags":[226,3029],"class_list":["post-34473","post","type-post","status-publish","format-standard","has-post-thumbnail","hentry","category-alcaldia-de-cucuta","category-barra","tag-alcaldia-de-cucuta","tag-feria-de-cucuta"],"_links":{"self":[{"href":"https:\/\/contraluzcucuta.co\/index.php?rest_route=\/wp\/v2\/posts\/34473","targetHints":{"allow":["GET"]}}],"collection":[{"href":"https:\/\/contraluzcucuta.co\/index.php?rest_route=\/wp\/v2\/posts"}],"about":[{"href":"https:\/\/contraluzcucuta.co\/index.php?rest_route=\/wp\/v2\/types\/post"}],"author":[{"embeddable":true,"href":"https:\/\/contraluzcucuta.co\/index.php?rest_route=\/wp\/v2\/users\/1"}],"replies":[{"embeddable":true,"href":"https:\/\/contraluzcucuta.co\/index.php?rest_route=%2Fwp%2Fv2%2Fcomments&post=34473"}],"version-history":[{"count":1,"href":"https:\/\/contraluzcucuta.co\/index.php?rest_route=\/wp\/v2\/posts\/34473\/revisions"}],"predecessor-version":[{"id":34475,"href":"https:\/\/contraluzcucuta.co\/index.php?rest_route=\/wp\/v2\/posts\/34473\/revisions\/34475"}],"wp:featuredmedia":[{"embeddable":true,"href":"https:\/\/contraluzcucuta.co\/index.php?rest_route=\/wp\/v2\/media\/34474"}],"wp:attachment":[{"href":"https:\/\/contraluzcucuta.co\/index.php?rest_route=%2Fwp%2Fv2%2Fmedia&parent=34473"}],"wp:term":[{"taxonomy":"category","embeddable":true,"href":"https:\/\/contraluzcucuta.co\/index.php?rest_route=%2Fwp%2Fv2%2Fcategories&post=34473"},{"taxonomy":"post_tag","embeddable":true,"href":"https:\/\/contraluzcucuta.co\/index.php?rest_route=%2Fwp%2Fv2%2Ftags&post=34473"}],"curies":[{"name":"wp","href":"https:\/\/api.w.org\/{rel}","templated":true}]}}