{"id":34469,"date":"2019-07-06T20:35:55","date_gmt":"2019-07-07T01:35:55","guid":{"rendered":"http:\/\/contraluzcucuta.co\/?p=34469"},"modified":"2019-07-06T20:35:57","modified_gmt":"2019-07-07T01:35:57","slug":"mano-a-mano-con-garabello-ii-soy-un-apasionado-por-el-futbol","status":"publish","type":"post","link":"https:\/\/contraluzcucuta.co\/?p=34469","title":{"rendered":"MANO A MANO CON GARABELLO (II). Soy un apasionado por el f\u00fatbol"},"content":{"rendered":"\n<p class=\"wp-block-paragraph\" style=\"text-align:right\"><strong>C\u00daCUTA.-<\/strong> <strong><em>Continuamos el di\u00e1logo con Pablo Javier Garabello. En esta ocasi\u00f3n habla de los inicios en la direcci\u00f3n t\u00e9cnica, el reencuentro con Peckerman, el paso por la selecci\u00f3n Colombia y otros aspectos de la vida profesional hasta llegar al C\u00facuta Deportivo.<\/em><\/strong><\/p>\n\n\n\n<p class=\"wp-block-paragraph\"><strong>\u00bfC\u00f3mo comienza\nel proceso en la direcci\u00f3n t\u00e9cnica? <\/strong><\/p>\n\n\n\n<ul class=\"wp-block-list\"><li><em>Voy a dirigir la filial de River Plate, despu\u00e9s viaj\u00f3 a\nIrlanda para entrenar chicos de la academia Samba Soccer. Los prepar\u00e1bamos para\nllevarlos a Inglaterra. Quer\u00eda hacer el proceso desde los ni\u00f1os hasta llegar al\nfutbol profesional no quer\u00eda quemar ninguna etapa, porque sent\u00eda que ten\u00eda\ntiempo y sab\u00eda que exist\u00edan las herramientas necesarias para llevar a cabo ese\nproyecto. Despu\u00e9s, pas\u00e9 por Excursionistas, JJ Urquiza y fui ayudante de campo\nen San Miguel entre otros equipos. <\/em><\/li><\/ul>\n\n\n\n<p class=\"wp-block-paragraph\"><strong>\u00bfC\u00f3mo\nse da el reencuentro con Jos\u00e9 N\u00e9stor Pekerman y su ofrecimiento<\/strong> <strong>para integrar el cuerpo t\u00e9cnico en Toluca?<\/strong><\/p>\n\n\n\n<ul class=\"wp-block-list\"><li><em>Hac\u00eda mucho tiempo que no ve\u00eda a Jos\u00e9. El dirig\u00eda a la\nselecci\u00f3n argentina, vuelvo de Irlanda y en un vuelo de regreso a casa hago\nescala en Madrid. Me encuentro al profe Salorio, quien me hab\u00eda dirigido en\nfuerzas b\u00e1sicas, me cuenta que trabaja con Jos\u00e9. Me comenta que se har\u00eda un\nreencuentro con Jos\u00e9 y cuando se dio ese momento fue de mucha emoci\u00f3n. Pekerman\nme dice que despu\u00e9s de dejar la selecci\u00f3n se tomar\u00eda un descanso y al a\u00f1o\nsiguiente tomar\u00eda un equipo y me llevar\u00eda para trabajar en ese proyecto. Al\nprincipio no le cre\u00ed. En el 2007, suena el tel\u00e9fono en mi casa y contesta mi\nesposa cuando me dice que es Jos\u00e9 y me confirma que quiere tenerme en su equipo\nde trabajo. <\/em><\/li><\/ul>\n\n\n\n<p class=\"wp-block-paragraph\"><strong>\u00bfQu\u00e9\nrecuerda de ese paso por Toluca y que tanto aprendi\u00f3 de su estad\u00eda con el\nequipo mexicano? <\/strong><\/p>\n\n\n\n<ul class=\"wp-block-list\"><li><em>Aprend\u00ed a trabajar con jugadores profesionales con una\nalta categor\u00eda. Tener a Zihna, el paraguayo Da Silva, Vicente S\u00e1nchez fue una\nexperiencia enriquecedora. Era otro tipo de club, fue un cambio rotundo, un\naprendizaje enorme. Estaba todo el d\u00eda con el plantel. Jos\u00e9 me daba la\noportunidad de trabajar la pelota quieta. Empec\u00e9 a viajar en avi\u00f3n privado, cambi\u00f3\nel entorno. <\/em><\/li><\/ul>\n\n\n\n<p class=\"wp-block-paragraph\"><strong>\u00bfQu\u00e9\nrecuerda del primer partido de Toluca?<\/strong><\/p>\n\n\n\n<ul class=\"wp-block-list\"><li><em>Fue con Atlas 1-1, en cancha de Atlas. Ese d\u00eda llovi\u00f3. La\nsatisfacci\u00f3n de haber preparado el partido con Jos\u00e9 y alegr\u00eda de haber dado un\nsalto de calidad, con 33 a\u00f1os y estar en un partido con cancha llena, en un\nestadio hermoso y traernos ese punto tan importante.&nbsp; <\/em><\/li><\/ul>\n\n\n\n<p class=\"wp-block-paragraph\"><strong>\u00bfCuando\nlleg\u00f3 la oferta de dirigir a la Selecci\u00f3n Colombia, qu\u00e9 se le pasa por la\ncabeza?<\/strong><\/p>\n\n\n\n<ul class=\"wp-block-list\"><li><em>Recuerdo que Jos\u00e9 estaba en negociaciones con Colombia\npara dirigir. Solo rogaba, porque se diera la oportunidad de trabajar. Cuando nos\nnotifica y nos present\u00f3 en la rueda de prensa para m\u00ed fue un premio al esfuerzo\nhecho desde jugador. Aunque no fui de elite, siempre di lo mejor, tener a\njugadores de la categor\u00eda Falcao, James, Yepes fue un reto incre\u00edble. Voy a\nestar orgulloso y agradecido con esta tierra por lo que nos ha dado y la\noportunidad de hacer lo que hicimos. <\/em><\/li><\/ul>\n\n\n\n<p class=\"wp-block-paragraph\"><strong>\u00bfHac\u00eda\n15 a\u00f1os Colombia no iba a un Mundial, c\u00f3mo tomaron esa responsabilidad?<\/strong><\/p>\n\n\n\n<ul class=\"wp-block-list\"><li><em>Fue una motivaci\u00f3n o un temor. Todo fue un canal. Jos\u00e9\nnos convenci\u00f3 de que ten\u00edamos los jugadores necesarios, ten\u00edamos materia prima,\nFalcao, Z\u00fa\u00f1iga, James, todo ese grupo de hombres para hacer historia. Todo fue\nun combo de cuatro partes, nosotros con las ilusiones de hacer el trabajo bien;\nlos hinchas, la dirigencia de la Federaci\u00f3n y los jugadores. <\/em><\/li><\/ul>\n\n\n\n<p class=\"wp-block-paragraph\"><strong>\u00bfQu\u00e9\nrecuerda del partido contra Chile, en el que lograron la clasificaci\u00f3n al\nMundial de Brasil 2014?<\/strong><\/p>\n\n\n\n<ul class=\"wp-block-list\"><li><em>Era un partido para ser protagonistas; sin embargo, nos\nencontramos con un Chile arrollador. Al minuto 30, \u00edbamos 3-0 abajo en el\nmarcador. En ese momento es cuando se prueban los verdaderos t\u00e9cnicos. Nos\nreunimos con Jos\u00e9 durante 5 minutos y decidimos motivar a los jugadores para\nque entendieran que pod\u00edan darle vuelta a la historia. Gracias a Dios lo\nlogramos y con el penal de Falcao nos soltamos todos en felicidad. Entendimos\nque le hab\u00edamos dado al pueblo mucho, as\u00ed como ellos nos dieron a nosotros. Fue\nuna experiencia \u00e9pica y lo recuerdo como un colombiano m\u00e1s. <\/em><\/li><\/ul>\n\n\n\n<p class=\"wp-block-paragraph\"><strong>\u00bfQue\nrecuerda del Mundial de Brasil 2014?<\/strong><\/p>\n\n\n\n<ul class=\"wp-block-list\"><li><em>Fue impresionante. Fue el primer Mundial, ten\u00eda en ese\nmomento 41 a\u00f1os reci\u00e9n cumplidos. Fue una experiencia inolvidable. Llegar a\nCardales donde nos concentr\u00e1bamos en Argentina y dar la lista de convocados,\nsaber que ten\u00edamos la oportunidad hist\u00f3rica de representar a un pa\u00eds, fue algo\nincre\u00edble. Llegar a Brasil y tener la oportunidad de vivirlo con mi familia,\npreparar partidos contra Jap\u00f3n, Grecia, Costa de Marfil, era una adrenalina. El\nprimer juego contra los griegos, ganarlo. Tanta fue mi alegr\u00eda que en el\nprecalentamiento se me cayeron las l\u00e1grimas. Durante 30 segundos me pas\u00f3 mi\nvida deportiva. Despu\u00e9s de tanto sacrificio, estar ah\u00ed, saber que mi familia\nestaba en la tribuna, entender a los jugadores que ten\u00edamos. Atr\u00e1s estaba el\npa\u00eds que confiaba en nosotros y siempre fuimos locales. Ver la cancha llena de\namarillo me hizo sentir orgullo y las l\u00e1grimas en todo momento. <\/em><\/li><\/ul>\n\n\n\n<p class=\"wp-block-paragraph\"><strong>\u00bfC\u00f3mo\nvivi\u00f3 el gol de James Rodr\u00edguez frente a Uruguay?<\/strong><\/p>\n\n\n\n<ul class=\"wp-block-list\"><li><em>Fue un orgullo tener a ese tipo de jugador en el plantel.\nVer su cara y la de los compa\u00f1eros cuando convirti\u00f3 el gol, la satisfacci\u00f3n de\ndirigir un jugador as\u00ed, saber que hizo historia, porque fue el mejor y goleador\ndel mundial, fue emocionante. Recuerdo que est\u00e1bamos a 40 metros del arco, fue\nun gol de antolog\u00eda, como para la pelota, por el movimiento. Nos abrazamos,\nparec\u00edamos como si hubi\u00e9ramos ganado el Mundial. Soy orgullosamente argentino,\npero amo a Colombia por la gente y por lo que vivimos.<\/em><\/li><\/ul>\n\n\n\n<p class=\"wp-block-paragraph\"><strong>\u00bfQue\nfalt\u00f3 contra Brasil?<\/strong><\/p>\n\n\n\n<ul class=\"wp-block-list\"><li><em>Planificamos todo. Los jugadores intentaron hacerlo bien.\nEra un Brasil raro, porque hab\u00eda pasado de fase con dudas, despu\u00e9s perdi\u00f3 7-0\ncontra Alemania. Nos falt\u00f3 ese golpe de suerte. &nbsp;No jugamos un buen primer tiempo, en la\nsegunda parte mejoramos. Jugamos contra el local, una que otra ayuda. Me siento\norgulloso por la entrega y el sacrificio de los jugadores en esa noche.\nHab\u00edamos ganado cuatro partidos, tuvimos rivales dif\u00edciles, se hizo una\nexcelente presentaci\u00f3n. La verdad. nos falt\u00f3 un poquito. <\/em><\/li><\/ul>\n\n\n\n<p class=\"wp-block-paragraph\"><strong>\u00bfCu\u00e1l\nfue el \u00e9xito de aquel grupo de Brasil 2014?<\/strong><\/p>\n\n\n\n<ul class=\"wp-block-list\"><li><em>La entrega, la dedicaci\u00f3n, el respeto por la camiseta. La\nresponsabilidad, los m\u00e1s grandes encaminaron el grupo, Mondrag\u00f3n, Yepes, Ospina,\nJames, Z\u00fa\u00f1iga, Armero. Para m\u00ed fue ese el \u00e9xito, el compromiso por un pa\u00eds, por\nuna camiseta, eso sintetiza todo lo que hicimos. Ellos quer\u00edan hacer todo por\nColombia.<\/em><\/li><\/ul>\n\n\n\n<p class=\"wp-block-paragraph\"><strong>\u00bfQu\u00e9\nrecuerda de Rusia 2018?<\/strong><\/p>\n\n\n\n<ul class=\"wp-block-list\"><li><em>Fue mi segundo Mundial. El Mundial es como un m\u00e1ster para\nlos t\u00e9cnicos. La cabeza era Jos\u00e9, pero aportamos much\u00edsimo y es inolvidable. Ver\ncolombianos por todos lados, como Rusia organiz\u00f3 la cita orbital. Solo\ndorm\u00edamos tres o cuatro horas, porque el Mundial te consume cada detalle. Hay\nque preparar entrenamientos, ver videos, saber el estado de los jugadores. Lo\nque hicimos en 10 a\u00f1os, hacerlo en un mes, porque representas a un pa\u00eds.<\/em><\/li><\/ul>\n\n\n\n<p class=\"wp-block-paragraph\"><strong>\u00bfCu\u00e1l\nfue la eliminaci\u00f3n que m\u00e1s le doli\u00f3?<\/strong><\/p>\n\n\n\n<ul class=\"wp-block-list\"><li><em>Con Brasil, porque no perd\u00edamos y ese equipo volaba. James\nestaba en nivel superlativo. Ese equipo llegaba a cualquier lado. La de\nInglaterra tambi\u00e9n llor\u00e9, pero Brasil signific\u00f3 mucho y doli\u00f3 m\u00e1s, porque fue\nmi primer mundial.&nbsp; <\/em><\/li><\/ul>\n\n\n\n<p class=\"wp-block-paragraph\"><strong>\u00bfC\u00f3mo\nes P\u00e9kerman dentro y fuera de la cancha?<\/strong><\/p>\n\n\n\n<ul class=\"wp-block-list\"><li><em>Como jefe es exigente, est\u00e1 en los m\u00ednimos detalles, da libertad\npara trabajar. Yo estaba con los volantes, la pelota parada a favor, con los esparrin\niguales que el rival, ten\u00eda participaci\u00f3n con los asistentes. Como persona, es incre\u00edble,\nserio, sencillo, un padre, buena gente. La humildad lo hace grande, es un\napasionado del f\u00fatbol. Pod\u00edas hablar 10 horas sobre la pelota y no se cansaba.\nPara m\u00ed fue como el segundo padre futbol\u00edstico. <\/em><\/li><\/ul>\n\n\n\n<p class=\"wp-block-paragraph\"><strong>\u00bfSiente\nque si Colombia busca a Pekerman, dir\u00eda que s\u00ed?<\/strong><\/p>\n\n\n\n<ul class=\"wp-block-list\"><li><em>Creo que s\u00ed. Se fue agradecido con el pa\u00eds, con la gente,\ncon los jugadores. As\u00ed que no me cabe la menor duda de que dir\u00eda que s\u00ed.&nbsp; <\/em><\/li><\/ul>\n\n\n\n<p class=\"wp-block-paragraph\"><strong>\u00bfC\u00f3mo\nllega el C\u00facuta Deportivo a su vida?<\/strong><\/p>\n\n\n\n<ul class=\"wp-block-list\"><li><em>En diciembre me llam\u00f3 Jos\u00e9 Augusto, por referencia de\nvarios jugadores de la selecci\u00f3n. Me ofreci\u00f3 el equipo y es un orgullo para m\u00ed.\nEra un equipo ascendido, le digo s\u00ed y la \u00fanica condici\u00f3n era que ten\u00eda que\navisarle a Jos\u00e9 por gratitud, respeto, y era lo correcto. Pens\u00e9 que estaba\nliberado. Hab\u00eda una oferta de China y quer\u00eda contar conmigo, en un momento me\ndio tristeza, porque ten\u00eda la ilusi\u00f3n de venir a C\u00facuta. Luego, me vuelven a\ncontactar. Me comenta lo que pas\u00f3 con M\u00e9ndez y de una agarro el equipo. Era un\nsi definitivo. <\/em><\/li><\/ul>\n\n\n\n<p class=\"wp-block-paragraph\"><strong>\u00bfQu\u00e9\nvio del C\u00facuta Deportivo que lo motiv\u00f3 a venir?<\/strong><\/p>\n\n\n\n<ul class=\"wp-block-list\"><li><em>La historia del club, hab\u00eda estado en Copa Libertadores,\nenfrent\u00f3 a un equipo en donde yo hab\u00eda estado, el Toluca; el triunfo contra\nBoca fue hist\u00f3rico, que hab\u00eda jugado el argentino \u2018Burrito\u2019 Mart\u00ednez, la\nhistoria de la ciudad y del plantel. Me hab\u00eda hecho un hincha m\u00e1s, lo vi desde cuando\nestaba en el primer puesto. Desde el inicio Jos\u00e9 Augusto me habl\u00f3 con la\nverdad, fue un tipo serio, me dijo en qu\u00e9 pod\u00eda gastar, cu\u00e1l era la base de jugadores.\nL\u00f3gico, hice la evaluaci\u00f3n de los refuerzos y tom\u00e9 vuelo para C\u00facuta. <\/em><\/li><\/ul>\n\n\n\n<p class=\"wp-block-paragraph\"><strong>\u00bfC\u00f3mo\nllegaron Federico Mociulsky y Omar Olgu\u00edn?<\/strong><\/p>\n\n\n\n<ul class=\"wp-block-list\"><li><em>A Federico lo conoc\u00ed cuando era jugador m\u00edo en Atlanta. Hab\u00eda\ntrabajado en ese equipo hac\u00eda 17 a\u00f1os, despu\u00e9s fue a Israel y posteriormente hizo\nsu carrera de t\u00e9cnico. Me habla con \u00e9l y quer\u00eda tener una persona capacitada,\njoven que supiera sobre los videos, sobre los trabajos de campo, para tener cercan\u00eda\ncon los de su edad en el plantel. Pablo Olgu\u00edn, como primer asistente, hab\u00edamos\ntrabajado en Deportivo Merlo, es un apasionado del ascenso, vive las 24 horas\npara el f\u00fatbol. Los dos son de entera confianza y me alegro que me acompa\u00f1en en\nC\u00facuta. <\/em><\/li><\/ul>\n\n\n\n<p class=\"wp-block-paragraph\"><strong>\u00bfLas\nexpectativas que tiene con el C\u00facuta?<\/strong><\/p>\n\n\n\n<ul class=\"wp-block-list\"><li><em>Son las mejores. Salvarnos del descenso. Uno puede ser\nhip\u00f3crita y olvidarse que est\u00e1 metido ah\u00ed, estamos d\u00e1ndole jerarqu\u00eda a cada\n\u00e1rea con trabajo, con GPS, m\u00e9dico nuevo, m\u00e1s all\u00e1 que Cardona lo ha hecho bien\npero necesitamos ayuda. Despu\u00e9s, trataremos de hacer la mejor campa\u00f1a.<\/em><\/li><\/ul>\n\n\n\n<p class=\"wp-block-paragraph\"><strong>\u00bfC\u00f3mo\nimagina el primer partido en el estadio General<\/strong> <strong>Santander contra Santa Fe?<\/strong><\/p>\n\n\n\n<ul class=\"wp-block-list\"><li><em>Lo sue\u00f1o lleno, despu\u00e9s de traernos un resultado de\nRionegro. Imagino una gran hinchada. Nosotros d\u00e1ndole una alegr\u00eda a la gente, soy\nso\u00f1ador con los pies en la tierra. Si no tuviera pasi\u00f3n, desde mi primera\nlesi\u00f3n me hubiera dedicado a otro oficio, por eso nos vamos de \u00faltimos y\nllegamos de primeros, porque nos apasiona este club. <\/em><\/li><\/ul>\n\n\n\n<p class=\"wp-block-paragraph\"><strong>\u00bfSue\u00f1a\ncon salir campe\u00f3n con el C\u00facuta?<\/strong><\/p>\n\n\n\n<ul class=\"wp-block-list\"><li>S\u00ed, me veo campe\u00f3n,\npero tambi\u00e9n tengo que decir la verdad, esto es un proceso. Siento que hay que olvidarnos\ndel descenso, salir con urgencia y entrar a los ocho mejores. Despu\u00e9s, si sigue\neste proyecto, si los resultados lo respaldan, y s\u00e9 que va a ser as\u00ed, por qu\u00e9\nno pensar en diciembre y pelear arriba.<\/li><\/ul>\n\n\n\n<p class=\"wp-block-paragraph\"><strong>\u00bfC\u00f3mo\npodemos describir a Pablo Garabello?<\/strong><\/p>\n\n\n\n<ul class=\"wp-block-list\"><li>Soy un apasionado,\nuna persona que trata de darle el mismo respeto a todo el mundo. Entiendo que\nesto es f\u00fatbol y va a haber cr\u00edticas, antes, durante y despu\u00e9s. Respetuoso de\ncada \u00e1rea del futbol. As\u00ed me considero, un apasionado en todo el sentido de la\npalabra.<\/li><\/ul>\n\n\n\n<p class=\"wp-block-paragraph\"><strong>JORDY\nORLANDO CRUZ<\/strong><\/p>\n","protected":false},"excerpt":{"rendered":"<p>C\u00daCUTA.- Continuamos el di\u00e1logo con Pablo Javier Garabello. En esta ocasi\u00f3n habla de los inicios en la direcci\u00f3n t\u00e9cnica, el reencuentro con Peckerman, el paso por la selecci\u00f3n Colombia y otros aspectos de la vida profesional hasta llegar al C\u00facuta Deportivo. \u00bfC\u00f3mo comienza el proceso en la direcci\u00f3n t\u00e9cnica? Voy a dirigir la filial de &hellip;<\/p>\n","protected":false},"author":1,"featured_media":34470,"comment_status":"open","ping_status":"open","sticky":false,"template":"","format":"standard","meta":{"footnotes":""},"categories":[4,28],"tags":[4378,4546],"class_list":["post-34469","post","type-post","status-publish","format-standard","has-post-thumbnail","hentry","category-barra","category-vistazo-deportivo","tag-cucuta-deportivo-2019","tag-pablo-garabello"],"_links":{"self":[{"href":"https:\/\/contraluzcucuta.co\/index.php?rest_route=\/wp\/v2\/posts\/34469","targetHints":{"allow":["GET"]}}],"collection":[{"href":"https:\/\/contraluzcucuta.co\/index.php?rest_route=\/wp\/v2\/posts"}],"about":[{"href":"https:\/\/contraluzcucuta.co\/index.php?rest_route=\/wp\/v2\/types\/post"}],"author":[{"embeddable":true,"href":"https:\/\/contraluzcucuta.co\/index.php?rest_route=\/wp\/v2\/users\/1"}],"replies":[{"embeddable":true,"href":"https:\/\/contraluzcucuta.co\/index.php?rest_route=%2Fwp%2Fv2%2Fcomments&post=34469"}],"version-history":[{"count":1,"href":"https:\/\/contraluzcucuta.co\/index.php?rest_route=\/wp\/v2\/posts\/34469\/revisions"}],"predecessor-version":[{"id":34471,"href":"https:\/\/contraluzcucuta.co\/index.php?rest_route=\/wp\/v2\/posts\/34469\/revisions\/34471"}],"wp:featuredmedia":[{"embeddable":true,"href":"https:\/\/contraluzcucuta.co\/index.php?rest_route=\/wp\/v2\/media\/34470"}],"wp:attachment":[{"href":"https:\/\/contraluzcucuta.co\/index.php?rest_route=%2Fwp%2Fv2%2Fmedia&parent=34469"}],"wp:term":[{"taxonomy":"category","embeddable":true,"href":"https:\/\/contraluzcucuta.co\/index.php?rest_route=%2Fwp%2Fv2%2Fcategories&post=34469"},{"taxonomy":"post_tag","embeddable":true,"href":"https:\/\/contraluzcucuta.co\/index.php?rest_route=%2Fwp%2Fv2%2Ftags&post=34469"}],"curies":[{"name":"wp","href":"https:\/\/api.w.org\/{rel}","templated":true}]}}