{"id":34446,"date":"2019-06-29T11:03:50","date_gmt":"2019-06-29T16:03:50","guid":{"rendered":"http:\/\/contraluzcucuta.co\/?p=34446"},"modified":"2019-06-29T11:03:53","modified_gmt":"2019-06-29T16:03:53","slug":"dia-del-periodista-en-venezuela-el-gran-valor-del-periodismo-es-la-practica-de-la-verdad","status":"publish","type":"post","link":"https:\/\/contraluzcucuta.co\/?p=34446","title":{"rendered":"D\u00cdA DEL PERIODISTA EN VENEZUELA. El gran valor del periodismo es la pr\u00e1ctica de la verdad"},"content":{"rendered":"\n<p class=\"wp-block-paragraph\"><strong>SAN CRIST\u00d3BAL \u2013 Venezuela.-<\/strong> <strong><em>\u201cEl periodismo hoy exige que se practique desde el discernimiento, la promoci\u00f3n de la verdad y el sentido de pertenencia del periodista a la comunidad\u201d. La afirmaci\u00f3n la hizo el sacerdote Johan Pacheco, Director de Comunicaci\u00f3n de la Di\u00f3cesis de San Crist\u00f3bal, en la misa del D\u00eda del Periodista en Venezuela.<\/em><\/strong><\/p>\n\n\n\n<p class=\"wp-block-paragraph\">La Eucarist\u00eda se celebr\u00f3, el 27 de junio, en\nla sede del Colegio de Periodistas del T\u00e1chira y participaron los comunicadores\nagremiados a la entidad. La ceremonia fue organizada por el Secretariado de\nComunicaci\u00f3n Social de la Iglesia local.<\/p>\n\n\n\n<p class=\"wp-block-paragraph\">El padre Pacheco exhort\u00f3 a los comunicadores a\nponer en pr\u00e1ctica \u201cel discernimiento, para profundizar en un periodismo que\nbeneficie el crecimiento de una sociedad que vive en crisis pol\u00edtica,\necon\u00f3mica, pero tambi\u00e9n de censura de medios, de desinformaci\u00f3n\u201d y de falsas\nnoticias.&nbsp;&nbsp;&nbsp; <\/p>\n\n\n\n<p class=\"wp-block-paragraph\">Record\u00f3 que \u201cel gran valor del periodismo es\nla pr\u00e1ctica de la verdad, por lo cual debe ser promovida como estilo de trabajo\ne identidad del comunicador, para no caer en la tentaci\u00f3n de la mentira y la\ndifamaci\u00f3n\u201d.<\/p>\n\n\n\n<p class=\"wp-block-paragraph\">El sacerdote y periodista Johan Pacheco\nindic\u00f3 que \u201cel periodista debe vivir con sentido de pertenencia a la comunidad,\nviviendo sus preocupaciones y sus angustias, para que la noticia sea humanizada\ny sensibilizada por la realidad que vive el pueblo\u201d.&nbsp;&nbsp; <\/p>\n\n\n\n<p class=\"wp-block-paragraph\">Al impartir la bendici\u00f3n, anim\u00f3 a los\nperiodistas a cumplir con la labor period\u00edstica para superar las barreras de la\ncensura a la que es sometida Venezuela. <\/p>\n","protected":false},"excerpt":{"rendered":"<p>SAN CRIST\u00d3BAL \u2013 Venezuela.- \u201cEl periodismo hoy exige que se practique desde el discernimiento, la promoci\u00f3n de la verdad y el sentido de pertenencia del periodista a la comunidad\u201d. La afirmaci\u00f3n la hizo el sacerdote Johan Pacheco, Director de Comunicaci\u00f3n de la Di\u00f3cesis de San Crist\u00f3bal, en la misa del D\u00eda del Periodista en Venezuela. &hellip;<\/p>\n","protected":false},"author":1,"featured_media":34447,"comment_status":"open","ping_status":"open","sticky":false,"template":"","format":"standard","meta":{"footnotes":""},"categories":[1326,45,4],"tags":[2483,572],"class_list":["post-34446","post","type-post","status-publish","format-standard","has-post-thumbnail","hentry","category-crisis-en-venezuela-2","category-destacado","category-barra","tag-crisis-en-la-frontera","tag-dia-del-periodista"],"_links":{"self":[{"href":"https:\/\/contraluzcucuta.co\/index.php?rest_route=\/wp\/v2\/posts\/34446","targetHints":{"allow":["GET"]}}],"collection":[{"href":"https:\/\/contraluzcucuta.co\/index.php?rest_route=\/wp\/v2\/posts"}],"about":[{"href":"https:\/\/contraluzcucuta.co\/index.php?rest_route=\/wp\/v2\/types\/post"}],"author":[{"embeddable":true,"href":"https:\/\/contraluzcucuta.co\/index.php?rest_route=\/wp\/v2\/users\/1"}],"replies":[{"embeddable":true,"href":"https:\/\/contraluzcucuta.co\/index.php?rest_route=%2Fwp%2Fv2%2Fcomments&post=34446"}],"version-history":[{"count":1,"href":"https:\/\/contraluzcucuta.co\/index.php?rest_route=\/wp\/v2\/posts\/34446\/revisions"}],"predecessor-version":[{"id":34448,"href":"https:\/\/contraluzcucuta.co\/index.php?rest_route=\/wp\/v2\/posts\/34446\/revisions\/34448"}],"wp:featuredmedia":[{"embeddable":true,"href":"https:\/\/contraluzcucuta.co\/index.php?rest_route=\/wp\/v2\/media\/34447"}],"wp:attachment":[{"href":"https:\/\/contraluzcucuta.co\/index.php?rest_route=%2Fwp%2Fv2%2Fmedia&parent=34446"}],"wp:term":[{"taxonomy":"category","embeddable":true,"href":"https:\/\/contraluzcucuta.co\/index.php?rest_route=%2Fwp%2Fv2%2Fcategories&post=34446"},{"taxonomy":"post_tag","embeddable":true,"href":"https:\/\/contraluzcucuta.co\/index.php?rest_route=%2Fwp%2Fv2%2Ftags&post=34446"}],"curies":[{"name":"wp","href":"https:\/\/api.w.org\/{rel}","templated":true}]}}