{"id":34417,"date":"2019-06-16T19:32:06","date_gmt":"2019-06-17T00:32:06","guid":{"rendered":"http:\/\/contraluzcucuta.co\/?p=34417"},"modified":"2019-06-16T19:32:08","modified_gmt":"2019-06-17T00:32:08","slug":"el-catatumbo-ani-invertira-17-700-millones-en-vias","status":"publish","type":"post","link":"https:\/\/contraluzcucuta.co\/?p=34417","title":{"rendered":"EL CATATUMBO. ANI invertir\u00e1 $ 17.700 millones en v\u00edas"},"content":{"rendered":"\n<p class=\"wp-block-paragraph\"><strong>BOGOT\u00c1.-<\/strong> <strong><em>La Agencia Nacional de Infraestructura (ANI) y la Gobernaci\u00f3n de Norte de Santander firmaron un convenio interinstitucional que dar\u00e1 viabilidad a las obras de pavimentaci\u00f3n de 6 kil\u00f3metros de v\u00eda. Las obras mejorar\u00e1n la conectividad entre Tib\u00fa, El Tarra y Convenci\u00f3n, en El Catatumbo.<\/em><\/strong><\/p>\n\n\n\n<p class=\"wp-block-paragraph\">La Gobernaci\u00f3n entrega a la ANI el corredor\nvial, lo que le permitir\u00e1 al Gobierno, por medio de la Agencia, la inversi\u00f3n de\n$ 17.770 millones. El siguiente paso ser\u00e1 la firma de un otros\u00ed entre la ANI y\nel concesionario San Sim\u00f3n que permitir\u00e1 dar inicio a las obras.<\/p>\n\n\n\n<p class=\"wp-block-paragraph\">\u201cEste convenio nos permite avanzar en los\ncompromisos que el Gobierno tiene en materia de infraestructura\u201d, dijo el presidente de la\nANI, Louis Kleyn. La obra disminuir\u00e1 los tiempos de desplazamiento y se\nintervendr\u00e1 un corredor importante para la zona de El Catatumbo. <\/p>\n\n\n\n<p class=\"wp-block-paragraph\">Hace dos a\u00f1os concluy\u00f3 el puente sobre el r\u00edo\nEl Tarra y los accesos, esta obra ser\u00eda el complemento para garantizar el tr\u00e1nsito\nen este corredor vial. \u201cAs\u00ed acercamos la Colombia profunda con la equidad y las\noportunidades\u201d, indic\u00f3. <\/p>\n\n\n\n<p class=\"wp-block-paragraph\">Las inversiones contemplan:<\/p>\n\n\n\n<p class=\"wp-block-paragraph\">1.- La pavimentaci\u00f3n de 1,42 kil\u00f3metros desde\nEl Tarra \u2013 hasta el empalme en el Puente Rojo<\/p>\n\n\n\n<p class=\"wp-block-paragraph\">2.- La pavimentaci\u00f3n de 4,42 kil\u00f3metros\ncomprendidos entre&nbsp; El Tarra y\nConvenci\u00f3n. <\/p>\n\n\n\n<p class=\"wp-block-paragraph\">Las obras de infraestructura se esperan\niniciar en las pr\u00f3ximas semanas.<\/p>\n\n\n\n<p class=\"wp-block-paragraph\"><strong>Obras\nen C\u00facuta<\/strong><\/p>\n\n\n\n<p class=\"wp-block-paragraph\">En desarrollo del Proyecto \u00c1rea Metropolitana\nde C\u00facuta, ejecutado al ciento por ciento por la ANI, por medio del\nconcesionario San Sim\u00f3n S.A., se entregaron, entre otras obras: <\/p>\n\n\n\n<p class=\"wp-block-paragraph\">1.- La intersecci\u00f3n Rumichaca, que inclu\u00eda\nlas conectantes Bocon\u00f3 &#8211; C\u00facuta, San Antonio \u2013 Bocon\u00f3 y San Antonio &#8211; Villa del\nRosario<\/p>\n\n\n\n<p class=\"wp-block-paragraph\">2.- Construcci\u00f3n del Puente Rojo sobre el r\u00edo\nTarra y los accesos<\/p>\n\n\n\n<p class=\"wp-block-paragraph\">3.- La nueva calzada adicional del Puente Benito\nHern\u00e1ndez. La longitud total del proyecto es de 104.07 kil\u00f3metros.<\/p>\n\n\n\n<p class=\"wp-block-paragraph\">El concesionario construye tres\nintersecciones, que mejorar\u00e1n la conexi\u00f3n de C\u00facuta con Villa del Rosario y\naumentar\u00e1n la seguridad vial para quienes transitan por la Autopista\nInternacional que conduce a los puentes internacionales. <\/p>\n\n\n\n<p class=\"wp-block-paragraph\">Actualmente, se adelantan las obras de la\nprimera de las obras, que conectar\u00e1 la Avenida Cero con La parada.<\/p>\n","protected":false},"excerpt":{"rendered":"<p>BOGOT\u00c1.- La Agencia Nacional de Infraestructura (ANI) y la Gobernaci\u00f3n de Norte de Santander firmaron un convenio interinstitucional que dar\u00e1 viabilidad a las obras de pavimentaci\u00f3n de 6 kil\u00f3metros de v\u00eda. Las obras mejorar\u00e1n la conectividad entre Tib\u00fa, El Tarra y Convenci\u00f3n, en El Catatumbo. La Gobernaci\u00f3n entrega a la ANI el corredor vial, lo &hellip;<\/p>\n","protected":false},"author":1,"featured_media":34418,"comment_status":"open","ping_status":"open","sticky":false,"template":"","format":"standard","meta":{"footnotes":""},"categories":[4,32],"tags":[1754,487,246],"class_list":["post-34417","post","type-post","status-publish","format-standard","has-post-thumbnail","hentry","category-barra","category-recorrido-por-la-region","tag-agencia-nacional-de-infraestructura","tag-ani","tag-el-catatumbo"],"_links":{"self":[{"href":"https:\/\/contraluzcucuta.co\/index.php?rest_route=\/wp\/v2\/posts\/34417","targetHints":{"allow":["GET"]}}],"collection":[{"href":"https:\/\/contraluzcucuta.co\/index.php?rest_route=\/wp\/v2\/posts"}],"about":[{"href":"https:\/\/contraluzcucuta.co\/index.php?rest_route=\/wp\/v2\/types\/post"}],"author":[{"embeddable":true,"href":"https:\/\/contraluzcucuta.co\/index.php?rest_route=\/wp\/v2\/users\/1"}],"replies":[{"embeddable":true,"href":"https:\/\/contraluzcucuta.co\/index.php?rest_route=%2Fwp%2Fv2%2Fcomments&post=34417"}],"version-history":[{"count":1,"href":"https:\/\/contraluzcucuta.co\/index.php?rest_route=\/wp\/v2\/posts\/34417\/revisions"}],"predecessor-version":[{"id":34419,"href":"https:\/\/contraluzcucuta.co\/index.php?rest_route=\/wp\/v2\/posts\/34417\/revisions\/34419"}],"wp:featuredmedia":[{"embeddable":true,"href":"https:\/\/contraluzcucuta.co\/index.php?rest_route=\/wp\/v2\/media\/34418"}],"wp:attachment":[{"href":"https:\/\/contraluzcucuta.co\/index.php?rest_route=%2Fwp%2Fv2%2Fmedia&parent=34417"}],"wp:term":[{"taxonomy":"category","embeddable":true,"href":"https:\/\/contraluzcucuta.co\/index.php?rest_route=%2Fwp%2Fv2%2Fcategories&post=34417"},{"taxonomy":"post_tag","embeddable":true,"href":"https:\/\/contraluzcucuta.co\/index.php?rest_route=%2Fwp%2Fv2%2Ftags&post=34417"}],"curies":[{"name":"wp","href":"https:\/\/api.w.org\/{rel}","templated":true}]}}