{"id":34407,"date":"2019-06-12T22:17:17","date_gmt":"2019-06-13T03:17:17","guid":{"rendered":"http:\/\/contraluzcucuta.co\/?p=34407"},"modified":"2019-06-12T22:17:19","modified_gmt":"2019-06-13T03:17:19","slug":"%ef%bb%bffutbol-de-primera-junior-alcalzo-la-novena-estrella","status":"publish","type":"post","link":"https:\/\/contraluzcucuta.co\/?p=34407","title":{"rendered":"\ufeffF\u00daTBOL DE PRIMERA. Junior alcalz\u00f3 la novena estrella"},"content":{"rendered":"\n<p class=\"wp-block-paragraph\"><strong><em>Junior alcanz\u00f3 el t\u00edtulo de campe\u00f3n de la Liga I-2019 y coron\u00f3 la segunda corona consecutiva del f\u00fatbol profesional colombiano. El conjunto barranquillero gan\u00f3 en penales contra Pasto, luego del 1-1 global, y celebr\u00f3 la novena estrella. <\/em><\/strong><\/p>\n\n\n\n<p class=\"wp-block-paragraph\">El fr\u00edo bogotano opac\u00f3 la final entre Junior\ny Pasto, que ten\u00eda como gran favorito al conjunto barranquillero. En la primera\nmitad, el equipo de Julio Comesa\u00f1a manten\u00eda el bal\u00f3n y se guardaba en su campo.\n<\/p>\n\n\n\n<p class=\"wp-block-paragraph\">Los de Alexis Garc\u00eda necesitaban proponer y\nbuscar el empate en el resultado global. Este objetivo complic\u00f3 el juego del cuadro\ntibur\u00f3n. Al minuto 18, Freddy Hinestroza tuvo un tiro libre que pas\u00f3 rozando el\ntravesa\u00f1o y preocup\u00f3, en ese entonces, a los nari\u00f1enses. <\/p>\n\n\n\n<p class=\"wp-block-paragraph\">Al 25, respondi\u00f3 el club volc\u00e1nico. Estupi\u00f1\u00e1n\ncentr\u00f3 el bal\u00f3n y Ortiz cabece\u00f3 dentro del \u00e1rea, que respondi\u00f3 de gran manera\nViera, quien sac\u00f3 el bal\u00f3n de su p\u00f3rtico. <\/p>\n\n\n\n<p class=\"wp-block-paragraph\">La segunda mitad fue m\u00e1s movida. Ray Vanegas\nimpulsaba al cuadro volc\u00e1nico, pero no eran claros en el \u00faltimo golpe. Junior se\nresignaba y los jugadores se quedaban en el \u00e1rea para mantener el resultado.<\/p>\n\n\n\n<p class=\"wp-block-paragraph\">Un ins\u00f3lito error de Gabriel Fuentes dio el\ngol de la victoria a Pasto y el empate en el global. Ray Vanegas le rob\u00f3 el\nbal\u00f3n al central y qued\u00f3 solo frente a Viera, quien no pudo detener el 1-0 a\nfavor de Pasto. <\/p>\n\n\n\n<p class=\"wp-block-paragraph\">As\u00ed termin\u00f3 el partido y qued\u00f3 igualado en el\nmarcador total. Ambos equipos se fueron a los penales para definir al nuevo\ncampe\u00f3n del torneo. <\/p>\n\n\n\n<p class=\"wp-block-paragraph\">En Junior cobraron Luis Narv\u00e1ez, Michael\nRangel, Rafael P\u00e9rez, James S\u00e1nchez y Viera. <\/p>\n\n\n\n<p class=\"wp-block-paragraph\">En Pasto cobraron Jown Cardona, Carlos N\u00fa\u00f1ez,\nMariano V\u00e1zquez, Neto Volpi y Ray Vanegas, quien err\u00f3 el cobro para que los\ntiburones fueran campeones de la Liga.<\/p>\n\n\n\n<p class=\"wp-block-paragraph\"><strong>Redacci\u00f3n\nFutbolred<\/strong><\/p>\n","protected":false},"excerpt":{"rendered":"<p>Junior alcanz\u00f3 el t\u00edtulo de campe\u00f3n de la Liga I-2019 y coron\u00f3 la segunda corona consecutiva del f\u00fatbol profesional colombiano. El conjunto barranquillero gan\u00f3 en penales contra Pasto, luego del 1-1 global, y celebr\u00f3 la novena estrella. El fr\u00edo bogotano opac\u00f3 la final entre Junior y Pasto, que ten\u00eda como gran favorito al conjunto barranquillero. &hellip;<\/p>\n","protected":false},"author":1,"featured_media":34408,"comment_status":"open","ping_status":"open","sticky":false,"template":"","format":"standard","meta":{"footnotes":""},"categories":[4,28],"tags":[4510,1396,4596,4412],"class_list":["post-34407","post","type-post","status-publish","format-standard","has-post-thumbnail","hentry","category-barra","category-vistazo-deportivo","tag-deportivo-pasto","tag-dimayor","tag-junior-campeon","tag-liga-aguila-2019"],"_links":{"self":[{"href":"https:\/\/contraluzcucuta.co\/index.php?rest_route=\/wp\/v2\/posts\/34407","targetHints":{"allow":["GET"]}}],"collection":[{"href":"https:\/\/contraluzcucuta.co\/index.php?rest_route=\/wp\/v2\/posts"}],"about":[{"href":"https:\/\/contraluzcucuta.co\/index.php?rest_route=\/wp\/v2\/types\/post"}],"author":[{"embeddable":true,"href":"https:\/\/contraluzcucuta.co\/index.php?rest_route=\/wp\/v2\/users\/1"}],"replies":[{"embeddable":true,"href":"https:\/\/contraluzcucuta.co\/index.php?rest_route=%2Fwp%2Fv2%2Fcomments&post=34407"}],"version-history":[{"count":1,"href":"https:\/\/contraluzcucuta.co\/index.php?rest_route=\/wp\/v2\/posts\/34407\/revisions"}],"predecessor-version":[{"id":34409,"href":"https:\/\/contraluzcucuta.co\/index.php?rest_route=\/wp\/v2\/posts\/34407\/revisions\/34409"}],"wp:featuredmedia":[{"embeddable":true,"href":"https:\/\/contraluzcucuta.co\/index.php?rest_route=\/wp\/v2\/media\/34408"}],"wp:attachment":[{"href":"https:\/\/contraluzcucuta.co\/index.php?rest_route=%2Fwp%2Fv2%2Fmedia&parent=34407"}],"wp:term":[{"taxonomy":"category","embeddable":true,"href":"https:\/\/contraluzcucuta.co\/index.php?rest_route=%2Fwp%2Fv2%2Fcategories&post=34407"},{"taxonomy":"post_tag","embeddable":true,"href":"https:\/\/contraluzcucuta.co\/index.php?rest_route=%2Fwp%2Fv2%2Ftags&post=34407"}],"curies":[{"name":"wp","href":"https:\/\/api.w.org\/{rel}","templated":true}]}}