{"id":34404,"date":"2019-06-12T21:36:59","date_gmt":"2019-06-13T02:36:59","guid":{"rendered":"http:\/\/contraluzcucuta.co\/?p=34404"},"modified":"2019-06-12T21:37:01","modified_gmt":"2019-06-13T02:37:01","slug":"%ef%bb%bftrabajo-infantil-en-norte-de-santander-detectados-471-casos","status":"publish","type":"post","link":"https:\/\/contraluzcucuta.co\/?p=34404","title":{"rendered":"\ufeffTRABAJO INFANTIL. En Norte de Santander, detectados 471 casos"},"content":{"rendered":"\n<p class=\"wp-block-paragraph\"><strong><em>Norte Santander, con 471 casos, es el segundo departamento en el que se ha detectado mayor n\u00famero de ni\u00f1os trabajadores. Solo es superado por Bogot\u00e1 (1633), despu\u00e9s siguen Atl\u00e1ntico (373), Sucre (278) y Antioquia (250). En estas regiones del pa\u00eds los Equipos M\u00f3viles de Protecci\u00f3n Integral (Empi), del Instituto Colombiano de Bienestar Familiar (ICBF), identificaron m\u00e1s ni\u00f1os y adolescentes en cumplimiento de labores forzadas.<\/em><\/strong><\/p>\n\n\n\n<p class=\"wp-block-paragraph\">En el \u00faltimo a\u00f1o los Empi identificaron a 6541\nni\u00f1os y adolescentes en situaci\u00f3n de trabajo infantil y movilizaron la oferta\np\u00fablica del Estado, mediante las entidades que conforman el Sistema Nacional de\nBienestar Familiar, para restablecer sus derechos.<\/p>\n\n\n\n<p class=\"wp-block-paragraph\">El sexto lugar lo ocupa Nari\u00f1o (241) y lo siguen\nValle del Cauca (241), Cesar (235), Huila (233), Boyac\u00e1 (208), C\u00f3rdoba (189),\nLa Guajira (184), Magdalena (174), Caldas (170), Tolima (169), Cundinamarca\n(167), Arauca (161), Bol\u00edvar (142), Choc\u00f3 (136), Santander (128) Risaralda\n(121), Putumayo (116) Caquet\u00e1 (106) Quind\u00edo (98) Casanare (90) Meta (90), Cauca\n(79), Amazonas (18), San Andr\u00e9s (15), Guain\u00eda (11), Vichada (9) y Guaviare (5).<\/p>\n\n\n\n<p class=\"wp-block-paragraph\">La directora general del ICBF, Juliana\nPungiluppi, dio a conocer las cifras en desarrollo del D\u00eda Mundial contra el Trabajo\nInfantil. Destac\u00f3 que semanalmente los equipos Empi adelantan en promedio 22\njornadas de b\u00fasqueda activa en plazas de mercado, terminales de transporte,\nzonas comerciales, sem\u00e1foros y otros puntos donde se identifica presencia de\ntrabajo infantil.<\/p>\n\n\n\n<p class=\"wp-block-paragraph\">El instituto dispone de 44 equipos Empi en el\npa\u00eds, integrados por 132 sic\u00f3logos, trabajadores sociales, antrop\u00f3logos,\nsoci\u00f3logos y pedagogos. Los profesionales desarrollan jornadas contra el\ntrabajo infantil de manera articulada con el Ministerio de Trabajo, la Polic\u00eda\nde Infancia y Adolescencia y las alcald\u00edas municipales.<\/p>\n\n\n\n<p class=\"wp-block-paragraph\">\u201cDestacamos la disminuci\u00f3n de la tasa de\ntrabajo infantil de 7,3 % en 2017 a 5,9 % a finales de 2018, seg\u00fan cifras del Dane\u201d,\ndijo la directora Pungiluppi. M\u00e1s de 1,1 millones de ni\u00f1os trabajadores no\ndesarrollan actividades propias de la edad y vitales para el desarrollo.<\/p>\n\n\n\n<p class=\"wp-block-paragraph\">Juliana Pungiluppi anot\u00f3 que los colombianos\ndeben comprometerse a combatir el trabajo infantil porque es la puerta de\nentrada a las siguientes vulneraciones: <\/p>\n\n\n\n<p class=\"wp-block-paragraph\">1.- Explotaci\u00f3n sexual comercial<\/p>\n\n\n\n<p class=\"wp-block-paragraph\">2.- Utilizaci\u00f3n por grupos delictivos<\/p>\n\n\n\n<p class=\"wp-block-paragraph\">3.- Consumo de sustancias sicoactivas<\/p>\n\n\n\n<p class=\"wp-block-paragraph\">4.- Trabajo forzado<\/p>\n\n\n\n<p class=\"wp-block-paragraph\">5.- Mendicidad ajena.<\/p>\n\n\n\n<p class=\"wp-block-paragraph\">De los 6.541 casos de trabajo infantil\natendidos por los equipos EMPI en el \u00faltimo a\u00f1o, el ICBF abri\u00f3 2072 Procesos\nAdministrativos de Restablecimiento de Derechos (PARD), de los cuales el 79 %\nse concentra en C\u00f3rdoba (994), Bol\u00edvar (264), Cesar (236) y Atl\u00e1ntico (147).<\/p>\n\n\n\n<p class=\"wp-block-paragraph\"><strong>Atenci\u00f3n\na ni\u00f1os venezolanos<\/strong><\/p>\n\n\n\n<p class=\"wp-block-paragraph\">La directora del ICBF asegur\u00f3 que en los\nprimeros cuatro meses del a\u00f1o se han identificado 118 ni\u00f1os y adolescentes\nvenezolanos en situaci\u00f3n de trabajo infantil, quienes ingresaron a los\nprogramas del ICBF. Seg\u00fan la legislaci\u00f3n colombiana, el Estado debe garantizar\nlos derechos de los ni\u00f1os y los adolescentes sin importar el origen. \u201cLa\nprotecci\u00f3n de la ni\u00f1ez y adolescencia es una prioridad para este Gobierno\u201d,\ndestac\u00f3.<\/p>\n\n\n\n<p class=\"wp-block-paragraph\">El Instituto trabaja con la Organizaci\u00f3n Internacional\npara las Migraciones (OIM) en un proyecto para la caracterizaci\u00f3n de la\npoblaci\u00f3n migrante que permita verificar, entre otros aspectos, las\nvulneraciones a los derechos de los menores de edad. El proyecto piloto se\nadelantar\u00e1 en Villa del Rosario (Norte de Santander), Valledupar (Cesar) e Ipiales.<\/p>\n","protected":false},"excerpt":{"rendered":"<p>Norte Santander, con 471 casos, es el segundo departamento en el que se ha detectado mayor n\u00famero de ni\u00f1os trabajadores. Solo es superado por Bogot\u00e1 (1633), despu\u00e9s siguen Atl\u00e1ntico (373), Sucre (278) y Antioquia (250). En estas regiones del pa\u00eds los Equipos M\u00f3viles de Protecci\u00f3n Integral (Empi), del Instituto Colombiano de Bienestar Familiar (ICBF), identificaron &hellip;<\/p>\n","protected":false},"author":1,"featured_media":34405,"comment_status":"open","ping_status":"open","sticky":false,"template":"","format":"standard","meta":{"footnotes":""},"categories":[4,32],"tags":[465,4595,77],"class_list":["post-34404","post","type-post","status-publish","format-standard","has-post-thumbnail","hentry","category-barra","category-recorrido-por-la-region","tag-icbf","tag-ninos-trabajadores","tag-trabajo-infantil"],"_links":{"self":[{"href":"https:\/\/contraluzcucuta.co\/index.php?rest_route=\/wp\/v2\/posts\/34404","targetHints":{"allow":["GET"]}}],"collection":[{"href":"https:\/\/contraluzcucuta.co\/index.php?rest_route=\/wp\/v2\/posts"}],"about":[{"href":"https:\/\/contraluzcucuta.co\/index.php?rest_route=\/wp\/v2\/types\/post"}],"author":[{"embeddable":true,"href":"https:\/\/contraluzcucuta.co\/index.php?rest_route=\/wp\/v2\/users\/1"}],"replies":[{"embeddable":true,"href":"https:\/\/contraluzcucuta.co\/index.php?rest_route=%2Fwp%2Fv2%2Fcomments&post=34404"}],"version-history":[{"count":1,"href":"https:\/\/contraluzcucuta.co\/index.php?rest_route=\/wp\/v2\/posts\/34404\/revisions"}],"predecessor-version":[{"id":34406,"href":"https:\/\/contraluzcucuta.co\/index.php?rest_route=\/wp\/v2\/posts\/34404\/revisions\/34406"}],"wp:featuredmedia":[{"embeddable":true,"href":"https:\/\/contraluzcucuta.co\/index.php?rest_route=\/wp\/v2\/media\/34405"}],"wp:attachment":[{"href":"https:\/\/contraluzcucuta.co\/index.php?rest_route=%2Fwp%2Fv2%2Fmedia&parent=34404"}],"wp:term":[{"taxonomy":"category","embeddable":true,"href":"https:\/\/contraluzcucuta.co\/index.php?rest_route=%2Fwp%2Fv2%2Fcategories&post=34404"},{"taxonomy":"post_tag","embeddable":true,"href":"https:\/\/contraluzcucuta.co\/index.php?rest_route=%2Fwp%2Fv2%2Ftags&post=34404"}],"curies":[{"name":"wp","href":"https:\/\/api.w.org\/{rel}","templated":true}]}}