{"id":34401,"date":"2019-06-12T18:37:24","date_gmt":"2019-06-12T23:37:24","guid":{"rendered":"http:\/\/contraluzcucuta.co\/?p=34401"},"modified":"2019-06-12T18:37:27","modified_gmt":"2019-06-12T23:37:27","slug":"perfil-metralleta-62-anos-de-vida-y-cuatro-decadas-como-voceador","status":"publish","type":"post","link":"https:\/\/contraluzcucuta.co\/?p=34401","title":{"rendered":"PERFIL. \u2018Metralleta\u2019, 62 a\u00f1os de vida y cuatro d\u00e9cadas como voceador"},"content":{"rendered":"\n<p class=\"wp-block-paragraph\"><strong>C\u00daCUTA.-<\/strong> <strong><em>Cumplir a\u00f1os regocija y alegra el esp\u00edritu. Recibir abrazos y elogios, felicitaciones y apretones de mano en esa fecha tan especial reconforta y anima a salir para los siguientes 365 d\u00edas. La cara se trasforma, las palabras brotan con cierto temblor y las manos sudan. La ocasi\u00f3n es \u00fanica y hay que aprovecharla.<\/em><\/strong><\/p>\n\n\n\n<p class=\"wp-block-paragraph\">Por estos d\u00edas \u00c1lvaro Ram\u00edrez Corzo estuvo de\npl\u00e1cemes, porque dio otra vuelta al sol. En el rostro reflejaba esa felicidad\nincapaz de ocultarse y busc\u00f3 las expresiones de solidaridad. La dificultad que\ntiene para hablar no impidi\u00f3 que trasmitiera el sentimiento que lo embargaba y\nel mensaje se escuch\u00f3 clarito.<\/p>\n\n\n\n<ul class=\"wp-block-list\"><li><em>Estoy de cumplea\u00f1os<\/em> \u2013 dijo y escarb\u00f3 entre una bolsa\npl\u00e1stica peque\u00f1a llena de papeles doblados. Sac\u00f3 la c\u00e9dula y aclar\u00f3 que es una\ncopia, porque la original la guarda en casa para evitar que se pierda.<\/li><\/ul>\n\n\n\n<p class=\"wp-block-paragraph\">El documento da fe del nacimiento de \u00c1lvaro en\nTib\u00fa, el 11 de junio de 1957. Han pasado 62 a\u00f1os desde la venida al mundo en el\nmunicipio petrolero y, quiz\u00e1s, pocas veces hab\u00eda disfrutado tanto del momento\ncomo ese martes. Hasta se prest\u00f3 para contar parte de la vida en la radio y el\nresto en una esquina cucute\u00f1a.<\/p>\n\n\n\n<p class=\"wp-block-paragraph\">La sonrisa ahuecada por la falta de varias\npiezas dentales es una de sus caracter\u00edsticas f\u00edsicas. Est\u00e1 reci\u00e9n afeitado y\nlleva el cabello corto. El domingo anterior se alist\u00f3 para la celebraci\u00f3n y as\u00ed\nse mostraba ante quienes saludaba en busca de la congratulaci\u00f3n por el\ncumplea\u00f1os. Aunque solo recib\u00eda un tibio saludo de quienes pasaban a su lado.<\/p>\n\n\n\n<p class=\"wp-block-paragraph\">Sus padres murieron hace unos a\u00f1os. Vive en\nLa Cabrera, arriba en la calle 20, con Leandro, el hermano mayor. La mayor\u00eda de\nlas horas del d\u00eda las vive en la calle, en cumplimiento del oficio de voceador,\nen el que lleva 40 a\u00f1os. Para dar el n\u00famero muestra cuatro dedos de la mano\nizquierda.<\/p>\n\n\n\n<p class=\"wp-block-paragraph\">En las ma\u00f1anas compra 20 ejemplares de los\nperi\u00f3dicos locales, no vende los capitalinos entre semana. No tiene prisa por\nvisitar a los clientes, camina lento hasta donde lo aguardan por el matutino de\nturno y, si puede, conversa un buen rato con quien lo atiende. Sale de nuevo a\nla calle, no grita, dirige los pasos a la siguiente oficina y efect\u00faa otra\nentrega.<\/p>\n\n\n\n<p class=\"wp-block-paragraph\">Esa ma\u00f1ana, dej\u00f3 a un lado la timidez para\nhablarle al p\u00fablico. Busc\u00f3 la Voz de la Gran Colombia y atendi\u00f3 la entrevista\ndel periodista Ortiz. Desde peque\u00f1o tiene el defecto en la boca que no le\npermite articular las palabras, que, en ocasiones, se vuelven imperceptibles.\nHay que agudizar el o\u00eddo para entenderlo.<\/p>\n\n\n\n<p class=\"wp-block-paragraph\">Nunca hab\u00eda usado aud\u00edfonos y menos en una\ncabina de radio. Ese d\u00eda se los pusieron y escuch\u00f3 la canci\u00f3n del cumplea\u00f1os\nfeliz. Eso lo ten\u00eda m\u00e1s que contento, estaba dichoso. M\u00e1s tarde pasar\u00eda por\nLemas y al medio d\u00eda por la Voz del Norte, para que Fonseca lo sacara al aire.<\/p>\n\n\n\n<ul class=\"wp-block-list\"><li><em>Lo \u00fanico que me gusta es trabajar<\/em> \u2013 dijo \u00c1lvaro, al\nhacer memoria de que en el lejano pasado fue ayudante de varias orquestas en\nC\u00facuta. De esos d\u00edas guarda las mejores im\u00e1genes del maestro Manuel Alvarado y\nse conmueve al recordarlo como el hombre que lo ayud\u00f3 y lo llev\u00f3 a pasear por algunas\nciudades colombianas.<\/li><\/ul>\n\n\n\n<p class=\"wp-block-paragraph\">Va y vuelve en las remembranzas. Se acuerda\nde Eustorgio Colmenares Baptista, extinto fundador de La Opini\u00f3n, asesinado en\n1993 por guerrilleros del Eln. El crimen fue declarado de lesa humanidad, para\nevitar que la investigaci\u00f3n se archive y as\u00ed castigar a los responsables. <\/p>\n\n\n\n<ul class=\"wp-block-list\"><li><em>\u00bfPor qu\u00e9 lo mataron?<\/em> &#8211; pregunt\u00f3 con inocencia. <\/li><li><em>Por buena gente<\/em> \u2013 fue la respuesta que encontr\u00f3. No se sabe\nsi entendi\u00f3, solo call\u00f3.<\/li><\/ul>\n\n\n\n<p class=\"wp-block-paragraph\">Tiene una imagen positiva del director\nem\u00e9rito del rotativo cucute\u00f1o y hace \u00e9nfasis en que ayudaba a los vendedores de\nprensa. En cambio, no hace buena cara al referirse al gerente general del\ndiario Jos\u00e9 Eustorgio Colmenares Ossa. \u201cEs taca\u00f1o\u201d. Y reclama que no haya tenido\nun detalle en el cumplea\u00f1os, a pesar de haber pasado las \u00faltimas cuatro d\u00e9cadas\ncon los ejemplares debajo del brazo para entregarlos a los lectores.<\/p>\n\n\n\n<p class=\"wp-block-paragraph\">R\u00ede y muestra la dentadura incompleta.\nResponde a otro saludo de alguien que pasa y le toca el hombro. Parece que le\ngust\u00f3 el papel de locutor, porque imposta la voz y da la hora. \u201cSon las&nbsp; ocho y cuarenta de hoy 11 de octubre\u201d. Ese\nerror al aire le hubiera costado el puesto. No rectific\u00f3.<\/p>\n\n\n\n<p class=\"wp-block-paragraph\">Se acord\u00f3 de que a\u00f1os atr\u00e1s le operaron la\nhernia inguinal que lo mortificaba y lo doblegaba en el primer and\u00e9n que\nencontrara desocupado. Fue una \u00e9poca dura, marcada por el dolor y el abandono\nestatal. Los pesos que ganaba no alcanzaban para la intervenci\u00f3n quir\u00fargica. Es\nbeneficiario de la caridad p\u00fablica.<\/p>\n\n\n\n<p class=\"wp-block-paragraph\">\u00c1lvaro no fuma ni bebe, no est\u00e1 casado y\ntiene una peculiar manera para referirse a las mujeres. \u201cPiden mucho\u201d. Y se\nimagina la escena al llegar a casa.<\/p>\n\n\n\n<ul class=\"wp-block-list\"><li><em>\u00bfPor qu\u00e9 llega a esta hora?<\/em> \u2013 ser\u00eda el reclamo\nde la esposa. Seguro, a alguien le escuch\u00f3 estas palabras y las asumi\u00f3 para\nsacarle el quite al matrimonio.<\/li><\/ul>\n\n\n\n<p class=\"wp-block-paragraph\">Lee la biblia, va a culto y asiste a misa.\nDios es igual para todos. Los amigos los encuentra mientras camina por las\ncalles c\u00e9ntricas de C\u00facuta. Unos le dicen el nombre y les responde; otros, lo\nllaman por el apodo, y no le gusta.<\/p>\n\n\n\n<p class=\"wp-block-paragraph\">La calle 13 sirve de senda para que \u00c1lvaro,\nenfundado en el chaleco rojo que lo distingue como vendedor de prensa, se aleje\na entregar el mismo pedido de hace muchos a\u00f1os. Al caminar arrastra los pies\nprotegidos por unas chanclas negras de caucho, la espalda muestra la curvatura\nde las seis d\u00e9cadas vividas, las palabras se vuelven inaudibles y debajo del\nbrazo derecho lleva los ejemplares que todav\u00eda aguardan los clientes. Cu\u00e1l es el\naf\u00e1n. \u00a1Feliz cumplea\u00f1os!<\/p>\n\n\n\n<p class=\"wp-block-paragraph\">RAFAEL ANTONIO PAB\u00d3N<\/p>\n\n\n\n<p class=\"wp-block-paragraph\"><a href=\"mailto:rafaelpabon58@hotmail.com\">rafaelpabon58@hotmail.com<\/a><\/p>\n","protected":false},"excerpt":{"rendered":"<p>C\u00daCUTA.- Cumplir a\u00f1os regocija y alegra el esp\u00edritu. Recibir abrazos y elogios, felicitaciones y apretones de mano en esa fecha tan especial reconforta y anima a salir para los siguientes 365 d\u00edas. La cara se trasforma, las palabras brotan con cierto temblor y las manos sudan. La ocasi\u00f3n es \u00fanica y hay que aprovecharla. Por &hellip;<\/p>\n","protected":false},"author":1,"featured_media":34402,"comment_status":"open","ping_status":"open","sticky":false,"template":"","format":"standard","meta":{"footnotes":""},"categories":[4,3613],"tags":[4593,2930,4594],"class_list":["post-34401","post","type-post","status-publish","format-standard","has-post-thumbnail","hentry","category-barra","category-perfiles","tag-metralleta","tag-perfiles-contraluz","tag-personajes-populares"],"_links":{"self":[{"href":"https:\/\/contraluzcucuta.co\/index.php?rest_route=\/wp\/v2\/posts\/34401","targetHints":{"allow":["GET"]}}],"collection":[{"href":"https:\/\/contraluzcucuta.co\/index.php?rest_route=\/wp\/v2\/posts"}],"about":[{"href":"https:\/\/contraluzcucuta.co\/index.php?rest_route=\/wp\/v2\/types\/post"}],"author":[{"embeddable":true,"href":"https:\/\/contraluzcucuta.co\/index.php?rest_route=\/wp\/v2\/users\/1"}],"replies":[{"embeddable":true,"href":"https:\/\/contraluzcucuta.co\/index.php?rest_route=%2Fwp%2Fv2%2Fcomments&post=34401"}],"version-history":[{"count":1,"href":"https:\/\/contraluzcucuta.co\/index.php?rest_route=\/wp\/v2\/posts\/34401\/revisions"}],"predecessor-version":[{"id":34403,"href":"https:\/\/contraluzcucuta.co\/index.php?rest_route=\/wp\/v2\/posts\/34401\/revisions\/34403"}],"wp:featuredmedia":[{"embeddable":true,"href":"https:\/\/contraluzcucuta.co\/index.php?rest_route=\/wp\/v2\/media\/34402"}],"wp:attachment":[{"href":"https:\/\/contraluzcucuta.co\/index.php?rest_route=%2Fwp%2Fv2%2Fmedia&parent=34401"}],"wp:term":[{"taxonomy":"category","embeddable":true,"href":"https:\/\/contraluzcucuta.co\/index.php?rest_route=%2Fwp%2Fv2%2Fcategories&post=34401"},{"taxonomy":"post_tag","embeddable":true,"href":"https:\/\/contraluzcucuta.co\/index.php?rest_route=%2Fwp%2Fv2%2Ftags&post=34401"}],"curies":[{"name":"wp","href":"https:\/\/api.w.org\/{rel}","templated":true}]}}