{"id":34392,"date":"2019-06-11T07:11:44","date_gmt":"2019-06-11T12:11:44","guid":{"rendered":"http:\/\/contraluzcucuta.co\/?p=34392"},"modified":"2019-06-11T07:11:47","modified_gmt":"2019-06-11T12:11:47","slug":"tiro-de-esquina-el-futbol-en-america-latina-no-es-un-juego-hecho-para-mujeres","status":"publish","type":"post","link":"https:\/\/contraluzcucuta.co\/?p=34392","title":{"rendered":"TIRO DE ESQUINA. El futbol en Am\u00e9rica Latina no es un juego hecho para mujeres"},"content":{"rendered":"\n<p class=\"wp-block-paragraph\"><strong>Vanessa C\u00f3rdoba decidi\u00f3 que quer\u00eda ser futbolista a los 6 a\u00f1os. A esa edad vio a su padre, el arquero colombiano \u00d3scar C\u00f3rdoba, coronarse campe\u00f3n de la Copa Libertadores de 2001 con Boca Juniors, un momento ic\u00f3nico para los hinchas del equipo argentino.<\/strong><\/p>\n\n\n\n<p class=\"wp-block-paragraph\">El a\u00f1o anterior, ella estaba presente cuando\nsu padre fue nombrado el jugador m\u00e1s valioso despu\u00e9s de la final de la\nLibertadores 2000, donde ataj\u00f3 dos penales clave. \u00d3scar C\u00f3rdoba recibi\u00f3 un\nflamante Toyota del patrocinador del torneo y, como cada jugador, unos 80.000\nd\u00f3lares del premio de la copa, adem\u00e1s de las primas monetarias del club.<\/p>\n\n\n\n<p class=\"wp-block-paragraph\">Vanessa hab\u00eda visto de cerca la vida de un\nfutbolista profesional y decidi\u00f3 convertirse tambi\u00e9n en arquera y perseguir el\nsue\u00f1o de ser jugadora de \u00e9lite. Lo que no sab\u00eda entonces era que no se trataba\nsolo del juego y la competencia; ni siquiera del trabajo duro y el talento.<\/p>\n\n\n\n<p class=\"wp-block-paragraph\">\u201cUno por televisi\u00f3n ve el lado bonito del\nfutbol: estadios llenos, buenos campos, medallas, trofeos\u201d, dice por tel\u00e9fono\ndesde Bogot\u00e1 la arquera de la selecci\u00f3n de Colombia. Pero desde que empez\u00f3 a\njugar para el Colegio Panamericano Bucaramanga a los 17 a\u00f1os empez\u00f3 a entender\n\u201cla importancia de los factores externos\u201d, cuenta, refiri\u00e9ndose al trato de los\nclubes y los hinchas hacia sus equipos femeninos.<\/p>\n\n\n\n<p class=\"wp-block-paragraph\">Su experiencia en la selecci\u00f3n y a nivel\ninternacional le ha mostrado las diferentes formas que toma la desigualdad de\ng\u00e9nero: \u201cLos detalles contractuales, los campos en los que nos toca jugar; ha\nsido un golpe duro. Yo esperaba otra realidad y me frustra ver que s\u00ed, nosotras\nvivimos lo mismo que ellos, pero nos pagan menos\u201d.<\/p>\n\n\n\n<p class=\"wp-block-paragraph\">El sueldo m\u00ednimo de una jugadora en Colombia\nes de 245 d\u00f3lares mensuales, mientras que para un hombre ronda los 3000\nd\u00f3lares. Sin embargo, el desequilibrio en la remuneraci\u00f3n es la contracara de\nun soterramiento que se manifiesta abiertamente: en 2017, por ejemplo, cuando\nse present\u00f3 la camiseta de la selecci\u00f3n colombiana, los jugadores del\nrepresentativo varonil fueron convocados a portarlas; la camiseta femenil, en\ncambio, fue presentada con modelos.<\/p>\n\n\n\n<p class=\"wp-block-paragraph\"><strong>Una\ncancha dispareja<\/strong><\/p>\n\n\n\n<p class=\"wp-block-paragraph\">Durante casi sesenta a\u00f1os, la FIFA prohibi\u00f3\nel futbol femenil en sus campos oficiales. En M\u00e9xico la liga de hombres se\nfund\u00f3 114 a\u00f1os antes que la rama femenil. En Argentina la diferencia es de un\nsiglo y hasta 2019 nunca se hab\u00eda jugado un partido femenil en la m\u00edtica\nBombonera del barrio de la Boca. El torneo femenino en Per\u00fa es considerado de\nnivel amateur y solo hay dos equipos que pagan a las jugadoras; all\u00e1, una\nfutbolista bien pagada cobra menos de 3000 d\u00f3lares anuales.<\/p>\n\n\n\n<p class=\"wp-block-paragraph\">Ni siquiera en Brasil, uno de los pa\u00edses m\u00e1s\nfutboleros del mundo, exist\u00eda un campeonato femenil hasta hace seis a\u00f1os.<\/p>\n\n\n\n<p class=\"wp-block-paragraph\">Este rezago es reflejo de las actitudes y la\nfalta de voluntad de los dirigentes. El a\u00f1o pasado, cuando la Conmebol exigi\u00f3\nque los equipos varoniles tuvieran un equipo de mujeres para competir en la\nCopa Libertadores, Gabriel Camargo, presidente del club colombiano Deportes\nTolima, dijo en conferencia de prensa sobre el futbol femenil: \u201cEso anda mal.\nNo da nada, ni econ\u00f3micamente\u201d. Camargo, un exsenador, sostuvo que las mujeres\ncreaban problemas porque \u201cson m\u00e1s \u2018tomatragos\u2019 que los hombres\u201d, y que el\ndeporte femenino era \u201cun caldo de cultivo de lesbianismo\u201d.<\/p>\n\n\n\n<p class=\"wp-block-paragraph\">Maribel Dom\u00ednguez, una de las mejores\nfutbolistas mexicanas de todos los tiempos, intent\u00f3 participar de la liga varonil\nde su pa\u00eds y el club Celaya quiso comprarla en 2004, pero Joseph Blatter,\nentonces presidente de la FIFA, no estuvo de acuerdo, y Dom\u00ednguez tuvo que\nemigrar al Barcelona para continuar con su carrera futbol\u00edstica.<\/p>\n\n\n\n<p class=\"wp-block-paragraph\">En 2018, cuando el club colombiano Atl\u00e9tico\nHuila gan\u00f3 la Copa Libertadores femenil, los directivos intentaron destinar los\n55.000 d\u00f3lares de ese premio al equipo de varones. Yoreli Rinc\u00f3n, jugadora del\nclub, denunci\u00f3 los planes de las autoridades del club y gener\u00f3 una oleada de\npresi\u00f3n en la opini\u00f3n p\u00fablica que oblig\u00f3 a los dirigentes a entregarle 2000\nd\u00f3lares a cada integrante del equipo femenino, entre jugadoras y cuerpo\nt\u00e9cnico.<\/p>\n\n\n\n<p class=\"wp-block-paragraph\">\u201cLa principal traba y la m\u00e1s fuerte es\nsiempre el machismo\u201d, dice Macarena S\u00e1nchez, delantera de San Lorenzo de\nAlmagro de Argentina. La delantera se convirti\u00f3 en uno de los estandartes de la\nprofesionalizaci\u00f3n del futbol femenil en la regi\u00f3n despu\u00e9s de denunciar las\nirregularidades en los contratos avalados por la Asociaci\u00f3n del F\u00fatbol\nArgentino (AFA). S\u00e1nchez considera que el machismo general de la sociedad se\namplifica en el mundo deportivo y se expresa con distintos argumentos.\nPrincipalmente el econ\u00f3mico.<\/p>\n\n\n\n<p class=\"wp-block-paragraph\">\u201cLa excusa que siempre surge cuando se trata\nla profesionalizaci\u00f3n de alguna disciplina femenina es que no vende\u201d, dice\nS\u00e1nchez. Sin embargo, desde su punto de vista, \u201cpara que una actividad sea\nrentable hay que invertir en ella. Ese es el primer paso\u201d.<\/p>\n\n\n\n<p class=\"wp-block-paragraph\">La asistencia a los partidos puede ser un\nindicador para quienes intentan evaluar el potencial del mercado. En 2018, por\nejemplo, M\u00e9xico tuvo el r\u00e9cord mundial de asistencia para un partido de clubes\nde futbol femenil, con 51.211 asistentes en la final entre Rayadas y Tigres en\n2018. La marca fue superada este a\u00f1o por el duelo femenil entre el Atl\u00e9tico de Madrid\ny el Barcelona, al que acudieron 60.739 espectadores.<\/p>\n\n\n\n<p class=\"wp-block-paragraph\">En el futbol de este siglo abundan las\nhistorias de los pases y compras espectaculares (Neymar pas\u00f3 del Barcelona al\nParis Saint-Germain por 222 millones de euros, mientras que la cl\u00e1usula de\nrescisi\u00f3n de Lionel Messi con el Bar\u00e7a asciende a 700 millones de euros), y los\nclubes est\u00e1n dispuestos a incurrir en deudas millonarias para hacerse de jugadores\ncuyo rendimiento no est\u00e1 garantizado. Pero se resisten a invertir lo m\u00ednimo en\nun proyecto femenil a largo plazo.<\/p>\n\n\n\n<p class=\"wp-block-paragraph\">Ni siquiera el talento probado y los\nresultados en la cancha garantizan la inversi\u00f3n en el futbol femenil. Marta,\nganadora seis veces del premio a mejor jugadora del mundo, tuvo que cambiar de\nequipo despu\u00e9s de ganar la Copa Libertadores cuando Santos de Brasil \u2014que fue\ninsignia con Pel\u00e9\u2014 elimin\u00f3 la rama femenil en 2012 para cubrir el gasto\ninsostenible del sueldo de Neymar en un \u00faltimo intento de retenerlo una\ntemporada m\u00e1s antes de que se marchara al Barcelona. El equipo femenil fue\nreinstalado tres a\u00f1os despu\u00e9s, pero era muy tarde para las jugadoras que\ntuvieron que emplearse en otro lado.<\/p>\n\n\n\n<p class=\"wp-block-paragraph\">Aunque obtuvo cierta atenci\u00f3n en 1971 cuando\nM\u00e9xico organiz\u00f3 un mundial no oficial, el futbol femenino latinoamericano era\nun lejano sat\u00e9lite en la galaxia del deporte: ni la prensa ni los aficionados\nal futbol ni las autoridades deportivas se hab\u00edan molestado en voltearlo a ver.\nDesde la creaci\u00f3n de la Copa Libertadores de Am\u00e9rica Femenil en 2009 la\nsituaci\u00f3n ha empezado a cambiar, pero S\u00e1nchez recuerda que hasta este a\u00f1o,\n\u201cning\u00fan dirigente se hab\u00eda acercado a hablar\u201d con ellas.<\/p>\n\n\n\n<p class=\"wp-block-paragraph\">La futbolista argentina, que tambi\u00e9n fue\ncampeona con UAI Urquiza, se\u00f1ala que las jugadoras reciben el mensaje de que no\ndeben ni pueden aspirar a m\u00e1s. \u201cSent\u00ed que para obtener derechos necesitaba\nesforzarme el triple y que no era suficiente lo que estaba haciendo como\njugadora de futbol y como mujer para obtener lo que yo merec\u00eda\u201d, dice.<\/p>\n\n\n\n<p class=\"wp-block-paragraph\">\u201cTe dicen: \u2018Ustedes tienen que mantener la\nhumildad y lo bueno va a venir despu\u00e9s\u2019\u201d, se\u00f1ala S\u00e1nchez, pero explica que la\nidea de no pedir m\u00e1s ni querer m\u00e1s \u201cte lleva a entrenar en la peor cancha\u201d y\neso se perpet\u00faa. \u201cDe tanto repetirlo te lo terminas creyendo.\u201d<\/p>\n\n\n\n<p class=\"wp-block-paragraph\">El futbol moderno es un negocio de escala\nglobal y son las marcas las que responden con mayor velocidad a las demandas de\nlas deportistas y al inter\u00e9s de los consumidores. Panini lanz\u00f3 su segunda\nedici\u00f3n de \u00e1lbum de estampas para un Mundial femenil este a\u00f1o, despu\u00e9s de una\npetici\u00f3n de aficionadas. Y Nike hizo por primera vez camisetas con dise\u00f1os\nexclusivos para las selecciones femeniles, como en el caso de Francia.<\/p>\n\n\n\n<p class=\"wp-block-paragraph\">Adem\u00e1s, y en parte por la insistencia de\njugadoras como S\u00e1nchez, las camisetas de la selecci\u00f3n de Argentina ya se venden\nen las tiendas con los apellidos de las jugadoras en la espalda de cara a la\nCopa del Mundo.<\/p>\n\n\n\n<p class=\"wp-block-paragraph\">Pero los obst\u00e1culos que deben superarse para\nel trato igualitario de jugadoras persisten. En Am\u00e9rica Latina, en donde las\nmujeres a\u00fan luchan por igualdad de derechos y trato ante la ley, as\u00ed como\ncondiciones laborales de paridad y dignidad, el deporte parecer\u00eda un \u00e1mbito\nmenos urgente.<\/p>\n\n\n\n<p class=\"wp-block-paragraph\">Sin embargo, los reclamos de las futbolistas\nrepresentan un horizonte profesional y de visibilizaci\u00f3n para miles de mujeres,\nen un rinc\u00f3n en el que el sistema imperante se resiste a los cambios.<\/p>\n\n\n\n<p class=\"wp-block-paragraph\">\u201cMe parece fundamental que el feminismo se\ninserte en el futbol y que el futbol le abra las puertas al feminismo\u201d, agrega\nS\u00e1nchez, quien ha reportado que recibi\u00f3 amenazas de muerte y violaci\u00f3n por sus\nreclamos. El cambio en las condiciones, seg\u00fan ella, vendr\u00e1 despu\u00e9s de\ndeshacerse del \u201cchip que hist\u00f3ricamente nos han puesto en la cabeza\u201d que hace\nque las jugadoras perpet\u00faen los estereotipos o, en palabras de S\u00e1nchez, sean\n\u201cm\u00e1s machistas que cualquier hombre\u201d.<\/p>\n\n\n\n<p class=\"wp-block-paragraph\">En el terreno de juego, la conquista de la\nigualdad puede ser a\u00fan lejana, pero gracias a las deportistas de esta\ngeneraci\u00f3n no solo las ni\u00f1as como Vanessa C\u00f3rdoba, que creci\u00f3 con el ejemplo\ncercano de un arquero campe\u00f3n como su pap\u00e1, pueden aspirar al futbol como una\ncarrera profesional en lugar de un pasatiempo. \u201cNuestra revoluci\u00f3n es elegir\nuna pelota sobre una mu\u00f1eca\u201d, dice S\u00e1nchez.<\/p>\n\n\n\n<p class=\"wp-block-paragraph\"><strong>MARION\nREIMERS<\/strong><\/p>\n","protected":false},"excerpt":{"rendered":"<p>Vanessa C\u00f3rdoba decidi\u00f3 que quer\u00eda ser futbolista a los 6 a\u00f1os. A esa edad vio a su padre, el arquero colombiano \u00d3scar C\u00f3rdoba, coronarse campe\u00f3n de la Copa Libertadores de 2001 con Boca Juniors, un momento ic\u00f3nico para los hinchas del equipo argentino. El a\u00f1o anterior, ella estaba presente cuando su padre fue nombrado el &hellip;<\/p>\n","protected":false},"author":1,"featured_media":34393,"comment_status":"open","ping_status":"open","sticky":false,"template":"","format":"standard","meta":{"footnotes":""},"categories":[4,28],"tags":[637,3671,3146],"class_list":["post-34392","post","type-post","status-publish","format-standard","has-post-thumbnail","hentry","category-barra","category-vistazo-deportivo","tag-fifa","tag-futbol-femenino","tag-nytimes"],"_links":{"self":[{"href":"https:\/\/contraluzcucuta.co\/index.php?rest_route=\/wp\/v2\/posts\/34392","targetHints":{"allow":["GET"]}}],"collection":[{"href":"https:\/\/contraluzcucuta.co\/index.php?rest_route=\/wp\/v2\/posts"}],"about":[{"href":"https:\/\/contraluzcucuta.co\/index.php?rest_route=\/wp\/v2\/types\/post"}],"author":[{"embeddable":true,"href":"https:\/\/contraluzcucuta.co\/index.php?rest_route=\/wp\/v2\/users\/1"}],"replies":[{"embeddable":true,"href":"https:\/\/contraluzcucuta.co\/index.php?rest_route=%2Fwp%2Fv2%2Fcomments&post=34392"}],"version-history":[{"count":1,"href":"https:\/\/contraluzcucuta.co\/index.php?rest_route=\/wp\/v2\/posts\/34392\/revisions"}],"predecessor-version":[{"id":34394,"href":"https:\/\/contraluzcucuta.co\/index.php?rest_route=\/wp\/v2\/posts\/34392\/revisions\/34394"}],"wp:featuredmedia":[{"embeddable":true,"href":"https:\/\/contraluzcucuta.co\/index.php?rest_route=\/wp\/v2\/media\/34393"}],"wp:attachment":[{"href":"https:\/\/contraluzcucuta.co\/index.php?rest_route=%2Fwp%2Fv2%2Fmedia&parent=34392"}],"wp:term":[{"taxonomy":"category","embeddable":true,"href":"https:\/\/contraluzcucuta.co\/index.php?rest_route=%2Fwp%2Fv2%2Fcategories&post=34392"},{"taxonomy":"post_tag","embeddable":true,"href":"https:\/\/contraluzcucuta.co\/index.php?rest_route=%2Fwp%2Fv2%2Ftags&post=34392"}],"curies":[{"name":"wp","href":"https:\/\/api.w.org\/{rel}","templated":true}]}}